{"id":296130,"date":"2025-08-04T16:34:10","date_gmt":"2025-08-04T16:34:10","guid":{"rendered":"https:\/\/www.europesays.com\/fr\/296130\/"},"modified":"2025-08-04T16:34:10","modified_gmt":"2025-08-04T16:34:10","slug":"un-etudiant-de-26-ans-photographie-un-pere-et-sa-fille-dans-une-cabine-avec-son-portable","status":"publish","type":"post","link":"https:\/\/www.europesays.com\/fr\/296130\/","title":{"rendered":"un \u00e9tudiant de 26 ans photographie un p\u00e8re et sa fille dans une cabine avec son portable"},"content":{"rendered":"<p>            Par<br \/>\n        <strong><br \/>\n            <a href=\"https:\/\/actu.fr\/auteur\/pierre-emile-bouchy-actu-fr\" title=\"Consulter tous les articles de Paul-Emile Bouchy\" rel=\"nofollow noopener\" target=\"_blank\">Paul-Emile Bouchy<\/a><br \/>\n        <\/strong><\/p>\n<p>        Publi\u00e9 le<\/p>\n<p>            4 ao\u00fbt 2025 \u00e0 17h40        <\/p>\n<p>Apr\u00e8s <a href=\"https:\/\/actu.fr\/grand-est\/nancy_54395\/nancy-thermal-deux-filles-de-13-ans-filmees-par-un-homme-alors-qu-elles-se-changeaient-elles-ont-hurle_62804634.html\" rel=\"nofollow noopener\" target=\"_blank\">deux filles de 13\u00a0ans qui avaient \u00e9t\u00e9 film\u00e9es par un homme<\/a> en juin dernier, des faits similaires ont \u00e0 nouveau eu lieu \u00e0 <a href=\"https:\/\/actu.fr\/tag\/nancy-thermal\" rel=\"nofollow noopener\" target=\"_blank\">Nancy Thermal<\/a> ce dimanche 3\u00a0ao\u00fbt 2025.<\/p>\n<p class=\" wall-content\">Vers 18h10, les agents de s\u00e9curit\u00e9 du complexe aquatique ont arr\u00eat\u00e9 <strong>un \u00e9tudiant de 26\u00a0ans qui photographiait avec son portable un p\u00e8re et sa fille <\/strong>qui se changeaient dans une cabine.<\/p>\n<p>Le suspect aurait photographi\u00e9 d\u2019autres hommes<\/p>\n<p class=\" wall-content\">Rapidement, la <a href=\"https:\/\/actu.fr\/tag\/police\" rel=\"nofollow noopener\" target=\"_blank\">police<\/a> intervient et emm\u00e8ne le suspect pour le placer en garde \u00e0 vue. Il reconnait les faits et indique qu\u2019<strong>il voulait photographier le p\u00e8re, \u00e2g\u00e9 de 36\u00a0ans, et non sa fille mineure<\/strong>.<\/p>\n<p class=\" wall-content\">D\u2019apr\u00e8s la police, l\u2019\u00e9tudiant aurait <strong>photographi\u00e9 d\u2019autres hommes dans les cabines<\/strong> avec son t\u00e9l\u00e9phone.<\/p>\n<p class=\" wall-content\">Il sera pr\u00e9sent\u00e9 ce mardi 5\u00a0ao\u00fbt \u00e0 9h en comparution sur reconnaissance pr\u00e9alable de culpabilit\u00e9.<\/p>\n<p class=\" wall-content\">Suivez toute l\u2019actualit\u00e9 de vos villes et m\u00e9dias favoris en vous inscrivant \u00e0 <a href=\"https:\/\/moncompte.actu.fr\" title=\"D\u00e9couvez Mon Actu\" rel=\"nofollow noopener\" data-trk=\"{&quot;cta&quot;:{&quot;action&quot;:&quot;https:\\\/\\\/moncompte.actu.fr&quot;,&quot;category&quot;:&quot;mon compte&quot;,&quot;from&quot;:&quot;article footer&quot;,&quot;name&quot;:&quot;Mon actu&quot;,&quot;type&quot;:&quot;cta&quot;}}\" target=\"_blank\">Mon Actu<\/a>.<\/p>\n","protected":false},"excerpt":{"rendered":"Par Paul-Emile Bouchy Publi\u00e9 le 4 ao\u00fbt 2025 \u00e0 17h40 Apr\u00e8s deux filles de 13\u00a0ans qui avaient \u00e9t\u00e9&hellip;\n","protected":false},"author":2,"featured_media":296131,"comment_status":"","ping_status":"","sticky":false,"template":"","format":"standard","meta":{"footnotes":""},"categories":[9635],"tags":[1111,11,1777,674,118,1011,27,775,1702,33033,12,1072,25],"class_list":{"0":"post-296130","1":"post","2":"type-post","3":"status-publish","4":"format-standard","5":"has-post-thumbnail","7":"category-nancy","8":"tag-actu","9":"tag-actualites","10":"tag-eu","11":"tag-europe","12":"tag-faits-divers","13":"tag-fr","14":"tag-france","15":"tag-grand-est","16":"tag-nancy","17":"tag-nancy-thermal","18":"tag-news","19":"tag-police","20":"tag-republique-francaise"},"share_on_mastodon":{"url":"https:\/\/pubeurope.com\/@fr\/114971467080010981","error":""},"_links":{"self":[{"href":"https:\/\/www.europesays.com\/fr\/wp-json\/wp\/v2\/posts\/296130","targetHints":{"allow":["GET"]}}],"collection":[{"href":"https:\/\/www.europesays.com\/fr\/wp-json\/wp\/v2\/posts"}],"about":[{"href":"https:\/\/www.europesays.com\/fr\/wp-json\/wp\/v2\/types\/post"}],"author":[{"embeddable":true,"href":"https:\/\/www.europesays.com\/fr\/wp-json\/wp\/v2\/users\/2"}],"replies":[{"embeddable":true,"href":"https:\/\/www.europesays.com\/fr\/wp-json\/wp\/v2\/comments?post=296130"}],"version-history":[{"count":0,"href":"https:\/\/www.europesays.com\/fr\/wp-json\/wp\/v2\/posts\/296130\/revisions"}],"wp:featuredmedia":[{"embeddable":true,"href":"https:\/\/www.europesays.com\/fr\/wp-json\/wp\/v2\/media\/296131"}],"wp:attachment":[{"href":"https:\/\/www.europesays.com\/fr\/wp-json\/wp\/v2\/media?parent=296130"}],"wp:term":[{"taxonomy":"category","embeddable":true,"href":"https:\/\/www.europesays.com\/fr\/wp-json\/wp\/v2\/categories?post=296130"},{"taxonomy":"post_tag","embeddable":true,"href":"https:\/\/www.europesays.com\/fr\/wp-json\/wp\/v2\/tags?post=296130"}],"curies":[{"name":"wp","href":"https:\/\/api.w.org\/{rel}","templated":true}]}}