{"id":296135,"date":"2025-08-04T16:38:17","date_gmt":"2025-08-04T16:38:17","guid":{"rendered":"https:\/\/www.europesays.com\/fr\/296135\/"},"modified":"2025-08-04T16:38:17","modified_gmt":"2025-08-04T16:38:17","slug":"une-boutique-bien-speciale-va-ouvrir-ses-portes-a-palavas-les-flots","status":"publish","type":"post","link":"https:\/\/www.europesays.com\/fr\/296135\/","title":{"rendered":"une boutique bien sp\u00e9ciale va ouvrir ses portes \u00e0 Palavas-les-Flots"},"content":{"rendered":"<p>            Par<br \/>\n        <strong><br \/>\n            <a href=\"https:\/\/actu.fr\/auteur\/r-coudert\" title=\"Consulter tous les articles de Rachel Coudert\" target=\"_blank\" rel=\"noopener\">Rachel Coudert<\/a><br \/>\n        <\/strong><\/p>\n<p>        Publi\u00e9 le<\/p>\n<p>            4 ao\u00fbt 2025 \u00e0 17h31<br \/>\n        ; mis \u00e0 jour le 4 ao\u00fbt 2025 \u00e0 17h35    <\/p>\n<p>Une boutique insolite s\u2019appr\u00eate \u00e0 ouvrir ses portes \u00e0 <strong>Palavas-les-Flots<\/strong>, du <strong>6 au 12 ao\u00fbt<\/strong>\u00a0: la <strong>Boutique Fiction<\/strong>. Con\u00e7ue par Instant Science, ce magasin propose en r\u00e9alit\u00e9 une <strong>exp\u00e9rience immersive in\u00e9dite<\/strong> : plonger dans une <strong>boutique du futur<\/strong>. Plus pr\u00e9cis\u00e9ment, c\u2019est un <strong>magasin de 2050<\/strong>, con\u00e7u comme une exposition, que les visiteurs seront amen\u00e9s \u00e0 d\u00e9couvrir. Ici, chaque personne peut y faire ses courses et concevoir son panier id\u00e9al, dans un futur boulevers\u00e9 par les changements climatiques.<\/p>\n<p>    <img   decoding=\"async\" loading=\"lazy\" src=\"https:\/\/www.europesays.com\/fr\/wp-content\/uploads\/2025\/08\/bf-24-06-2025-toulouse-13-960x640.jpg\" alt=\"En apparence, l'exposition ressemblerait presque \u00e0 s'y m\u00e9prendre \u00e0 un magasin...\" width=\"960\" height=\"640\"\/><br \/>\n    En apparence, l\u2019exposition ressemblerait presque \u00e0 s\u2019y m\u00e9prendre \u00e0 un magasin\u2026 (\u00a9Instant Science)<\/p>\n<p class=\" wall-content\">Situ\u00e9 au niveau de la <strong>Maison de la Mer<\/strong>, dans une semi-remorque transform\u00e9e, le lieu tend \u00e0 imaginer un futur collectif et r\u00e9silient, en proposant des inventions innovantes pour <strong>transformer nos modes de vie<\/strong>. L\u2019objectif ? Sensibiliser la population autrement aux questions du <strong>changement climatique<\/strong>, de la transition \u00e9cologique et de l\u2019innovation, tout en m\u00ealant rigueur scientifique et imagination.<\/p>\n<p>    <a href=\"https:\/\/www.google.com\/maps\/embed?pb=!1m18!1m12!1m3!1d23143.176146663176!2d3.90892017046746!3d43.52534017550591!2m3!1f0!2f0!3f0!3m2!1i1024!2i768!4f13.1!3m3!1m2!1s0x12b6bb73a00efc3f%3A0x66e27a68dea61f4f!2sMaison%20de%20la%20Mer!5e0!3m2!1sfr!2sfr!4v1754302799346!5m2!1sfr!2sfr\" title=\"Ouvrie le lien\" target=\"_blank\" rel=\"noopener\">Cliquez ici pour visualiser le contenu<\/a><\/p>\n<p>Une exposition interactive<\/p>\n<p class=\" wall-content\">Les visiteurs pourront ainsi d\u00e9couvrir une myriade d\u2019<strong>objets originaux<\/strong>, sur des th\u00e8mes concrets comme l\u2019<strong>alimentation<\/strong>, le <strong>transport<\/strong> ou la <strong>sant\u00e9 en 2050<\/strong> : des confiseries \u00e0 base d\u2019insectes, une carte de s\u00e9curit\u00e9 sociale alimentaire, un bracelet intelligent qui alerte en cas de surfr\u00e9quentation d\u2019un lieu\u2026 Apr\u00e8s avoir compos\u00e9 leur propre panier, comme dans n\u2019importe quelle boutique, le visiteur se voit alors attribuer un profil qui lui correspond : sobre, technologique, r\u00e9silient\u2026 Une mani\u00e8re ludique et originale de questionner nos choix d\u2019aujourd\u2019hui, tout en imaginant le futur de demain.<\/p>\n<p><strong>&gt;<\/strong> Cette initiative, port\u00e9e par Instant Science, coproduite avec la Communaut\u00e9 d\u2019universit\u00e9s et \u00e9tablissements de Toulouse, Carrefour des Sciences et des Arts, et Kimiyo, et soutenue par la r\u00e9gion, sera visible du 6 au 12 ao\u00fbt, de 10h \u00e0 12h30 et de 15h \u00e0 19h sur le parking de la Maison de la Mer de Palavas-les-Flots.<\/p>\n<p>Vid\u00e9os : en ce moment sur Actu<\/p>\n<p class=\" wall-content\">Suivez toute l\u2019actualit\u00e9 de vos villes et m\u00e9dias favoris en vous inscrivant \u00e0 <a href=\"https:\/\/moncompte.actu.fr\" title=\"D\u00e9couvez Mon Actu\" rel=\"nofollow noopener\" data-trk=\"{&quot;cta&quot;:{&quot;action&quot;:&quot;https:\\\/\\\/moncompte.actu.fr&quot;,&quot;category&quot;:&quot;mon compte&quot;,&quot;from&quot;:&quot;article footer&quot;,&quot;name&quot;:&quot;Mon actu&quot;,&quot;type&quot;:&quot;cta&quot;}}\" target=\"_blank\">Mon Actu<\/a>.<\/p>\n","protected":false},"excerpt":{"rendered":"Par Rachel Coudert Publi\u00e9 le 4 ao\u00fbt 2025 \u00e0 17h31 ; mis \u00e0 jour le 4 ao\u00fbt 2025&hellip;\n","protected":false},"author":2,"featured_media":296136,"comment_status":"","ping_status":"","sticky":false,"template":"","format":"standard","meta":{"footnotes":""},"categories":[9599],"tags":[1111,11,4734,1777,674,1349,1011,27,1652,2208,12,2680,25],"class_list":{"0":"post-296135","1":"post","2":"type-post","3":"status-publish","4":"format-standard","5":"has-post-thumbnail","7":"category-montpellier","8":"tag-actu","9":"tag-actualites","10":"tag-changement-climatique","11":"tag-eu","12":"tag-europe","13":"tag-expositions","14":"tag-fr","15":"tag-france","16":"tag-loisirs-culture","17":"tag-montpellier","18":"tag-news","19":"tag-occitanie","20":"tag-republique-francaise"},"share_on_mastodon":{"url":"https:\/\/pubeurope.com\/@fr\/114971482777081489","error":""},"_links":{"self":[{"href":"https:\/\/www.europesays.com\/fr\/wp-json\/wp\/v2\/posts\/296135","targetHints":{"allow":["GET"]}}],"collection":[{"href":"https:\/\/www.europesays.com\/fr\/wp-json\/wp\/v2\/posts"}],"about":[{"href":"https:\/\/www.europesays.com\/fr\/wp-json\/wp\/v2\/types\/post"}],"author":[{"embeddable":true,"href":"https:\/\/www.europesays.com\/fr\/wp-json\/wp\/v2\/users\/2"}],"replies":[{"embeddable":true,"href":"https:\/\/www.europesays.com\/fr\/wp-json\/wp\/v2\/comments?post=296135"}],"version-history":[{"count":0,"href":"https:\/\/www.europesays.com\/fr\/wp-json\/wp\/v2\/posts\/296135\/revisions"}],"wp:featuredmedia":[{"embeddable":true,"href":"https:\/\/www.europesays.com\/fr\/wp-json\/wp\/v2\/media\/296136"}],"wp:attachment":[{"href":"https:\/\/www.europesays.com\/fr\/wp-json\/wp\/v2\/media?parent=296135"}],"wp:term":[{"taxonomy":"category","embeddable":true,"href":"https:\/\/www.europesays.com\/fr\/wp-json\/wp\/v2\/categories?post=296135"},{"taxonomy":"post_tag","embeddable":true,"href":"https:\/\/www.europesays.com\/fr\/wp-json\/wp\/v2\/tags?post=296135"}],"curies":[{"name":"wp","href":"https:\/\/api.w.org\/{rel}","templated":true}]}}