{"id":296139,"date":"2025-08-04T16:40:46","date_gmt":"2025-08-04T16:40:46","guid":{"rendered":"https:\/\/www.europesays.com\/fr\/296139\/"},"modified":"2025-08-04T16:40:46","modified_gmt":"2025-08-04T16:40:46","slug":"le-petit-quevilly-deux-bebes-hospitalises","status":"publish","type":"post","link":"https:\/\/www.europesays.com\/fr\/296139\/","title":{"rendered":"Le Petit-Quevilly\u00a0: deux b\u00e9b\u00e9s hospitalis\u00e9s"},"content":{"rendered":"\n<p style=\"text-align: left;\" align=\"justify\"><strong>Un fort d\u00e9gagement de fum\u00e9e dans un appartement <\/strong>situ\u00e9 au deuxi\u00e8me \u00e9tage d&rsquo;un immeuble a n\u00e9cessit\u00e9 l&rsquo;intervention des pompiers, ce mardi 29 juillet, au Petit-Quevilly, rue Martial-Spinneweber. Des aliments rest\u00e9s dans un four semblent \u00eatre \u00e0 l&rsquo;origine de l&rsquo;alerte, donn\u00e9e vers 13h45.<\/p>\n<p><strong>Deux b\u00e9b\u00e9s conduits au CHU de Rouen<\/strong><\/p>\n<p style=\"text-align: left;\" align=\"justify\"><strong>Deux enfants en bas \u00e2ge, de quatre mois et un an, ont \u00e9t\u00e9 pris en charge \u00e0 l&rsquo;arriv\u00e9e des secours<\/strong>, et transport\u00e9s au service p\u00e9diatrie du CHU de Rouen, sans que leur pronostic vital ne soit engag\u00e9. Plusieurs personnes ont d\u00fb \u00e9vacuer leur appartement le temps des op\u00e9rations de reconnaissance et de ventilation, qui ont mobilis\u00e9 jusqu&rsquo;\u00e0 dix pompiers.<\/p>\n","protected":false},"excerpt":{"rendered":"Un fort d\u00e9gagement de fum\u00e9e dans un appartement situ\u00e9 au deuxi\u00e8me \u00e9tage d&rsquo;un immeuble a n\u00e9cessit\u00e9 l&rsquo;intervention des&hellip;\n","protected":false},"author":2,"featured_media":296140,"comment_status":"","ping_status":"","sticky":false,"template":"","format":"standard","meta":{"footnotes":""},"categories":[9587],"tags":[30445,1111,11,43615,1777,674,1011,27,43617,43618,43613,27550,22461,12,5161,24115,1311,43614,25,9590,43616,5163],"class_list":{"0":"post-296139","1":"post","2":"type-post","3":"status-publish","4":"format-standard","5":"has-post-thumbnail","7":"category-rouen","8":"tag-accident-domestique","9":"tag-actu","10":"tag-actualites","11":"tag-enfants-hospitalises","12":"tag-eu","13":"tag-europe","14":"tag-fr","15":"tag-france","16":"tag-fumee-immeuble","17":"tag-fumee-immeuble-petit-quevilly","18":"tag-fumee-petit-quevilly","19":"tag-infos-76","20":"tag-infos-rouen","21":"tag-news","22":"tag-normandie","23":"tag-petit-quevilly","24":"tag-pompiers","25":"tag-pompiers-petit-quevilly","26":"tag-republique-francaise","27":"tag-rouen","28":"tag-sdis-76","29":"tag-seine-maritime"},"share_on_mastodon":{"url":"https:\/\/pubeurope.com\/@fr\/114971494566885882","error":""},"_links":{"self":[{"href":"https:\/\/www.europesays.com\/fr\/wp-json\/wp\/v2\/posts\/296139","targetHints":{"allow":["GET"]}}],"collection":[{"href":"https:\/\/www.europesays.com\/fr\/wp-json\/wp\/v2\/posts"}],"about":[{"href":"https:\/\/www.europesays.com\/fr\/wp-json\/wp\/v2\/types\/post"}],"author":[{"embeddable":true,"href":"https:\/\/www.europesays.com\/fr\/wp-json\/wp\/v2\/users\/2"}],"replies":[{"embeddable":true,"href":"https:\/\/www.europesays.com\/fr\/wp-json\/wp\/v2\/comments?post=296139"}],"version-history":[{"count":0,"href":"https:\/\/www.europesays.com\/fr\/wp-json\/wp\/v2\/posts\/296139\/revisions"}],"wp:featuredmedia":[{"embeddable":true,"href":"https:\/\/www.europesays.com\/fr\/wp-json\/wp\/v2\/media\/296140"}],"wp:attachment":[{"href":"https:\/\/www.europesays.com\/fr\/wp-json\/wp\/v2\/media?parent=296139"}],"wp:term":[{"taxonomy":"category","embeddable":true,"href":"https:\/\/www.europesays.com\/fr\/wp-json\/wp\/v2\/categories?post=296139"},{"taxonomy":"post_tag","embeddable":true,"href":"https:\/\/www.europesays.com\/fr\/wp-json\/wp\/v2\/tags?post=296139"}],"curies":[{"name":"wp","href":"https:\/\/api.w.org\/{rel}","templated":true}]}}