{"id":296150,"date":"2025-08-04T16:46:21","date_gmt":"2025-08-04T16:46:21","guid":{"rendered":"https:\/\/www.europesays.com\/fr\/296150\/"},"modified":"2025-08-04T16:46:21","modified_gmt":"2025-08-04T16:46:21","slug":"chaque-jeudi-un-bar-strasbourgeois-organise-une-soiree-legendaire","status":"publish","type":"post","link":"https:\/\/www.europesays.com\/fr\/296150\/","title":{"rendered":"chaque jeudi, un bar strasbourgeois organise une soir\u00e9e \u00ab l\u00e9gendaire \u00bb"},"content":{"rendered":"<p class=\"p1\"><strong>\u00c0 Strasbourg, depuis le lancement de la saison All Stars de Drag Race France, le bar Le Petit Tigre accueille chaque jeudi une soir\u00e9e de projection gratuite, anim\u00e9e par des drag queens locales. Le but : cr\u00e9er un moment festif, collectif et accessible \u00e0 toutes et tous autour de la culture drag. Immersion.\u00a0<\/strong><\/p>\n<p class=\"p1\">\u00ab Les ann\u00e9es pr\u00e9c\u00e9dentes, il y avait peu de viewing parties \u00e0 Strasbourg. <strong>On a voulu rassembler les gens autour de cette nouvelle saison \u00bb<\/strong>, raconte la drag queen <a href=\"https:\/\/www.instagram.com\/itsdoublequeer\/?hl=fr\" target=\"_blank\" rel=\"noopener\">Double Queer<\/a>.<\/p>\n<\/p>\n<p>Aux c\u00f4t\u00e9s de <a href=\"https:\/\/www.instagram.com\/pretty.acedy\/?hl=fr\" target=\"_blank\" rel=\"noopener\">Pretty Acedy<\/a> et de <a href=\"https:\/\/www.instagram.com\/scolopendrag\/?hl=fr\" target=\"_blank\" rel=\"noopener\">Scolopendra<\/a>, la house <a href=\"https:\/\/www.instagram.com\/lagendercollision\/?hl=fr\" target=\"_blank\" rel=\"noopener\">Gender Collision<\/a> a lanc\u00e9 ce rendez-vous hebdomadaire gratuit pour cr\u00e9er un <strong>moment collectif, festif et ouvert<\/strong>, o\u00f9 l\u2019\u00e9mission se vit autant qu\u2019elle se regarde.<\/p>\n<p>Surtout que <strong>la saison All Stars propose un show cinq \u00e9toiles<\/strong>, avec des drag queens issues des trois saisons pr\u00e9c\u00e9dentes de Drag Race France et\u00a0qui n\u2019ont pas gagn\u00e9 la comp\u00e9tition. Au programme de l\u2019\u00e9mission : des tenues l\u00e9gendaires, de l\u2019humour, des imitations et des messages importants.<\/p>\n<p>                <img width=\"667\" height=\"500\" src=\"https:\/\/www.europesays.com\/fr\/wp-content\/uploads\/2025\/08\/img-4903-resized-667x500.png\" class=\"attachment-gallery size-gallery\" alt=\"Drag Race, Petit Tigre Double Queer + Pretty Acedy + Scolopendra + Gender Collision\" data-full-url=\"https:\/\/pokaa.fr\/wp-content\/uploads\/2025\/08\/01\/img-4903-resized.png\" decoding=\"async\" loading=\"lazy\"  \/>            <\/p>\n<p>                <img width=\"667\" height=\"500\" src=\"https:\/\/www.europesays.com\/fr\/wp-content\/uploads\/2025\/08\/img-4986-resized-667x500.png\" class=\"attachment-gallery size-gallery\" alt=\"Drag Race, Petit Tigre Double Queer\" data-full-url=\"https:\/\/pokaa.fr\/wp-content\/uploads\/2025\/08\/01\/img-4986-resized.png\" decoding=\"async\" loading=\"lazy\"  \/>            <\/p>\n<p>                    \u00a9 Romain Fournier \/ Pokaa<\/p>\n<p class=\"p1\">\u00ab Chaque jeudi, au-del\u00e0 de l\u2019\u00e9pisode, <strong>on rassemble aussi des gens qui, d\u2019habitude, sont peut-\u00eatre un peu \u00e9loign\u00e9s du drag.<\/strong> Je trouve que \u00e7a ouvre quelque chose, par rapport au show de drag en g\u00e9n\u00e9ral \u00bb, ajoute Pretty Acedy.<\/p>\n<p class=\"p1\">Jusque-l\u00e0, les soir\u00e9es m\u00ealant diffusion de Drag Race et performances drag restaient peu fr\u00e9quentes \u00e0 Strasbourg. <b>L\u2019id\u00e9e est donc simple : rassembler le public autour de l\u2019\u00e9mission et faire vivre la sc\u00e8ne drag locale.<\/b> Ouvert \u00e0 toutes et tous, l\u2019\u00e9v\u00e9nement attire un public vari\u00e9, entre fans de la premi\u00e8re heure et personnes curieuses venues d\u00e9couvrir l\u2019univers du drag.<\/p>\n<p>    <img width=\"800\" height=\"564\" src=\"https:\/\/www.europesays.com\/fr\/wp-content\/uploads\/2025\/08\/img-5089-resized-800x564.jpg\" class=\"attachment-image-size-L size-image-size-L\" alt=\"Drag Race, Petit Tigre Scolopendra\" decoding=\"async\" loading=\"lazy\"  \/>         \u00a9 Romain Fournier \/ Pokaa <\/p>\n<p>\u00ab Drag Race France \u00bb sur \u00e9cran, performances en direct <\/p>\n<p><strong>\u00ab Ces soir\u00e9es permettent aussi aux drag queens locales de profiter d\u2019un public plus large \u00bb,<\/strong> explique Pretty Acedy. Avant le d\u00e9but de l\u2019\u00e9pisode, les trois drag queens accueillent les personnes pr\u00e9sentes, assurent des performances sur sc\u00e8ne et animent la soir\u00e9e, cr\u00e9ant un lien direct avec les Strasbourgeois(es).<\/p>\n<p class=\"p1\">Apr\u00e8s une heure de show, le caveau du Petit Tigre est plein, les cocktails pos\u00e9s sur les tables, et le nouvel \u00e9pisode de Drag Race France peut commencer. <strong>L\u2019ambiance est festive : la salle r\u00e9agit au d\u00e9fil\u00e9, commente les looks et s\u2019ambiance sur chaque lip-sync.\u00a0<\/strong><\/p>\n<p>                <img width=\"667\" height=\"500\" src=\"https:\/\/www.europesays.com\/fr\/wp-content\/uploads\/2025\/08\/img-5025-resized-667x500.png\" class=\"attachment-gallery size-gallery\" alt=\"Drag Race, Petit Tigre\" data-full-url=\"https:\/\/pokaa.fr\/wp-content\/uploads\/2025\/08\/01\/img-5025-resized.png\" decoding=\"async\" loading=\"lazy\"  \/>            <\/p>\n<p>                <img width=\"667\" height=\"500\" src=\"https:\/\/www.europesays.com\/fr\/wp-content\/uploads\/2025\/08\/img-4917-resized-667x500.png\" class=\"attachment-gallery size-gallery\" alt=\"Drag Race, Petit Tigre Pretty Acedy\" data-full-url=\"https:\/\/pokaa.fr\/wp-content\/uploads\/2025\/08\/01\/img-4917-resized.png\" decoding=\"async\" loading=\"lazy\"  \/>            <\/p>\n<p>                    \u00a9 Romain Fournier \/ Pokaa<\/p>\n<p class=\"p1\">Le public est compos\u00e9 d\u2019habitu\u00e9(e)s, mais aussi de personnes curieuses venues d\u00e9couvrir la soir\u00e9e, comme Anne Laure et sa fille. \u00ab <strong><strong>J<\/strong>\u2019ai d\u00e9cid\u00e9 d\u2019amener ma fille pour d\u00e9couvrir cette soir\u00e9e. Je me suis dit que \u00e7a pourrait l\u2019int\u00e9resser, ouvrir son esprit \u00bb,<\/strong> explique-t-elle.<\/p>\n<p>Le nouveau rendez-vous incontournable queer strasbourgeois<\/p>\n<p><strong>\u00ab \u00c7a fait du bien d\u2019avoir d\u2019autres safe places comme celle-ci \u00e0 Strasbourg \u00bb,<\/strong> raconte Julie, venue avec ses ami(e)s assister \u00e0 la soir\u00e9e.<\/p>\n<p>Si, contrairement au Canap\u00e9 Queer, le Petit Tigre n\u2019est pas un bar LGBTQIA+, <strong>ces soir\u00e9es cr\u00e9ent un espace s\u00fbr, le temps d\u2019un soir<\/strong>. \u00c0 l\u2019instar des \u00e9v\u00e9nements de ce type organis\u00e9s au Caf\u00e9 Grognon, \u00e0 The People ou encore \u00e0 L\u2019Or\u00e9e 85.<\/p>\n<p>                <img width=\"667\" height=\"500\" src=\"https:\/\/www.europesays.com\/fr\/wp-content\/uploads\/2025\/08\/img-5003-resized-667x500.png\" class=\"attachment-gallery size-gallery\" alt=\"Drag Race, Petit Tigre\" data-full-url=\"https:\/\/pokaa.fr\/wp-content\/uploads\/2025\/08\/01\/img-5003-resized.png\" decoding=\"async\" loading=\"lazy\"  \/>            <\/p>\n<p>                <img width=\"667\" height=\"500\" src=\"https:\/\/www.europesays.com\/fr\/wp-content\/uploads\/2025\/08\/img-4905-resized-667x500.png\" class=\"attachment-gallery size-gallery\" alt=\"Drag Race, Petit Tigre\" data-full-url=\"https:\/\/pokaa.fr\/wp-content\/uploads\/2025\/08\/01\/img-4905-resized.png\" decoding=\"async\" loading=\"lazy\"  \/>            <\/p>\n<p>                    \u00a9 Romain Fournier \/ Pokaa<\/p>\n<p>Dans une ville o\u00f9 les lieux LGBTQIA+ restent peu nombreux, <strong>ces rendez-vous hebdomadaires offrent un cadre accessible et r\u00e9gulier pour se retrouver, d\u00e9couvrir l\u2019univers du drag et partager un moment collectif.<\/strong><\/p>\n<p>Et si les soir\u00e9es du jeudi ne font que commencer, la house Gender Collision pense d\u00e9j\u00e0 \u00e0 la finale. Selon Double Queer, <b>des invit\u00e9(e)s surprises pourraient bien \u00eatre de la partie pour cl\u00f4turer cette saison All Stars de Drag Race France.\u00a0<\/b>D\u2019ici-l\u00e0, vous pouvez aussi suivre l\u2019\u00e9mission depuis chez vous, <a href=\"https:\/\/www.france.tv\/france-2\/drag-race-france\/\" target=\"_blank\" rel=\"noopener\">sur France TV<\/a> !\u00a0<\/p>\n<p>            \u00ab Drag Race France \u00bb viewing partiy<\/p>\n<p>            Quoi ? <\/p>\n<p class=\"p1\">Soir\u00e9e hebdomadaire m\u00ealant projection d\u2019un \u00e9pisode de Drag Race France All Stars et performances drag en direct.<\/p>\n<p>                Quand ?<\/p>\n<p class=\"p1\">Chaque jeudi soir, \u00e0 20h<\/p>\n<p>            o\u00f9 ?<\/p>\n<p>Au bar Le Petit Tigre<\/p>\n<p>                Plus d&rsquo;infos ?<\/p>\n<p><a href=\"https:\/\/www.instagram.com\/bar_letigre\/?hl=fr\" target=\"_blank\" rel=\"noopener\">Le compte Instagram du bar<\/a><br \/><a href=\"https:\/\/www.instagram.com\/lagendercollision\/?hl=fr\" target=\"_blank\" rel=\"noopener\">Le compte Instagram de la house Gender Collision<\/a><br \/><a href=\"https:\/\/www.instagram.com\/p\/DMIlmfqIKyI\/?hl=fr\" target=\"_blank\" rel=\"noopener\">Plus d\u2019informations sur la soir\u00e9e<\/a><\/p>\n<p><script async src=\"\/\/www.instagram.com\/embed.js\"><\/script><\/p>\n","protected":false},"excerpt":{"rendered":"\u00c0 Strasbourg, depuis le lancement de la saison All Stars de Drag Race France, le bar Le Petit&hellip;\n","protected":false},"author":2,"featured_media":296151,"comment_status":"","ping_status":"","sticky":false,"template":"","format":"standard","meta":{"footnotes":""},"categories":[2820],"tags":[1111,11,15347,26643,1777,674,1011,27,775,43619,12,25,640],"class_list":{"0":"post-296150","1":"post","2":"type-post","3":"status-publish","4":"format-standard","5":"has-post-thumbnail","7":"category-strasbourg","8":"tag-actu","9":"tag-actualites","10":"tag-drag-queen","11":"tag-drag-race-france","12":"tag-eu","13":"tag-europe","14":"tag-fr","15":"tag-france","16":"tag-grand-est","17":"tag-le-petit-tigre","18":"tag-news","19":"tag-republique-francaise","20":"tag-strasbourg"},"share_on_mastodon":{"url":"https:\/\/pubeurope.com\/@fr\/114971514539621684","error":""},"_links":{"self":[{"href":"https:\/\/www.europesays.com\/fr\/wp-json\/wp\/v2\/posts\/296150","targetHints":{"allow":["GET"]}}],"collection":[{"href":"https:\/\/www.europesays.com\/fr\/wp-json\/wp\/v2\/posts"}],"about":[{"href":"https:\/\/www.europesays.com\/fr\/wp-json\/wp\/v2\/types\/post"}],"author":[{"embeddable":true,"href":"https:\/\/www.europesays.com\/fr\/wp-json\/wp\/v2\/users\/2"}],"replies":[{"embeddable":true,"href":"https:\/\/www.europesays.com\/fr\/wp-json\/wp\/v2\/comments?post=296150"}],"version-history":[{"count":0,"href":"https:\/\/www.europesays.com\/fr\/wp-json\/wp\/v2\/posts\/296150\/revisions"}],"wp:featuredmedia":[{"embeddable":true,"href":"https:\/\/www.europesays.com\/fr\/wp-json\/wp\/v2\/media\/296151"}],"wp:attachment":[{"href":"https:\/\/www.europesays.com\/fr\/wp-json\/wp\/v2\/media?parent=296150"}],"wp:term":[{"taxonomy":"category","embeddable":true,"href":"https:\/\/www.europesays.com\/fr\/wp-json\/wp\/v2\/categories?post=296150"},{"taxonomy":"post_tag","embeddable":true,"href":"https:\/\/www.europesays.com\/fr\/wp-json\/wp\/v2\/tags?post=296150"}],"curies":[{"name":"wp","href":"https:\/\/api.w.org\/{rel}","templated":true}]}}