{"id":296176,"date":"2025-08-04T17:00:14","date_gmt":"2025-08-04T17:00:14","guid":{"rendered":"https:\/\/www.europesays.com\/fr\/296176\/"},"modified":"2025-08-04T17:00:14","modified_gmt":"2025-08-04T17:00:14","slug":"un-sdf-en-situation-irreguliere-blesse-dun-coup-de-couteau-lors-dune-bagarre","status":"publish","type":"post","link":"https:\/\/www.europesays.com\/fr\/296176\/","title":{"rendered":"un SDF en situation irr\u00e9guli\u00e8re bless\u00e9 d&rsquo;un coup de couteau lors d&rsquo;une bagarre"},"content":{"rendered":"<p itemprop=\"description\"><strong>La bagarre a eu lieu dans la nuit de dimanche \u00e0 lundi.<\/strong><\/p>\n<p>Vers 1h du matin, plusieurs individus en sont venus violemment aux mains sur le parking de la Rotonde, le long du boulevard L\u00e9nine \u00e0 V\u00e9nissieux.<\/p>\n<p>Dans des circonstances encore floues, un SDF de nationalit\u00e9 alg\u00e9rienne et en situation irr\u00e9guli\u00e8re en France a \u00e9t\u00e9 poignard\u00e9 dans le dos, mais aussi pass\u00e9 \u00e0 tabac.<\/p>\n<p>C&rsquo;est dans un \u00e9tat grave que la victime a \u00e9t\u00e9 d\u00e9couverte par les secours. Elle a \u00e9t\u00e9 hospitalis\u00e9e, ses jours ne sont pas en danger.<\/p>\n<p>Une enqu\u00eate a \u00e9t\u00e9 ouverte pour retrouver son ou ses agresseurs. Ce secteur \u00e0 V\u00e9nissieux est g\u00e9n\u00e9ralement le th\u00e9\u00e2tre de rixes entre clandestins, sur fond d&rsquo;alcool ou de stup\u00e9fiants.<\/p>\n","protected":false},"excerpt":{"rendered":"La bagarre a eu lieu dans la nuit de dimanche \u00e0 lundi. Vers 1h du matin, plusieurs individus&hellip;\n","protected":false},"author":2,"featured_media":296177,"comment_status":"","ping_status":"","sticky":false,"template":"","format":"standard","meta":{"footnotes":""},"categories":[1889],"tags":[1111,11,2813,2190,2430,1109,251,1112,2811,1777,674,118,1011,27,1922,1110,1114,2428,2810,12,241,316,25,2812,517,800],"class_list":{"0":"post-296176","1":"post","2":"type-post","3":"status-publish","4":"format-standard","5":"has-post-thumbnail","7":"category-lyon","8":"tag-actu","9":"tag-actualites","10":"tag-article","11":"tag-asvel","12":"tag-auvergne-rhone-alpes","13":"tag-breves","14":"tag-culture","15":"tag-depeches","16":"tag-economique","17":"tag-eu","18":"tag-europe","19":"tag-faits-divers","20":"tag-fr","21":"tag-france","22":"tag-info","23":"tag-informations","24":"tag-infos","25":"tag-lyon","26":"tag-lyonmag","27":"tag-news","28":"tag-ol","29":"tag-politique","30":"tag-republique-francaise","31":"tag-sociale","32":"tag-sport","33":"tag-transports"},"share_on_mastodon":{"url":"https:\/\/pubeurope.com\/@fr\/114971569220593105","error":""},"_links":{"self":[{"href":"https:\/\/www.europesays.com\/fr\/wp-json\/wp\/v2\/posts\/296176","targetHints":{"allow":["GET"]}}],"collection":[{"href":"https:\/\/www.europesays.com\/fr\/wp-json\/wp\/v2\/posts"}],"about":[{"href":"https:\/\/www.europesays.com\/fr\/wp-json\/wp\/v2\/types\/post"}],"author":[{"embeddable":true,"href":"https:\/\/www.europesays.com\/fr\/wp-json\/wp\/v2\/users\/2"}],"replies":[{"embeddable":true,"href":"https:\/\/www.europesays.com\/fr\/wp-json\/wp\/v2\/comments?post=296176"}],"version-history":[{"count":0,"href":"https:\/\/www.europesays.com\/fr\/wp-json\/wp\/v2\/posts\/296176\/revisions"}],"wp:featuredmedia":[{"embeddable":true,"href":"https:\/\/www.europesays.com\/fr\/wp-json\/wp\/v2\/media\/296177"}],"wp:attachment":[{"href":"https:\/\/www.europesays.com\/fr\/wp-json\/wp\/v2\/media?parent=296176"}],"wp:term":[{"taxonomy":"category","embeddable":true,"href":"https:\/\/www.europesays.com\/fr\/wp-json\/wp\/v2\/categories?post=296176"},{"taxonomy":"post_tag","embeddable":true,"href":"https:\/\/www.europesays.com\/fr\/wp-json\/wp\/v2\/tags?post=296176"}],"curies":[{"name":"wp","href":"https:\/\/api.w.org\/{rel}","templated":true}]}}