{"id":296189,"date":"2025-08-04T17:08:16","date_gmt":"2025-08-04T17:08:16","guid":{"rendered":"https:\/\/www.europesays.com\/fr\/296189\/"},"modified":"2025-08-04T17:08:16","modified_gmt":"2025-08-04T17:08:16","slug":"lotan-renforce-sa-presence-pres-des-cotes-arctiques-russes","status":"publish","type":"post","link":"https:\/\/www.europesays.com\/fr\/296189\/","title":{"rendered":"L\u2019OTAN renforce sa pr\u00e9sence pr\u00e8s des c\u00f4tes arctiques russes"},"content":{"rendered":"<p><strong>Quatre pays membres de l\u2019OTAN \u2014 les Pays-Bas, la Norv\u00e8ge, le Portugal et l\u2019Allemagne \u2014 ont r\u00e9cemment men\u00e9 des exercices navals conjoints dans le Grand Nord, notamment au large des c\u00f4tes septentrionales de la Norv\u00e8ge, <a href=\"https:\/\/x.com\/NATO_MARCOM\/status\/1952323760343671122\" target=\"_blank\" rel=\"noopener nofollow\">a annonc\u00e9<\/a> le Commandement maritime alli\u00e9 (MARCOM) de l\u2019Alliance lundi 4 ao\u00fbt sur les r\u00e9seaux sociaux.<\/strong><\/p>\n<p>Des navires n\u00e9erlandais, norv\u00e9giens, portugais et allemands ont particip\u00e9 \u00e0 des man\u0153uvres au large de la c\u00f4te nord de la Norv\u00e8ge et dans le Grand Nord, dans le but de \u00ab\u2009d\u00e9montrer la capacit\u00e9 de l\u2019Alliance \u00e0 travailler ensemble\u2009\u00bb, selon le Commandement maritime de l\u2019OTAN.<\/p>\n<p>Ces exercices s\u2019inscrivent dans le cadre d\u2019un d\u00e9ploiement plus large annonc\u00e9 la semaine derni\u00e8re dans un contexte de tensions croissantes entre l\u2019Alliance et la Russie.<\/p>\n<p>L\u2019op\u00e9ration vise \u00e9galement \u00e0 s\u00e9curiser les voies maritimes et \u00e0 surveiller l\u2019activit\u00e9 sous-marine dans la r\u00e9gion arctique, une zone strat\u00e9gique qui abrite des infrastructures critiques, notamment des c\u00e2bles sous-marins reliant l\u2019Europe continentale \u00e0 l\u2019archipel norv\u00e9gien du Svalbard.<\/p>\n<p>Si l\u2019OTAN surveille r\u00e9guli\u00e8rement les eaux au nord de l\u2019Europe, elle intensifie p\u00e9riodiquement sa surveillance et ses exercices dans la r\u00e9gion.<\/p>\n<p>L\u2019objectif est \u00ab\u2009d\u2019am\u00e9liorer la compr\u00e9hension de l\u2019Alliance en mati\u00e8re d\u2019environnement maritime, de renforcer le partage d\u2019informations et de s\u2019entra\u00eener \u00e0 des man\u0153uvres de navigation\u2009\u00bb, a confi\u00e9 le commandant Arlo Abrahamson, porte-parole du Commandement maritime alli\u00e9, \u00e0 Euractiv.<\/p>\n<p>Ce d\u00e9ploiement est intervenu juste avant que le pr\u00e9sident am\u00e9ricain Donald Trump ordonne <a href=\"https:\/\/www.euractiv.com\/section\/politics\/news\/trump-deploys-nuclear-submarines-in-row-with-russia\/\" target=\"_blank\" rel=\"noopener nofollow\">le d\u00e9ploiement<\/a> de deux sous-marins nucl\u00e9aires la semaine derni\u00e8re, ce qui a \u00e9t\u00e9 qualifi\u00e9 d\u2019escalade extraordinaire dans les relations avec Moscou. L\u2019on ignore encore si ces sous-marins sont \u00e0 propulsion nucl\u00e9aire ou \u00e9quip\u00e9s d\u2019armes nucl\u00e9aires, ni o\u00f9 ils ont \u00e9t\u00e9 envoy\u00e9s.<\/p>\n<p>Plus t\u00f4t cette ann\u00e9e, d\u2019autres op\u00e9rations <a href=\"https:\/\/www.euractiv.fr\/section\/defence\/news\/sabotages-en-mer-baltique-lotan-lance-une-nouvelle-operation\/\" target=\"_blank\" rel=\"noopener nofollow\">men\u00e9es<\/a> par des membres de l\u2019OTAN, notamment dans la mer Baltique avec des drones, avaient d\u00e9j\u00e0 illustr\u00e9 une vigilance accrue de l\u2019Alliance sur les infrastructures critiques dans les zones maritimes nordiques, alors que les incidents visant les c\u00e2bles sous-marins se multiplient.<\/p>\n","protected":false},"excerpt":{"rendered":"Quatre pays membres de l\u2019OTAN \u2014 les Pays-Bas, la Norv\u00e8ge, le Portugal et l\u2019Allemagne \u2014 ont r\u00e9cemment men\u00e9&hellip;\n","protected":false},"author":2,"featured_media":296190,"comment_status":"","ping_status":"","sticky":false,"template":"","format":"standard","meta":{"footnotes":""},"categories":[1591],"tags":[11,1887,12,1885,1886,132],"class_list":{"0":"post-296189","1":"post","2":"type-post","3":"status-publish","4":"format-standard","5":"has-post-thumbnail","7":"category-russie","8":"tag-actualites","9":"tag-federation-de-russie","10":"tag-news","11":"tag-russia","12":"tag-russian-federation","13":"tag-russie"},"share_on_mastodon":{"url":"https:\/\/pubeurope.com\/@fr\/114971600755455953","error":""},"_links":{"self":[{"href":"https:\/\/www.europesays.com\/fr\/wp-json\/wp\/v2\/posts\/296189","targetHints":{"allow":["GET"]}}],"collection":[{"href":"https:\/\/www.europesays.com\/fr\/wp-json\/wp\/v2\/posts"}],"about":[{"href":"https:\/\/www.europesays.com\/fr\/wp-json\/wp\/v2\/types\/post"}],"author":[{"embeddable":true,"href":"https:\/\/www.europesays.com\/fr\/wp-json\/wp\/v2\/users\/2"}],"replies":[{"embeddable":true,"href":"https:\/\/www.europesays.com\/fr\/wp-json\/wp\/v2\/comments?post=296189"}],"version-history":[{"count":0,"href":"https:\/\/www.europesays.com\/fr\/wp-json\/wp\/v2\/posts\/296189\/revisions"}],"wp:featuredmedia":[{"embeddable":true,"href":"https:\/\/www.europesays.com\/fr\/wp-json\/wp\/v2\/media\/296190"}],"wp:attachment":[{"href":"https:\/\/www.europesays.com\/fr\/wp-json\/wp\/v2\/media?parent=296189"}],"wp:term":[{"taxonomy":"category","embeddable":true,"href":"https:\/\/www.europesays.com\/fr\/wp-json\/wp\/v2\/categories?post=296189"},{"taxonomy":"post_tag","embeddable":true,"href":"https:\/\/www.europesays.com\/fr\/wp-json\/wp\/v2\/tags?post=296189"}],"curies":[{"name":"wp","href":"https:\/\/api.w.org\/{rel}","templated":true}]}}