{"id":296195,"date":"2025-08-04T17:11:21","date_gmt":"2025-08-04T17:11:21","guid":{"rendered":"https:\/\/www.europesays.com\/fr\/296195\/"},"modified":"2025-08-04T17:11:21","modified_gmt":"2025-08-04T17:11:21","slug":"royaume-uni-un-nombre-record-de-25-000-traversees-irregulieres-recense-en-juillet-anadolu-ajansi","status":"publish","type":"post","link":"https:\/\/www.europesays.com\/fr\/296195\/","title":{"rendered":"Royaume-Uni : un nombre record de 25 000 travers\u00e9es irr\u00e9guli\u00e8res recens\u00e9 en juillet &#8211; Anadolu Ajans\u0131"},"content":{"rendered":"<ol>\n<li><a href=\"https:\/\/news.google.com\/rss\/articles\/CBMi1wFBVV95cUxNWVVyRkVHTzAwMzBhTmxmT2h2TldyZHFvQ0VEMDZ4SER1dUo1TVpvRGl6R3ZiZWxHMWJnNm1jMVMyeVFjVnQ5cHFfc3lKOFNwbWRjdklqUWNIRmVvTWRRYWVJZWFqU3lvUElfWnNhVTF2WndnYXBlNXRJVzdpT3hEREY5Smhna1k2X3hucndZdW4xTmNkV3NMWTk3Wm5IT19SSV9wSlBOQTJiemRmb19LXzJwbWZwdmdLMWNmUW16ZG45S01PUDIwMnZlTVZmZkFxQ2MtSmQ1aw?oc=5\" target=\"_blank\" rel=\"noopener\">Royaume-Uni : un nombre record de 25 000 travers\u00e9es irr\u00e9guli\u00e8res recens\u00e9 en juillet<\/a>&nbsp;&nbsp;Anadolu Ajans\u0131<\/li>\n<li><a href=\"https:\/\/news.google.com\/rss\/articles\/CBMiugFBVV95cUxOWVlkdGVjUFI3R2FOMlV3ZF81VFBNOFFWRzlwNmRJVmM2dWRnZmVsR29oLW9ONFJKbVhuWVFQX01laFdncHpaZnp6NHNlQURIYTdxQ2ZHOVNrNW1UVmM0QmQtVEQ3NjlqSFJ0N0hWRHVmN3NmOWF5VU1MYVNxVnBJOWxIUjc5bjNtOVdpMm5qNnZZdEhzVHhySldsdWQ2Z3VlMDV2U3BTdUpTV2ZHdHh5TDFUOC1VVWlHY0HSAb8BQVVfeXFMUFRYeWxGVmlXcXNNN29xSF8tQjhOLXZiQ0YyTnpZd25SUWRCTWdYMGg3ZjBfZTdxSWlXQTZzSFd1V1k5enRWRWl0WThtcjFaeG5rOHNJbGlBNWhaR0poMzJaaHFNdUNPZjNkazh6bGsybTI1cVBsWmNzdXFRc2F2NW9kTVp0UUtBbUZzUUZTclMycmZnVVVNZDl3cXdBV0pETUZBckY0SnJ4ZUhVMWpKczZjWFJFd19VTl8wcVRIbjg?oc=5\" target=\"_blank\" rel=\"noopener\">Pour contrer les passeurs, la promotion sur les r\u00e9seaux sociaux des travers\u00e9es en petits bateaux vers le Royaume-Uni sera interdite<\/a>&nbsp;&nbsp;CNews<\/li>\n<li><a href=\"https:\/\/news.google.com\/rss\/articles\/CBMi0wFBVV95cUxQeS16OW5XUFNQTnNBZ1B5Ykp6VXc5eDIxVTRtN1dScWs5VHgyQVFRNU5oM0F4UzVRXzZzNzBvVFRJOEpNZERvSVJqckRuZF9XU01yOEVsenVDT1M3eHZNaGk2WGtBNi1SZkI5Qi1URWxPNTJPRzd3NjJGQ0F3bndoYXJiYkc2ZXdsemh2REVrd1kxcVVpSm54RXVTTk54bm9tS0gyWDktN3dKZVNkMElVLU9wMC1qWlBQenNMYkJiQXhzVHFNYjZlVGVIQktvNE9xcFBB?oc=5\" target=\"_blank\" rel=\"noopener\">Royaume-Uni : le gouvernement annonce des mesures apr\u00e8s de nouvelles manifestations anti-migrants<\/a>&nbsp;&nbsp;InfoMigrants<\/li>\n<li><a href=\"https:\/\/news.google.com\/rss\/articles\/CBMi8wFBVV95cUxNZ3E1cDc5dlNvMUVXR3NETXhpc19QVXFWUWNJNi11NEJsNUtnakZad3Z0Vl9HN0xPX1oyczFOQ3RYRXpYdnlfdkhFY0kwZ3JYeUsyaTA5dk1OZUpfUjBmalFFYlUxZFpRd0pSbzJiMkxqa180NzhZZnR3R2xOWTlrY3k2WG9OaFBkQk8zWkJYQ2FCZzZBbWRtODVQb1VmMXZhOXVROEk1MnA0Ulg2MjFTSWNzYlBLUWlpNXBlSVlmN2xXTFB2V200aUUtSV9CN2ZzU0dQNzlCTjVWekpuLXVGSk0wUDJRY3E0cFZCM1FXWnhOalE?oc=5\" target=\"_blank\" rel=\"noopener\">Royaume-Uni : 115 millions d&rsquo;euros pour renforcer la s\u00e9curit\u00e9 des fronti\u00e8res et le syst\u00e8me d&rsquo;asile<\/a>&nbsp;&nbsp;Agenzia Nova<\/li>\n<li><a href=\"https:\/\/news.google.com\/rss\/articles\/CBMiswFBVV95cUxPdXdXdU1RUXhGMnZ6R2g0X1hvbXBQTlB2Ni1UZ3VudjlDNDk5RHdleDFTV3BJem9WRWVPaV9XWGE3OVE1eHNmcTdGWGJKNWs1LTdFYW1VYWlJbG9wV1lWZGh3UHBMQklSb0N6U1RyZ0h3TmhsaERqM1FCNnVIR2x6SnlfODdjajRpeDRHRTVQTGMtREF2c1NQR0xGSDBLZWJYcmVPREdWajVzYmQ4aXRWaEpJQQ?oc=5\" target=\"_blank\" rel=\"noopener\">Manche : d\u00e9j\u00e0 25 000 travers\u00e9es de migrants en 2025, un record inqui\u00e9tant<\/a>&nbsp;&nbsp;Fronti\u00e8res<\/li>\n<\/ol>\n","protected":false},"excerpt":{"rendered":"Royaume-Uni : un nombre record de 25 000 travers\u00e9es irr\u00e9guli\u00e8res recens\u00e9 en juillet&nbsp;&nbsp;Anadolu Ajans\u0131 Pour contrer les passeurs,&hellip;\n","protected":false},"author":2,"featured_media":296196,"comment_status":"","ping_status":"","sticky":false,"template":"","format":"standard","meta":{"footnotes":""},"categories":[1588],"tags":[11,1785,1777,674,2868,12,3241,473,1853,43625,1851,1850,1852],"class_list":{"0":"post-296195","1":"post","2":"type-post","3":"status-publish","4":"format-standard","5":"has-post-thumbnail","7":"category-royaume-uni","8":"tag-actualites","9":"tag-anadolu-ajansi","10":"tag-eu","11":"tag-europe","12":"tag-juillet","13":"tag-news","14":"tag-record","15":"tag-royaume-uni","16":"tag-royaume-uni-de-grande-bretagne-et-dirlande-du-nord","17":"tag-traverses-irrgulires","18":"tag-uk","19":"tag-united-kingdom","20":"tag-united-kingdom-of-great-britain-and-northern-ireland"},"share_on_mastodon":{"url":"https:\/\/pubeurope.com\/@fr\/114971612514822831","error":""},"_links":{"self":[{"href":"https:\/\/www.europesays.com\/fr\/wp-json\/wp\/v2\/posts\/296195","targetHints":{"allow":["GET"]}}],"collection":[{"href":"https:\/\/www.europesays.com\/fr\/wp-json\/wp\/v2\/posts"}],"about":[{"href":"https:\/\/www.europesays.com\/fr\/wp-json\/wp\/v2\/types\/post"}],"author":[{"embeddable":true,"href":"https:\/\/www.europesays.com\/fr\/wp-json\/wp\/v2\/users\/2"}],"replies":[{"embeddable":true,"href":"https:\/\/www.europesays.com\/fr\/wp-json\/wp\/v2\/comments?post=296195"}],"version-history":[{"count":0,"href":"https:\/\/www.europesays.com\/fr\/wp-json\/wp\/v2\/posts\/296195\/revisions"}],"wp:featuredmedia":[{"embeddable":true,"href":"https:\/\/www.europesays.com\/fr\/wp-json\/wp\/v2\/media\/296196"}],"wp:attachment":[{"href":"https:\/\/www.europesays.com\/fr\/wp-json\/wp\/v2\/media?parent=296195"}],"wp:term":[{"taxonomy":"category","embeddable":true,"href":"https:\/\/www.europesays.com\/fr\/wp-json\/wp\/v2\/categories?post=296195"},{"taxonomy":"post_tag","embeddable":true,"href":"https:\/\/www.europesays.com\/fr\/wp-json\/wp\/v2\/tags?post=296195"}],"curies":[{"name":"wp","href":"https:\/\/api.w.org\/{rel}","templated":true}]}}