{"id":29621,"date":"2025-04-16T17:11:15","date_gmt":"2025-04-16T17:11:15","guid":{"rendered":"https:\/\/www.europesays.com\/fr\/29621\/"},"modified":"2025-04-16T17:11:15","modified_gmt":"2025-04-16T17:11:15","slug":"les-affiches-des-barrages-les-potentiels-8es-et-le-programme-de-la-phase-finale","status":"publish","type":"post","link":"https:\/\/www.europesays.com\/fr\/29621\/","title":{"rendered":"les affiches des barrages, les potentiels 8es et le programme de la phase finale"},"content":{"rendered":"<p>            Par<br \/>\n        <strong><br \/>\n            <a href=\"https:\/\/actu.fr\/auteur\/thomas-corbet-actu-fr\" title=\"Consulter tous les articles de Thomas Corbet\" target=\"_blank\" rel=\"noopener\">Thomas Corbet<\/a><br \/>\n        <\/strong><\/p>\n<p>        Publi\u00e9 le<\/p>\n<p>            14 avr. 2025 \u00e0 10h48        <\/p>\n<p>Le <a href=\"https:\/\/actu.fr\/rugby\/amateurs\" target=\"_blank\" rel=\"noopener\">rugby amateur<\/a> passe \u00e0 la vitesse sup\u00e9rieure en ce d\u00e9but de printemps. La phase r\u00e9guli\u00e8re de F\u00e9d\u00e9rale 1 ayant d\u2019ores et d\u00e9j\u00e0 accouch\u00e9 des <a href=\"https:\/\/actu.fr\/sports\/rugby\/amateurs\/rugby-federale-1-tous-les-resultats-de-la-22e-journee-les-classements-et-les-affiches-des-barrages_62493327.html\" target=\"_blank\" rel=\"noopener\">matchs de barrages<\/a>, retrouvez sur <a href=\"https:\/\/actu.fr\/rugby\/\" target=\"_blank\" rel=\"noopener\">Actu Rugby<\/a> les affiches des <strong>potentiels 8es de finale<\/strong> ainsi que le <strong>programme complet de la phase finale<\/strong>.\u00a0<\/p>\n<p>F\u00e9d\u00e9rale 1 : les affiches des matchs de barrages<\/p>\n<p class=\" wall-content\">Avant d\u2019entamer la phase finale \u00e0 proprement parler, le championnat de F\u00e9d\u00e9rale 1 doit encore \u00ab\u00a0d\u00e9graisser\u00a0\u00bb quelque peu avec une phase de matchs de barrage qui se tiendront le 27 avril en match simple sur le terrain du mieux class\u00e9. Voici les affiches :\u00a0<\/p>\n<ul class=\" wall-content\">\n<li>B1 : Saint-M\u00e9dard-en-Jalles \u2013 Barbezieux\/Jonzac<\/li>\n<li>B2 : Sarlat \u2013 Oloron<\/li>\n<li>B3 : Montm\u00e9lian \u2013 C\u00e9ret\u00a0<\/li>\n<li>B4 : Saint-Sulpice-sur-L\u00e8ze \u2013 Ch\u00e2teaurenard<\/li>\n<li>B5 : Gaillac \u2013 Nuits-Saint-Georges<\/li>\n<li>B6 : La Seyne-sur-Mer \u2013 Mazamet<\/li>\n<li>B7 : Limoges \u2013 Nafarroa\u00a0<\/li>\n<li>B8 : Peyrehorade \u2013 Courbevoie<\/li>\n<\/ul>\n<p>F\u00e9d\u00e9rale 1 : les potentiels 8es de finale<\/p>\n<p class=\" wall-content\">Au contraire des barrages, les 8es de finale se disputeront en matchs allers-retours, la seconde manche ayant lieu chez les \u00e9quipes les mieux class\u00e9es. En l\u2019occurrence, celles qui s\u2019\u00e9taient qualifi\u00e9es directement pour cette phase en finissant \u00e0 la 1\u00e8re ou \u00e0 la 2e place de leur poule.<\/p>\n<p class=\" wall-content\">Ces 8es de finale se tiendront le 4 mai pour les matchs allers et le 11 mai pour les matchs retours. En voici les potentielles affiches :\u00a0<\/p>\n<ul class=\" wall-content\">\n<li>Drancy\/Saint-Denis \u2013 Vainqueur B1<\/li>\n<li>Bagn\u00e8res-de-Bigorre \u2013 Vainqueur B2<\/li>\n<li>L\u2019Isle-Jourdain \u2013 Vainqueur B3<\/li>\n<li>Annonay \u2013 Vainqueur B4<\/li>\n<li>Pierrelatte \u2013 Vainqueur B5<\/li>\n<li>Blagnac \u2013 Vainqueur B6<\/li>\n<li>Tyrosse \u2013 Vainqueur B7<\/li>\n<li>Issoire \u2013 Vainqueur B8<\/li>\n<\/ul>\n<p>Vid\u00e9os : en ce moment sur ActuF\u00e9d\u00e9rale 1 : le programme de la phase finale<\/p>\n<p class=\" wall-content\">En suivant les 8es, les quarts de finale auront \u00e9galement lieu sur deux week-ends avec des rencontres allers-retours les 18 et 25 mai. L\u00e0 encore, les \u00e9quipes les mieux class\u00e9es de la phase qualificative recevront le match retour.\u00a0<\/p>\n<p class=\" wall-content\">Pr\u00e9vues le 8 juin, les demi-finales se joueront ensuite sur terrain neutre, tout comme la finale le 15 juin.<\/p>\n<p class=\" wall-content\">Sous r\u00e9serve d\u2019acceptation par la FFR, les \u00e9quipes qui auront acc\u00e9d\u00e9 au dernier carr\u00e9 seront promues en Nationale 2.<\/p>\n<p class=\" wall-content\">Suivez toute l\u2019actualit\u00e9 de vos villes et m\u00e9dias favoris en vous inscrivant \u00e0 <a href=\"https:\/\/moncompte.actu.fr\" title=\"D\u00e9couvez Mon Actu\" rel=\"nofollow noopener\" data-trk=\"{&quot;cta&quot;:{&quot;action&quot;:&quot;https:\\\/\\\/moncompte.actu.fr&quot;,&quot;category&quot;:&quot;mon compte&quot;,&quot;from&quot;:&quot;article footer&quot;,&quot;name&quot;:&quot;Mon actu&quot;,&quot;type&quot;:&quot;cta&quot;}}\" target=\"_blank\">Mon Actu<\/a>.<\/p>\n","protected":false},"excerpt":{"rendered":"Par Thomas Corbet Publi\u00e9 le 14 avr. 2025 \u00e0 10h48 Le rugby amateur passe \u00e0 la vitesse sup\u00e9rieure&hellip;\n","protected":false},"author":2,"featured_media":29622,"comment_status":"","ping_status":"","sticky":false,"template":"","format":"standard","meta":{"footnotes":""},"categories":[1416],"tags":[5592,4127,1011,27,479,4126,1468,60],"class_list":{"0":"post-29621","1":"post","2":"type-post","3":"status-publish","4":"format-standard","5":"has-post-thumbnail","7":"category-rugby","8":"tag-amateurs","9":"tag-federale","10":"tag-fr","11":"tag-france","12":"tag-rugby","13":"tag-rugby-amateur","14":"tag-rugby-football","15":"tag-sports"},"share_on_mastodon":{"url":"https:\/\/pubeurope.com\/@fr\/114348758435987604","error":""},"_links":{"self":[{"href":"https:\/\/www.europesays.com\/fr\/wp-json\/wp\/v2\/posts\/29621","targetHints":{"allow":["GET"]}}],"collection":[{"href":"https:\/\/www.europesays.com\/fr\/wp-json\/wp\/v2\/posts"}],"about":[{"href":"https:\/\/www.europesays.com\/fr\/wp-json\/wp\/v2\/types\/post"}],"author":[{"embeddable":true,"href":"https:\/\/www.europesays.com\/fr\/wp-json\/wp\/v2\/users\/2"}],"replies":[{"embeddable":true,"href":"https:\/\/www.europesays.com\/fr\/wp-json\/wp\/v2\/comments?post=29621"}],"version-history":[{"count":0,"href":"https:\/\/www.europesays.com\/fr\/wp-json\/wp\/v2\/posts\/29621\/revisions"}],"wp:featuredmedia":[{"embeddable":true,"href":"https:\/\/www.europesays.com\/fr\/wp-json\/wp\/v2\/media\/29622"}],"wp:attachment":[{"href":"https:\/\/www.europesays.com\/fr\/wp-json\/wp\/v2\/media?parent=29621"}],"wp:term":[{"taxonomy":"category","embeddable":true,"href":"https:\/\/www.europesays.com\/fr\/wp-json\/wp\/v2\/categories?post=29621"},{"taxonomy":"post_tag","embeddable":true,"href":"https:\/\/www.europesays.com\/fr\/wp-json\/wp\/v2\/tags?post=29621"}],"curies":[{"name":"wp","href":"https:\/\/api.w.org\/{rel}","templated":true}]}}