{"id":296213,"date":"2025-08-04T17:21:10","date_gmt":"2025-08-04T17:21:10","guid":{"rendered":"https:\/\/www.europesays.com\/fr\/296213\/"},"modified":"2025-08-04T17:21:10","modified_gmt":"2025-08-04T17:21:10","slug":"atp-cincinnati-la-decision-tres-surprenante-de-novak-djokovic-avant-lus-open","status":"publish","type":"post","link":"https:\/\/www.europesays.com\/fr\/296213\/","title":{"rendered":"ATP &#8211; Cincinnati > La d\u00e9cision tr\u00e8s surprenante de Novak Djokovic avant l&rsquo;US Open"},"content":{"rendered":"<p>Si Novak Djokovic ne cesse de rappeler que les tour\u00adnois du Grand Chelem sont sa prio\u00adrit\u00e9, sa d\u00e9ci\u00adsion de zapper le Masters 1000 de Cincinnati (du 7 au 18 ao\u00fbt), reste malgr\u00e9 tout une surprise.<\/p>\n<p>Le Serbe arri\u00advera donc \u00e0 l\u2019US Open (du 24 ao\u00fbt au 7 septembre) sans aucun match offi\u00adciel depuis sa d\u00e9faite en demi\u2010finales de Wimbledon face \u00e0 Jannik Sinner. Et on l\u2019ima\u00adgine mal demander une wild card pour l\u2019ATP 250 de Winston\u2010Salem, la semaine avant le Grand Chelem new\u2010yorkais.\u00a0<\/p>\n<blockquote class=\"twitter-tweet\">\n<p lang=\"en\" dir=\"ltr\">Cincinnati update\u00a0:<br \/>OUT\u00a0: Djokovic, Korda, Djere, SE spot<br \/>IN\u00a0: Nishioka, Tabilo, Gaston, McDonald<br \/>Next\u00a0: Quinn<\/p>\n<p>\u2014 Entry List Updates (@EntryLists) <a href=\"https:\/\/twitter.com\/EntryLists\/status\/1952405945545363965?ref_src=twsrc%5Etfw\" data-wpel-link=\"external\" target=\"_blank\" rel=\"nofollow external noopener\">August 4,\u00a02025<\/a><\/p><\/blockquote>\n<p>Compliqu\u00e9 dans ces condi\u00adtions de remporter un 25e Grand Chelem. Mais avec Nole, il ne faut douter de\u00a0rien\u2026<\/p>\n<p class=\"post-published-date\" style=\"color: silver; font-size: 75%; text-align: left;\">Publi\u00e9 le lundi 4 ao\u00fbt 2025 \u00e0 18:40<\/p>\n<p><script async src=\"https:\/\/platform.twitter.com\/widgets.js\" charset=\"utf-8\"><\/script><\/p>\n","protected":false},"excerpt":{"rendered":"Si Novak Djokovic ne cesse de rappeler que les tour\u00adnois du Grand Chelem sont sa prio\u00adrit\u00e9, sa d\u00e9ci\u00adsion&hellip;\n","protected":false},"author":2,"featured_media":259338,"comment_status":"","ping_status":"","sticky":false,"template":"","format":"standard","meta":{"footnotes":""},"categories":[1415],"tags":[105,1011,27,2127,60,1467],"class_list":{"0":"post-296213","1":"post","2":"type-post","3":"status-publish","4":"format-standard","5":"has-post-thumbnail","7":"category-tennis","8":"tag-djokovic","9":"tag-fr","10":"tag-france","11":"tag-sinner","12":"tag-sports","13":"tag-tennis"},"share_on_mastodon":{"url":"","error":""},"_links":{"self":[{"href":"https:\/\/www.europesays.com\/fr\/wp-json\/wp\/v2\/posts\/296213","targetHints":{"allow":["GET"]}}],"collection":[{"href":"https:\/\/www.europesays.com\/fr\/wp-json\/wp\/v2\/posts"}],"about":[{"href":"https:\/\/www.europesays.com\/fr\/wp-json\/wp\/v2\/types\/post"}],"author":[{"embeddable":true,"href":"https:\/\/www.europesays.com\/fr\/wp-json\/wp\/v2\/users\/2"}],"replies":[{"embeddable":true,"href":"https:\/\/www.europesays.com\/fr\/wp-json\/wp\/v2\/comments?post=296213"}],"version-history":[{"count":0,"href":"https:\/\/www.europesays.com\/fr\/wp-json\/wp\/v2\/posts\/296213\/revisions"}],"wp:featuredmedia":[{"embeddable":true,"href":"https:\/\/www.europesays.com\/fr\/wp-json\/wp\/v2\/media\/259338"}],"wp:attachment":[{"href":"https:\/\/www.europesays.com\/fr\/wp-json\/wp\/v2\/media?parent=296213"}],"wp:term":[{"taxonomy":"category","embeddable":true,"href":"https:\/\/www.europesays.com\/fr\/wp-json\/wp\/v2\/categories?post=296213"},{"taxonomy":"post_tag","embeddable":true,"href":"https:\/\/www.europesays.com\/fr\/wp-json\/wp\/v2\/tags?post=296213"}],"curies":[{"name":"wp","href":"https:\/\/api.w.org\/{rel}","templated":true}]}}