{"id":296214,"date":"2025-08-04T17:23:10","date_gmt":"2025-08-04T17:23:10","guid":{"rendered":"https:\/\/www.europesays.com\/fr\/296214\/"},"modified":"2025-08-04T17:23:10","modified_gmt":"2025-08-04T17:23:10","slug":"le-spielberg-met-le-paquet","status":"publish","type":"post","link":"https:\/\/www.europesays.com\/fr\/296214\/","title":{"rendered":"Le Spielberg met le paquet !"},"content":{"rendered":"<p>A deux pas du circuit, se trouve l&rsquo;a\u00e9roport de Zeltweg o\u00f9 s&rsquo;entra\u00eenent les pilotes et les acrobates du Red Bull Air Show. Un truc d\u00e9mentiel qui met en sc\u00e8ne des avions de voltige, des h\u00e9licos qui font des tonneaux, des parachutistes et des wingsuits qui tournoient ensemble ! Bien s\u00fbr la cl\u00e9 est le timing, on imagine que le parachutiste heurte un avion ou un h\u00e9lico idem pour le wingsuit&#8230; Le tout est souvent suivi par des drones dont on imagine que l&rsquo;image puisse \u00eatre en direct sur les grands \u00e9crans du GP mais je n&rsquo;ai pas de d\u00e9tails sur ce point. L&rsquo;autre truc absolu d\u00e9gain\u00e9 est une id\u00e9e piqu\u00e9e \u00e0 la F1, ou des motos de l\u00e9gende vont rouler avec des pilotes de l\u00e9gende. <strong>On attend Pedrosa, Dovizioso, Cadalora, Luthi, Simon Crafar qui va passer de l&rsquo;uniforme de juge \u00e0 la combinaison de cuir, on rappelle qu&rsquo;il est vainqueur de GP, Capirossi, Agostini, Mang, Stoner<\/strong> ! Rien que \u00e7a ! C&rsquo;est \u00e9videmment \u00e9norme. Et \u00e7a change des arguments \u00e0 la petite semaine d\u00e9velopp\u00e9s par Dorna depuis des jours qui allait jusqu&rsquo;\u00e0 vanter la gastronomie locale ! (Qui soi-dit en passant ne donne pas vraiment envie de se faire p\u00e9ter la sous-ventri\u00e8re, de ce c\u00f4t\u00e9 pr\u00e9f\u00e9rer la Toscane, la Hongrie, l&rsquo;Espagne&#8230;). Alors bonne chance au Spielberg, il est vrai que parler du spectacle \u00e9vite de relire pour la milli\u00e8me fois le m\u00eame papier chez mes confr\u00e8res sur les difficult\u00e9s de Bagnaia et son espoir de faire mieux la prochaine fois&#8230;<\/p>\n","protected":false},"excerpt":{"rendered":"A deux pas du circuit, se trouve l&rsquo;a\u00e9roport de Zeltweg o\u00f9 s&rsquo;entra\u00eenent les pilotes et les acrobates du&hellip;\n","protected":false},"author":2,"featured_media":296215,"comment_status":"","ping_status":"","sticky":false,"template":"","format":"standard","meta":{"footnotes":""},"categories":[1413],"tags":[17,43628,43629,4266,1011,27,4922,10579,43630,43631,1457,1456,1458,2255,42161,60,43627],"class_list":{"0":"post-296214","1":"post","2":"type-post","3":"status-publish","4":"format-standard","5":"has-post-thumbnail","7":"category-moto","8":"tag-17","9":"tag-agostini","10":"tag-air-show","11":"tag-ducati","12":"tag-fr","13":"tag-france","14":"tag-honda","15":"tag-kawasaki","16":"tag-legends-race","17":"tag-mang","18":"tag-moto","19":"tag-motocycle","20":"tag-motogp","21":"tag-red-bull","22":"tag-spielberg","23":"tag-sports","24":"tag-stoner"},"share_on_mastodon":{"url":"https:\/\/pubeurope.com\/@fr\/114971659688434497","error":""},"_links":{"self":[{"href":"https:\/\/www.europesays.com\/fr\/wp-json\/wp\/v2\/posts\/296214","targetHints":{"allow":["GET"]}}],"collection":[{"href":"https:\/\/www.europesays.com\/fr\/wp-json\/wp\/v2\/posts"}],"about":[{"href":"https:\/\/www.europesays.com\/fr\/wp-json\/wp\/v2\/types\/post"}],"author":[{"embeddable":true,"href":"https:\/\/www.europesays.com\/fr\/wp-json\/wp\/v2\/users\/2"}],"replies":[{"embeddable":true,"href":"https:\/\/www.europesays.com\/fr\/wp-json\/wp\/v2\/comments?post=296214"}],"version-history":[{"count":0,"href":"https:\/\/www.europesays.com\/fr\/wp-json\/wp\/v2\/posts\/296214\/revisions"}],"wp:featuredmedia":[{"embeddable":true,"href":"https:\/\/www.europesays.com\/fr\/wp-json\/wp\/v2\/media\/296215"}],"wp:attachment":[{"href":"https:\/\/www.europesays.com\/fr\/wp-json\/wp\/v2\/media?parent=296214"}],"wp:term":[{"taxonomy":"category","embeddable":true,"href":"https:\/\/www.europesays.com\/fr\/wp-json\/wp\/v2\/categories?post=296214"},{"taxonomy":"post_tag","embeddable":true,"href":"https:\/\/www.europesays.com\/fr\/wp-json\/wp\/v2\/tags?post=296214"}],"curies":[{"name":"wp","href":"https:\/\/api.w.org\/{rel}","templated":true}]}}