{"id":296224,"date":"2025-08-04T17:28:12","date_gmt":"2025-08-04T17:28:12","guid":{"rendered":"https:\/\/www.europesays.com\/fr\/296224\/"},"modified":"2025-08-04T17:28:12","modified_gmt":"2025-08-04T17:28:12","slug":"les-anglais-une-source-inepuisable-de-curiosite-pour-le-photographe-britannique-peter-dench-qui-expose-au-festival-de-la-gacilly","status":"publish","type":"post","link":"https:\/\/www.europesays.com\/fr\/296224\/","title":{"rendered":"\u00ab\u00a0Les Anglais, une source in\u00e9puisable de curiosit\u00e9\u00a0\u00bb, pour le photographe britannique Peter Dench, qui expose au Festival de La Gacilly"},"content":{"rendered":"<p class=\"c-chapo \">\n  Le festival photo de La Gacilly, en Bretagne, rend hommage \u00e0 quelques-uns des plus grands photographes d\u2019outre-Manche, de Don McCullin \u00e0 Martin Parr, en passant par Peter Dench. Entre humour, ic\u00f4nes du rock et sc\u00e8nes du quotidien, une plong\u00e9e fascinante dans la soci\u00e9t\u00e9 anglaise, \u00e0 d\u00e9couvrir jusqu\u2019au 5 octobre.\n<\/p>\n<p>            lire plus tard<\/p>\n<p id=\"dialog__title\" class=\"dialog__title\">Pour sauvegarder cet article, connectez-vous ou cr\u00e9ez un compte franceinfo<\/p>\n<p class=\"dialog__description\">Sans paiement. Sans abonnement.<\/p>\n<p>        Fermer la fen\u00eatre d\u2019activation des notifications France Info<\/p>\n<p>            cr\u00e9er votre compte<\/p>\n<p>            se connecter<\/p>\n<p>        Fermer la fen\u00eatre de pr\u00e9sentation<\/p>\n<p>    <img loading=\"lazy\" decoding=\"async\" class=\"signature__image lazyload\" width=\"100\" height=\"100\" data- alt=\"\" src=\"https:\/\/www.europesays.com\/fr\/wp-content\/uploads\/2025\/07\/anne-chepeau-65e601666d9ec483359792.png\"\/><\/p>\n<p>    Publi\u00e9 le 04\/08\/2025 15:18<\/p>\n<p>        Temps de lecture : 3min<\/p>\n<p>    <img decoding=\"async\"  alt=\"Le photographe Peter Dench devant deux de ses photos expos\u00e9es \u00e0 La Gacilly. (ANNE CHEPEAU \/ FRANCEINFO \/ RADIO FRANCE)\" width=\"432\" height=\"243\" src=\"https:\/\/www.europesays.com\/fr\/wp-content\/uploads\/2025\/08\/20250605-151730-68909be6a7906674214149.jpg\" fetchpriority=\"high\"\/><\/p>\n<p>      Le photographe Peter Dench devant deux de ses photos expos\u00e9es \u00e0 La Gacilly. (ANNE CHEPEAU \/ FRANCEINFO \/ RADIO FRANCE)<\/p>\n<p>C\u2019est un des grands rendez-vous de l\u2019\u00e9t\u00e9 pour la photo. Le festival de La Gacilly dans le Morbihan s\u2019est mis cette ann\u00e9e \u00e0 l\u2019heure anglaise. Dix des 19\u00a0expositions pr\u00e9sent\u00e9es sont consacr\u00e9es \u00e0 des photographes britanniques. <a href=\"https:\/\/www.franceinfo.fr\/culture\/arts-expos\/photographie\/so-british-le-festival-de-la-gacilly-devoile-le-regard-decale-de-la-photographie-britannique_7159002.html\" rel=\"nofollow noopener\" target=\"_blank\">\u00ab\u00a0So british\u00a0\u00bb<\/a>, l\u2019\u00e9dition 2025 du festival photo La Gacilly se d\u00e9roule jusqu\u2019au 5\u00a0octobre.<\/p>\n<p>Quelques-uns des plus grands photographes britanniques exposent cet \u00e9t\u00e9 dans les rues et les jardins de La Gacilly. Parmi eux Don Mc Cullin, pionnier du photojournalisme, dont on peut voir une soixantaine d\u2019images dans une mini-r\u00e9trospective, ou l\u2019inimitable Martin Parr. \u00ab\u00a0Martin Parr, c&rsquo;est une signature, souligne Cyril Drouhet, commissaire des expositions du festival. <strong\/>Quand on d\u00e9couvre son travail, on sait imm\u00e9diatement qui l&rsquo;a r\u00e9alis\u00e9 parce qu&rsquo;il a cette utilisation de la couleur extr\u00eamement satur\u00e9e, l&rsquo;utilisation du flash. Il s&rsquo;approche au plus pr\u00e8s de ses sujets pour montrer parfois des petits d\u00e9tails et des regards qui vont nous faire sourire. C&rsquo;est vraiment une signature diff\u00e9rente. Il marque l&rsquo;histoire de la photographie et il marque bien entendu l&rsquo;histoire de la photographie britannique.\u00a0\u00bb<\/p>\n<p>Martin Parr nous emm\u00e8ne notamment sur les plages de Brighton o\u00f9 se presse la classe moyenne britannique saisissant les situations les plus dr\u00f4les ou les plus insolites. Le festival nous invite aussi \u00e0 d\u00e9couvrir celui qui l\u2019a inspir\u00e9\u00a0: le photographe Tony Ray Jones. Quasiment inconnu en France, on peut voir ici 25 de ses photos noir et blanc.<\/p>\n<p>Le quinquag\u00e9naire Peter Dench pourrait \u00eatre leur h\u00e9ritier. Lui a aussi pour principal sujet ses compatriotes anglais. \u00ab\u00a0<strong\/>Les Anglais sont ma passion, confie-t-il. Ce sont les gens que je cherche le plus \u00e0 comprendre. Ils m&rsquo;ont fa\u00e7onn\u00e9. Ils sont une source in\u00e9puisable de curiosit\u00e9 et d&rsquo;amusement.\u00a0\u00bb<\/p>\n<p>Nombre de ses photos racontent la fascination des Anglais pour la famille royale, notamment lors des c\u00e9l\u00e9brations officielles, le couronnement de Charles\u00a0III, ou le jubil\u00e9 de la reine Elisabeth\u00a0II qui lui a inspir\u00e9 une photo\u00a0: \u00ab\u00a0<strong\/>Je suis all\u00e9 dans ma ville, Weymouth, qui est un endroit tr\u00e8s royaliste. C&rsquo;est une f\u00eate de rue et cette femme sur la photo a \u00e9t\u00e9 \u00e9lue reine de la rue. Elle a l&rsquo;air majestueux, assise sur son tr\u00f4ne rouge et dor\u00e9, avec sa couronne dor\u00e9e en carton, agitant un drapeau britannique.\u00a0\u00bb<\/p>\n<p>\u00c0 La Gacilly, la photographie britannique c\u2019est aussi le travail de Mary Turner sur l\u2019Angleterre p\u00e9riph\u00e9rique. Elle s\u2019int\u00e9resse aux d\u00e9class\u00e9s, aux oubli\u00e9s sur lesquels elle porte un regard tendre et sensible. Quant \u00e0 Terry O\u2019Neil, il a immortalis\u00e9 les l\u00e9gendes du rock\u00a0: les Beatles, les Stones, Bowie, Elton John, tous ont pos\u00e9 pour lui et les voici \u00e0 La Gacilly.<\/p>\n","protected":false},"excerpt":{"rendered":"Le festival photo de La Gacilly, en Bretagne, rend hommage \u00e0 quelques-uns des plus grands photographes d\u2019outre-Manche, de&hellip;\n","protected":false},"author":2,"featured_media":296225,"comment_status":"","ping_status":"","sticky":false,"template":"","format":"standard","meta":{"footnotes":""},"categories":[1358],"tags":[1348,1384,1385,1386,58,59,1011,27],"class_list":{"0":"post-296224","1":"post","2":"type-post","3":"status-publish","4":"format-standard","5":"has-post-thumbnail","7":"category-arts-et-design","8":"tag-arts","9":"tag-arts-and-design","10":"tag-arts-et-design","11":"tag-design","12":"tag-divertissement","13":"tag-entertainment","14":"tag-fr","15":"tag-france"},"share_on_mastodon":{"url":"https:\/\/pubeurope.com\/@fr\/114971679396242383","error":""},"_links":{"self":[{"href":"https:\/\/www.europesays.com\/fr\/wp-json\/wp\/v2\/posts\/296224","targetHints":{"allow":["GET"]}}],"collection":[{"href":"https:\/\/www.europesays.com\/fr\/wp-json\/wp\/v2\/posts"}],"about":[{"href":"https:\/\/www.europesays.com\/fr\/wp-json\/wp\/v2\/types\/post"}],"author":[{"embeddable":true,"href":"https:\/\/www.europesays.com\/fr\/wp-json\/wp\/v2\/users\/2"}],"replies":[{"embeddable":true,"href":"https:\/\/www.europesays.com\/fr\/wp-json\/wp\/v2\/comments?post=296224"}],"version-history":[{"count":0,"href":"https:\/\/www.europesays.com\/fr\/wp-json\/wp\/v2\/posts\/296224\/revisions"}],"wp:featuredmedia":[{"embeddable":true,"href":"https:\/\/www.europesays.com\/fr\/wp-json\/wp\/v2\/media\/296225"}],"wp:attachment":[{"href":"https:\/\/www.europesays.com\/fr\/wp-json\/wp\/v2\/media?parent=296224"}],"wp:term":[{"taxonomy":"category","embeddable":true,"href":"https:\/\/www.europesays.com\/fr\/wp-json\/wp\/v2\/categories?post=296224"},{"taxonomy":"post_tag","embeddable":true,"href":"https:\/\/www.europesays.com\/fr\/wp-json\/wp\/v2\/tags?post=296224"}],"curies":[{"name":"wp","href":"https:\/\/api.w.org\/{rel}","templated":true}]}}