{"id":296226,"date":"2025-08-04T17:29:15","date_gmt":"2025-08-04T17:29:15","guid":{"rendered":"https:\/\/www.europesays.com\/fr\/296226\/"},"modified":"2025-08-04T17:29:15","modified_gmt":"2025-08-04T17:29:15","slug":"les-auteurs-virginie-grimaldi-et-cedric-sire-attendus-a-bord-du-camion-qui-livre","status":"publish","type":"post","link":"https:\/\/www.europesays.com\/fr\/296226\/","title":{"rendered":"les auteurs Virginie Grimaldi et C\u00e9dric Sire attendus \u00e0 bord du Camion qui livre"},"content":{"rendered":"<p>Le samedi 9\u00a0ao\u00fbt, cinq auteures seront pr\u00e9sentes dans les jardins de la Grande Plage pour rencontrer les lecteurs et signer leurs ouvrages. Serena Giuliano, Virginie Grimaldi, Sophie Rouvier, Clarisse Sabard et Marie Vareille seront toutes en d\u00e9dicace de 15 heures \u00e0 18 heures. Clarisse Sabard sera \u00e9galement disponible en matin\u00e9e, de 11 heures \u00e0 13 heures.<\/p>\n<p>Des rencontres et des conseils<\/p>\n<p>Le dimanche 10\u00a0ao\u00fbt, le public pourra retrouver Claire Deya et Clarisse Sabard, pr\u00e9sentes en double s\u00e9ance de 11 heures \u00e0 13\u00a0heures puis de 15 heures \u00e0 18 heures. C\u00e9dric Sire, connu pour ses thrillers \u00e0 succ\u00e8s, rejoindra le Camion l\u2019apr\u00e8s-midi, de 15\u00a0heures \u00e0 18 heures.<\/p>\n","protected":false},"excerpt":{"rendered":"Le samedi 9\u00a0ao\u00fbt, cinq auteures seront pr\u00e9sentes dans les jardins de la Grande Plage pour rencontrer les lecteurs&hellip;\n","protected":false},"author":2,"featured_media":296227,"comment_status":"","ping_status":"","sticky":false,"template":"","format":"standard","meta":{"footnotes":""},"categories":[1357],"tags":[1379,58,59,1011,27,1380],"class_list":{"0":"post-296226","1":"post","2":"type-post","3":"status-publish","4":"format-standard","5":"has-post-thumbnail","7":"category-livres","8":"tag-books","9":"tag-divertissement","10":"tag-entertainment","11":"tag-fr","12":"tag-france","13":"tag-livres"},"share_on_mastodon":{"url":"https:\/\/pubeurope.com\/@fr\/114971683270485374","error":""},"_links":{"self":[{"href":"https:\/\/www.europesays.com\/fr\/wp-json\/wp\/v2\/posts\/296226","targetHints":{"allow":["GET"]}}],"collection":[{"href":"https:\/\/www.europesays.com\/fr\/wp-json\/wp\/v2\/posts"}],"about":[{"href":"https:\/\/www.europesays.com\/fr\/wp-json\/wp\/v2\/types\/post"}],"author":[{"embeddable":true,"href":"https:\/\/www.europesays.com\/fr\/wp-json\/wp\/v2\/users\/2"}],"replies":[{"embeddable":true,"href":"https:\/\/www.europesays.com\/fr\/wp-json\/wp\/v2\/comments?post=296226"}],"version-history":[{"count":0,"href":"https:\/\/www.europesays.com\/fr\/wp-json\/wp\/v2\/posts\/296226\/revisions"}],"wp:featuredmedia":[{"embeddable":true,"href":"https:\/\/www.europesays.com\/fr\/wp-json\/wp\/v2\/media\/296227"}],"wp:attachment":[{"href":"https:\/\/www.europesays.com\/fr\/wp-json\/wp\/v2\/media?parent=296226"}],"wp:term":[{"taxonomy":"category","embeddable":true,"href":"https:\/\/www.europesays.com\/fr\/wp-json\/wp\/v2\/categories?post=296226"},{"taxonomy":"post_tag","embeddable":true,"href":"https:\/\/www.europesays.com\/fr\/wp-json\/wp\/v2\/tags?post=296226"}],"curies":[{"name":"wp","href":"https:\/\/api.w.org\/{rel}","templated":true}]}}