{"id":296230,"date":"2025-08-04T17:31:11","date_gmt":"2025-08-04T17:31:11","guid":{"rendered":"https:\/\/www.europesays.com\/fr\/296230\/"},"modified":"2025-08-04T17:31:11","modified_gmt":"2025-08-04T17:31:11","slug":"les-passions-orageuses-de-claude-francois","status":"publish","type":"post","link":"https:\/\/www.europesays.com\/fr\/296230\/","title":{"rendered":"Les passions orageuses de Claude Fran\u00e7ois"},"content":{"rendered":"<p>LE MATCH DES TUBES (22 \/ 40) &#8211; Le chanteur populaire a interpr\u00e9t\u00e9 beaucoup de morceaux li\u00e9s \u00e0 la m\u00e9t\u00e9o comme pour mieux raconter la vie de couple. \u00c9velyne Dh\u00e9liat n\u2019a qu\u2019\u00e0 bien se tenir\u00a0!<\/p>\n<p><a href=\"https:\/\/www.parismatch.com\/actu\/societe\/meteo-le-soleil-va-t-il-enfin-revenir-254740\" rel=\"nofollow noopener\" target=\"_blank\">Cet \u00e9t\u00e9, la m\u00e9t\u00e9o est capricieuse<\/a>. Apr\u00e8s un coup de chaud pr\u00e9coce, une grande partie de la France vit sous les nuages et une certaine fra\u00eecheur. <a href=\"https:\/\/www.parismatch.com\/People\/Claude-Francois-en-50-photos-d-exception-1450847\" rel=\"nofollow noopener\" target=\"_blank\">Claude Fran\u00e7ois, notre roi du \u00ab\u00a0Disco M\u00e9t\u00e9o\u00a0\u00bb<\/a>, a tout chant\u00e9\u00a0: l\u2019\u00e9t\u00e9, l\u2019hiver, la neige, la pluie et la chaleur. La preuve\u00a0? Notre duel entre \u00ab\u00a0Le Lundi au soleil\u00a0\u00bb et \u00ab\u00a0Quand la pluie finira de tomber\u00a0\u00bb, deux tubes du chanteur le plus solaire de France. \u00c9velyne Dh\u00e9liat n\u2019a qu\u2019\u00e0 bien se tenir\u00a0!<\/p>\n<p>En 1972, Claude Fran\u00e7ois sort un titre qui va devenir iconique et qui va obs\u00e9der nos d\u00e9buts de semaine. C\u2019est une histoire d\u2019amour contrari\u00e9 puisqu\u2019il faut aller travailler. \u00ab\u00a0Regarde ta montre, il est d\u00e9j\u00e0 huit heures, embrassons-nous tendrement. Un taxi t\u2019emporte, tu t\u2019en vas, mon c\u0153ur, parmi ces milliers de gens.\u00a0\u00bb Malgr\u00e9 cette journ\u00e9e id\u00e9ale pour aller se promener dans la for\u00eat. \u00ab\u00a0Le lundi au soleil, c\u2019est une chose qu\u2019on n\u2019aura jamais. Chaque fois c\u2019est pareil, c\u2019est quand on est derri\u00e8re les carreaux, quand on travaille que le ciel est beau. Qu\u2019il doit faire beau sur les routes le lundi au soleil.\u00a0\u00bb<\/p>\n<p>    La suite apr\u00e8s cette publicit\u00e9<\/p>\n<p>La m\u00e9lodie sucr\u00e9e est sign\u00e9e Patrick Juvet. Elle est festive, entra\u00eenante et ent\u00eatante. Claude Fran\u00e7ois est \u00e0 son meilleur\u00a0: l\u00e9ger, enjou\u00e9, emball\u00e9. Jamais le \u00ab\u00a0blue monday\u00a0\u00bb, jour le plus d\u00e9primant de l\u2019ann\u00e9e, n\u2019a sembl\u00e9 aussi r\u00e9jouissant. La chanson conna\u00eet un fort succ\u00e8s\u00a0: pr\u00e8s de 600\u00a0000 exemplaires \u00e9coul\u00e9s. Elle devient un classique du chanteur et prouve que l\u2019artiste, souvent accus\u00e9 d\u2019\u00eatre un serial adaptateur, sait cr\u00e9er des bijoux musicaux. Dans son passionnant \u00ab\u00a0La chanson exactement\u00a0\u00bb, Philippe Chevallier explique que ce titre n\u2019a rien \u00e0 envier \u00e0 ceux des Kinks, groupe culte anglais, adepte des \u00ab\u00a0snapshots du quotidien\u00a0\u00bb.<\/p>\n<p>    La suite apr\u00e8s cette publicit\u00e9<\/p>\n<p>M\u00e9t\u00e9o des sentiments<\/p>\n<p>Bis repetita en 1974, mais le temps s\u2019est couvert. \u00ab\u00a0Quand la pluie finira de tomber\u00a0\u00bb est d\u2019abord une promesse non tenue &#8211; un peu comme cette ann\u00e9e. \u00ab\u00a0Je t\u2019avais promis des vacances ensoleill\u00e9es aupr\u00e8s de moi, je sais. Des matins d\u2019azur et le parfum des vergers que les vents dans le soir viennent nous apporter. Mais depuis trois jours, la pluie tombe sans arr\u00eat sur les toits et les champs. On a fait du feu dans la grande chemin\u00e9e et l\u2019on attend encore que vienne le beau temps.\u00a0\u00bb Cette histoire d\u2019amour ne tombe pourtant pas \u00e0 l\u2019eau et Cloclo reste optimiste. \u00ab\u00a0Quand la pluie finira de tomber, nous pourrons enfin aller marcher sous les grands marronniers l\u00e0-bas.\u00a0\u00bb La chanson est sign\u00e9e par les fr\u00e8res Seff (auteurs pour Mike Brant ou G\u00e9rard Lenorman) et s\u2019av\u00e8re \u00eatre diaboliquement efficace et ultra-addictive. Adepte de la m\u00e9t\u00e9o des sentiments, Claude Fran\u00e7ois utilise le temps qu\u2019il fait comme thermom\u00e8tre du couple\u00a0: clairement, il y a de l\u2019orage dans l\u2019air. Le morceau ne conna\u00eet pas le triomphe du \u00ab\u00a0Lundi au soleil\u00a0\u00bb, mais marque les esprits.<\/p>\n<p>Alors plut\u00f4t soleil ou averse\u00a0? Nous devons bien avouer que \u00ab\u00a0Quand la pluie finira de tomber\u00a0\u00bb emporte la mise. Si l\u2019efficacit\u00e9 du \u00ab\u00a0Lundi au soleil\u00a0\u00bb n\u2019est plus \u00e0 d\u00e9montrer, la chanson moins connue de Cloclo est beaucoup plus imag\u00e9e et travaill\u00e9e. Elle fait partie des morceaux de bravoure d\u2019un artiste trop souvent critiqu\u00e9 et caricatur\u00e9 par ses contemporains. Avant d\u2019\u00eatre r\u00e9habilit\u00e9. En m\u00e9t\u00e9o comme en art, apr\u00e8s la pluie vient toujours le beau temps.<\/p>\n","protected":false},"excerpt":{"rendered":"LE MATCH DES TUBES (22 \/ 40) &#8211; Le chanteur populaire a interpr\u00e9t\u00e9 beaucoup de morceaux li\u00e9s \u00e0&hellip;\n","protected":false},"author":2,"featured_media":296231,"comment_status":"","ping_status":"","sticky":false,"template":"","format":"standard","meta":{"footnotes":""},"categories":[1355],"tags":[58,59,1011,27,1361,873],"class_list":{"0":"post-296230","1":"post","2":"type-post","3":"status-publish","4":"format-standard","5":"has-post-thumbnail","7":"category-musique","8":"tag-divertissement","9":"tag-entertainment","10":"tag-fr","11":"tag-france","12":"tag-music","13":"tag-musique"},"share_on_mastodon":{"url":"https:\/\/pubeurope.com\/@fr\/114971691351314529","error":""},"_links":{"self":[{"href":"https:\/\/www.europesays.com\/fr\/wp-json\/wp\/v2\/posts\/296230","targetHints":{"allow":["GET"]}}],"collection":[{"href":"https:\/\/www.europesays.com\/fr\/wp-json\/wp\/v2\/posts"}],"about":[{"href":"https:\/\/www.europesays.com\/fr\/wp-json\/wp\/v2\/types\/post"}],"author":[{"embeddable":true,"href":"https:\/\/www.europesays.com\/fr\/wp-json\/wp\/v2\/users\/2"}],"replies":[{"embeddable":true,"href":"https:\/\/www.europesays.com\/fr\/wp-json\/wp\/v2\/comments?post=296230"}],"version-history":[{"count":0,"href":"https:\/\/www.europesays.com\/fr\/wp-json\/wp\/v2\/posts\/296230\/revisions"}],"wp:featuredmedia":[{"embeddable":true,"href":"https:\/\/www.europesays.com\/fr\/wp-json\/wp\/v2\/media\/296231"}],"wp:attachment":[{"href":"https:\/\/www.europesays.com\/fr\/wp-json\/wp\/v2\/media?parent=296230"}],"wp:term":[{"taxonomy":"category","embeddable":true,"href":"https:\/\/www.europesays.com\/fr\/wp-json\/wp\/v2\/categories?post=296230"},{"taxonomy":"post_tag","embeddable":true,"href":"https:\/\/www.europesays.com\/fr\/wp-json\/wp\/v2\/tags?post=296230"}],"curies":[{"name":"wp","href":"https:\/\/api.w.org\/{rel}","templated":true}]}}