{"id":29625,"date":"2025-04-16T17:15:12","date_gmt":"2025-04-16T17:15:12","guid":{"rendered":"https:\/\/www.europesays.com\/fr\/29625\/"},"modified":"2025-04-16T17:15:12","modified_gmt":"2025-04-16T17:15:12","slug":"le-manager-de-verstappen-aurait-severement-recadre-helmut-marko-apres-le-gp-de-bahrein","status":"publish","type":"post","link":"https:\/\/www.europesays.com\/fr\/29625\/","title":{"rendered":"Le manager de Verstappen aurait s\u00e9v\u00e8rement recadr\u00e9 Helmut Marko apr\u00e8s le GP de Bahre\u00efn"},"content":{"rendered":"<p>Selon la rumeur, le manager de Max Verstappen aurait pass\u00e9 un savon \u00e0 Helmut Marko apr\u00e8s la derni\u00e8re contre-performance de la Red Bull du quadruple champion de F1 \u00e0 Bahre\u00efn.<\/p>\n<p>Max Verstappen a termin\u00e9 le Grand Prix de Bahre\u00efn \u00e0 une lointaine sixi\u00e8me place, loin de ses standards, gagnant au moins une place par rapport \u00e0 sa position de d\u00e9part, mais terminant \u00e0 plus de 34 secondes du vainqueur de la course, Oscar Piastri sur McLaren. Le pilote n\u00e9erlandais se retrouve d\u00e9sormais \u00e0 huit points de Lando Norris, pilote McLaren, au classement des pilotes.<\/p>\n<p><a href=\"https:\/\/f1only.fr\/f1-bahrein-verstappen-cauchemar-red-bull\/\" target=\"_blank\" rel=\"noopener\">Verstappen<\/a> s\u2019est plaint de probl\u00e8mes continus de freinage et d\u2019\u00e9quilibre avec sa RB21 sur le circuit international de Bahre\u00efn, et pendant la course, il a \u00e9t\u00e9 victime d\u2019arr\u00eats au stand manqu\u00e9s en raison d\u2019un probl\u00e8me de faisceau de c\u00e2bles avec le portique de stand, ce qui a \u00e9galement affect\u00e9 son co\u00e9quipier Yuki Tsunoda.<\/p>\n<p>Apr\u00e8s la course, le journaliste de Sky Sports F1 qui \u00e9tait dans la pit-lane a rep\u00e9r\u00e9 Raymond Vermeulen, le manager de Verstappen, en train de s\u2019\u00e9nerver contre Helmut <a href=\"https:\/\/f1only.fr\/helmut-marko-exprime-crainte-verstappen-quitter-red-bull\/\" target=\"_blank\" rel=\"noopener\">Marko<\/a>, le conseiller de Red Bull.<\/p>\n<p>Kravitz a d\u00e9clar\u00e9 : \u00ab \u00c0 la fin de la course, j\u2019attendais des directeurs d\u2019\u00e9quipe, et Raymond Vermeulen, le manager de Max, est entr\u00e9 dans le garage Red Bull et a dit \u00e0 Helmut Marko ce qu\u2019on ne peut d\u00e9crire que comme une bonne r\u00e9primande. \u00bb<\/p>\n<p>\u00ab Il s\u2019est ensuite disput\u00e9 avec Helmut Marko, et Helmut Marko est rest\u00e9 l\u00e0 \u00e0 le regarder. Raymond s\u2019est ensuite pr\u00e9cipit\u00e9 \u00e0 l\u2019arri\u00e8re du garage, en retirant son laissez-passer au passage. De toute \u00e9vidence, ils ne sont pas contents. \u00bb<\/p>\n","protected":false},"excerpt":{"rendered":"Selon la rumeur, le manager de Max Verstappen aurait pass\u00e9 un savon \u00e0 Helmut Marko apr\u00e8s la derni\u00e8re&hellip;\n","protected":false},"author":2,"featured_media":29626,"comment_status":"","ping_status":"","sticky":false,"template":"","format":"standard","meta":{"footnotes":""},"categories":[1412],"tags":[5080,5081,1451,5083,5084,5085,5086,5087,5088,1452,1453,1454,1455,1011,27,10299,2236,5089,5090,10300,2255,60,5091,3030],"class_list":{"0":"post-29625","1":"post","2":"type-post","3":"status-publish","4":"format-standard","5":"has-post-thumbnail","7":"category-f1","8":"tag-actualites-f1","9":"tag-actuf1","10":"tag-f1","11":"tag-f1-actu","12":"tag-f1-direct","13":"tag-f1-live","14":"tag-f1-news","15":"tag-f1news","16":"tag-fia","17":"tag-formula-1","18":"tag-formula1","19":"tag-formule-1","20":"tag-formule1","21":"tag-fr","22":"tag-france","23":"tag-helmut-marko","24":"tag-max-verstappen","25":"tag-news-f1","26":"tag-newsf1","27":"tag-raymond-vermeulen","28":"tag-red-bull","29":"tag-sports","30":"tag-tip","31":"tag-top"},"share_on_mastodon":{"url":"https:\/\/pubeurope.com\/@fr\/114348774122381210","error":""},"_links":{"self":[{"href":"https:\/\/www.europesays.com\/fr\/wp-json\/wp\/v2\/posts\/29625","targetHints":{"allow":["GET"]}}],"collection":[{"href":"https:\/\/www.europesays.com\/fr\/wp-json\/wp\/v2\/posts"}],"about":[{"href":"https:\/\/www.europesays.com\/fr\/wp-json\/wp\/v2\/types\/post"}],"author":[{"embeddable":true,"href":"https:\/\/www.europesays.com\/fr\/wp-json\/wp\/v2\/users\/2"}],"replies":[{"embeddable":true,"href":"https:\/\/www.europesays.com\/fr\/wp-json\/wp\/v2\/comments?post=29625"}],"version-history":[{"count":0,"href":"https:\/\/www.europesays.com\/fr\/wp-json\/wp\/v2\/posts\/29625\/revisions"}],"wp:featuredmedia":[{"embeddable":true,"href":"https:\/\/www.europesays.com\/fr\/wp-json\/wp\/v2\/media\/29626"}],"wp:attachment":[{"href":"https:\/\/www.europesays.com\/fr\/wp-json\/wp\/v2\/media?parent=29625"}],"wp:term":[{"taxonomy":"category","embeddable":true,"href":"https:\/\/www.europesays.com\/fr\/wp-json\/wp\/v2\/categories?post=29625"},{"taxonomy":"post_tag","embeddable":true,"href":"https:\/\/www.europesays.com\/fr\/wp-json\/wp\/v2\/tags?post=29625"}],"curies":[{"name":"wp","href":"https:\/\/api.w.org\/{rel}","templated":true}]}}