{"id":296250,"date":"2025-08-04T17:41:16","date_gmt":"2025-08-04T17:41:16","guid":{"rendered":"https:\/\/www.europesays.com\/fr\/296250\/"},"modified":"2025-08-04T17:41:16","modified_gmt":"2025-08-04T17:41:16","slug":"villars-lhistoire-des-noms-des-lieux-le-chemin-du-bois-rolland","status":"publish","type":"post","link":"https:\/\/www.europesays.com\/fr\/296250\/","title":{"rendered":"Villars. L\u2019histoire des noms des lieux\u00a0: le chemin du Bois-Rolland"},"content":{"rendered":"<p>En remontant la rue Kl\u00e9ber depuis le Bois-Monzil, et en longeant le ruisseau le Riotord, on aboutit au chemin du Bois-Rolland, qui se termine en impasse. Nous voil\u00e0 au pied du golf, \u00e0 la limite g\u00e9ographique avec la ville de Saint-\u00c9tienne.<\/p>\n<p>Sur le versant c\u00f4t\u00e9 nord, on grimpe ensuite vers le Petit-Charlieu et, de l\u2019autre c\u00f4t\u00e9, vers le lieu-dit Les Parisses. Ce secteur a un important pass\u00e9 minier, avec&#8230;<\/p>\n","protected":false},"excerpt":{"rendered":"En remontant la rue Kl\u00e9ber depuis le Bois-Monzil, et en longeant le ruisseau le Riotord, on aboutit au&hellip;\n","protected":false},"author":2,"featured_media":296251,"comment_status":"","ping_status":"","sticky":false,"template":"","format":"standard","meta":{"footnotes":""},"categories":[9653],"tags":[1111,11,2430,7539,1777,674,1011,27,937,12,25,4001,9664,104,10246],"class_list":{"0":"post-296250","1":"post","2":"type-post","3":"status-publish","4":"format-standard","5":"has-post-thumbnail","7":"category-saint-etienne","8":"tag-actu","9":"tag-actualites","10":"tag-auvergne-rhone-alpes","11":"tag-edition-loire-sud","12":"tag-eu","13":"tag-europe","14":"tag-fr","15":"tag-france","16":"tag-histoire","17":"tag-news","18":"tag-republique-francaise","19":"tag-saint-etienne","20":"tag-saint-etienne-bassin","21":"tag-societe","22":"tag-villars"},"share_on_mastodon":{"url":"https:\/\/pubeurope.com\/@fr\/114971730701253844","error":""},"_links":{"self":[{"href":"https:\/\/www.europesays.com\/fr\/wp-json\/wp\/v2\/posts\/296250","targetHints":{"allow":["GET"]}}],"collection":[{"href":"https:\/\/www.europesays.com\/fr\/wp-json\/wp\/v2\/posts"}],"about":[{"href":"https:\/\/www.europesays.com\/fr\/wp-json\/wp\/v2\/types\/post"}],"author":[{"embeddable":true,"href":"https:\/\/www.europesays.com\/fr\/wp-json\/wp\/v2\/users\/2"}],"replies":[{"embeddable":true,"href":"https:\/\/www.europesays.com\/fr\/wp-json\/wp\/v2\/comments?post=296250"}],"version-history":[{"count":0,"href":"https:\/\/www.europesays.com\/fr\/wp-json\/wp\/v2\/posts\/296250\/revisions"}],"wp:featuredmedia":[{"embeddable":true,"href":"https:\/\/www.europesays.com\/fr\/wp-json\/wp\/v2\/media\/296251"}],"wp:attachment":[{"href":"https:\/\/www.europesays.com\/fr\/wp-json\/wp\/v2\/media?parent=296250"}],"wp:term":[{"taxonomy":"category","embeddable":true,"href":"https:\/\/www.europesays.com\/fr\/wp-json\/wp\/v2\/categories?post=296250"},{"taxonomy":"post_tag","embeddable":true,"href":"https:\/\/www.europesays.com\/fr\/wp-json\/wp\/v2\/tags?post=296250"}],"curies":[{"name":"wp","href":"https:\/\/api.w.org\/{rel}","templated":true}]}}