{"id":296260,"date":"2025-08-04T17:46:13","date_gmt":"2025-08-04T17:46:13","guid":{"rendered":"https:\/\/www.europesays.com\/fr\/296260\/"},"modified":"2025-08-04T17:46:13","modified_gmt":"2025-08-04T17:46:13","slug":"courbis-dupraz-kombouare-meyrieu-alfano-des-figures-du-sporting-club-de-toulon-se-sont-retrouvees-dans-un-restaurant-de-plage-au-mourillon","status":"publish","type":"post","link":"https:\/\/www.europesays.com\/fr\/296260\/","title":{"rendered":"Courbis, Dupraz, Kombouar\u00e9, Meyrieu, Alfano&#8230; Des figures du Sporting club de Toulon se sont retrouv\u00e9es dans un restaurant de plage au Mourillon"},"content":{"rendered":"<p>Des accolades, des embrassades, du chambrage \u00e0 gogo&#8230; Pour la premi\u00e8re des \u00ab\u00a0Soir\u00e9es azur et or\u00a0\u00bb, les l\u00e9gendes du Sporting club de Toulon (SCT) se sont retrouv\u00e9es dimanche <strong>au Cabanon, sur les plages toulonnaises du Mourillon<\/strong>. Ceux qui ont marqu\u00e9 l\u2019histoire du club frapp\u00e9 de la Rascasse \u00e9taient m\u00eal\u00e9s \u00e0 des personnalit\u00e9s, supporters, figures du club et quelques \u00e9lus. \u00ab\u00a0On a eu l\u2019id\u00e9e il y a deux mois apr\u00e8s le match contre les anciens du FC Metz. Nous allons essayer de le reproduire tous les ans, annonce Fr\u00e9d\u00e9ric Cesar, vice-pr\u00e9sident de l\u2019association des anciens pros du SCT. On souhaite faire les choses de plus en plus grand.\u00a0\u00bb <strong>Un \u00e9v\u00e9nement qui co\u00efncide avec les 80 ans du club.<\/strong><\/p>\n<p>Parmi les plus connus, <strong>Rolland Courbis, Pascal Dupraz, Antoine Kombouar\u00e9, Fr\u00e9d\u00e9ric Meyrieu ou encore Delio Onnis<\/strong>, meilleur buteur de l\u2019histoire du championnat de France. \u00ab\u00a0On a la chance d\u2019avoir jou\u00e9 avec quelques noms extraordinaires, l\u00e2chait l\u2019iconique <strong>Luigi Alfano<\/strong>. C\u2019est superbe de se retrouver.\u00a0\u00bb<\/p>\n<p>              <img ci-src=\"https:\/\/www.varmatin.com\/football\/SVATOUXXQ4210_LB_TOULON+FOOT+FETE+DU+SPORTING-5uzL3183.jpg?vh=3d6bef&amp;ci_seal=ed00ca37b7\" alt=\"\"\/><br \/>\n        Rolland Courbis <\/p>\n<p>                                Souvenirs et hommages<\/p>\n<p>              <img ci-src=\"https:\/\/www.varmatin.com\/football\/protec\/DATA_ART_16022597-2MXYSIBj.jpg?vh=f51524&amp;ci_seal=e7fd59cebe\" alt=\"\"\/><br \/>\n        De beaux noms qui ont fait l\u2019histoire du Sporting \u00e9taient r\u00e9unis dimanche au Cabanon.  <strong>Photos Luc Boutria.<\/strong> <\/p>\n<p>              <img ci-src=\"https:\/\/www.varmatin.com\/football\/protec\/DATA_ART_16024041-NOJ25bGb.jpg?vh=5fa712&amp;ci_seal=3cc14720fb\" alt=\"\"\/><br \/>\n        Delio Onnis, Luigi Alfano et Fran\u00e7ois Zahoui. <\/p>\n<p>              <img ci-src=\"https:\/\/www.varmatin.com\/football\/SVATOUXXQ4220_LB_TOULON+FOOT+FETE+DU+SPORTING-IU3Ehbt1.jpg?vh=e9c6d9&amp;ci_seal=d1542d02d5\" alt=\"\"\/><br \/>\n        Rolland Courbis <\/p>\n<p>L\u2019occasion de se rem\u00e9morer des faits d\u2019armes. \u00ab\u00a0Mon plus beau souvenir, c\u2019est la mont\u00e9e en premi\u00e8re division \u00e0 Grenoble (1983), se rem\u00e9more Jean-Pierre Chaussin. Aussi, le match de coupe de France contre Lens (quart de finale en 1984), o\u00f9 la pelouse a \u00e9t\u00e9 envahie quand on a marqu\u00e9 \u00e0 la derni\u00e8re minute. En 1985-1986, on s\u2019est fait \u00e9liminer par Evry, une \u00e9quipe de DHR (6 division). Je ne suis pas sorti de chez moi pendant une semaine.\u00a0\u00bb<\/p>\n<p>Durant cette soir\u00e9e, les anciens joueurs ont eu une pens\u00e9e pour Bernard Roubaud, d\u00e9c\u00e9d\u00e9 le mois dernier \u00e0 90 ans des suites d\u2019une longue maladie. Son \u00e9pouse \u00e9tait pr\u00e9sente et a \u00e9t\u00e9 honor\u00e9e.<\/p>\n<p>Les joueurs se sont remis les maillots de l\u2019association. Dans le col, est inscrit la mention \u00ab\u00a0Aujourd\u2019hui comme hier&#8230;\u00a0\u00bb, faisant \u00e9cho au chant devenu culte dans les trav\u00e9es de Bon-Rencontre. Alors, quand l\u2019adjoint aux sports Laurent Bonnet a \u00e9voqu\u00e9 la situation actuelle du club, quelques r\u00e9actions se sont fait sentir. Eux aussi semblent vouloir que les souvenirs du pass\u00e9, puissent ressembler au pr\u00e9sent.<\/p>\n<p>              <img ci-src=\"https:\/\/www.varmatin.com\/football\/SVATOUXXQ4193_LB_TOULON+FOOT+FETE+DU+SPORTING-5oON09LV.jpg?vh=36f12e&amp;ci_seal=b5bd01501c\" alt=\"\"\/><br \/>\n        Antoine Kombouar\u00e9 \u00e0 droite.  <\/p>\n","protected":false},"excerpt":{"rendered":"Des accolades, des embrassades, du chambrage \u00e0 gogo&#8230; Pour la premi\u00e8re des \u00ab\u00a0Soir\u00e9es azur et or\u00a0\u00bb, les l\u00e9gendes&hellip;\n","protected":false},"author":2,"featured_media":296261,"comment_status":"","ping_status":"","sticky":false,"template":"","format":"standard","meta":{"footnotes":""},"categories":[9619],"tags":[1111,11,1777,674,63,1011,27,12,882,25,60,2310],"class_list":{"0":"post-296260","1":"post","2":"type-post","3":"status-publish","4":"format-standard","5":"has-post-thumbnail","7":"category-toulon","8":"tag-actu","9":"tag-actualites","10":"tag-eu","11":"tag-europe","12":"tag-football","13":"tag-fr","14":"tag-france","15":"tag-news","16":"tag-provence-alpes-cote-dazur","17":"tag-republique-francaise","18":"tag-sports","19":"tag-toulon"},"share_on_mastodon":{"url":"https:\/\/pubeurope.com\/@fr\/114971750196395938","error":""},"_links":{"self":[{"href":"https:\/\/www.europesays.com\/fr\/wp-json\/wp\/v2\/posts\/296260","targetHints":{"allow":["GET"]}}],"collection":[{"href":"https:\/\/www.europesays.com\/fr\/wp-json\/wp\/v2\/posts"}],"about":[{"href":"https:\/\/www.europesays.com\/fr\/wp-json\/wp\/v2\/types\/post"}],"author":[{"embeddable":true,"href":"https:\/\/www.europesays.com\/fr\/wp-json\/wp\/v2\/users\/2"}],"replies":[{"embeddable":true,"href":"https:\/\/www.europesays.com\/fr\/wp-json\/wp\/v2\/comments?post=296260"}],"version-history":[{"count":0,"href":"https:\/\/www.europesays.com\/fr\/wp-json\/wp\/v2\/posts\/296260\/revisions"}],"wp:featuredmedia":[{"embeddable":true,"href":"https:\/\/www.europesays.com\/fr\/wp-json\/wp\/v2\/media\/296261"}],"wp:attachment":[{"href":"https:\/\/www.europesays.com\/fr\/wp-json\/wp\/v2\/media?parent=296260"}],"wp:term":[{"taxonomy":"category","embeddable":true,"href":"https:\/\/www.europesays.com\/fr\/wp-json\/wp\/v2\/categories?post=296260"},{"taxonomy":"post_tag","embeddable":true,"href":"https:\/\/www.europesays.com\/fr\/wp-json\/wp\/v2\/tags?post=296260"}],"curies":[{"name":"wp","href":"https:\/\/api.w.org\/{rel}","templated":true}]}}