{"id":296270,"date":"2025-08-04T17:51:16","date_gmt":"2025-08-04T17:51:16","guid":{"rendered":"https:\/\/www.europesays.com\/fr\/296270\/"},"modified":"2025-08-04T17:51:16","modified_gmt":"2025-08-04T17:51:16","slug":"grenoble-pole-dance-et-cerceau-etaient-au-programme-de-lete-oh-parcs","status":"publish","type":"post","link":"https:\/\/www.europesays.com\/fr\/296270\/","title":{"rendered":"Grenoble. Pole dance et cerceau \u00e9taient au programme de L\u2019\u00e9t\u00e9 Oh\u00a0! Parcs"},"content":{"rendered":"<p>L\u2019\u00e9t\u00e9 Oh\u00a0! Parcs propose des animations gratuites et ouvertes \u00e0 toutes et tous, en ao\u00fbt, dans les parcs Paul-Mistral et Champs Elys\u00e9es.<\/p>\n<p>Ce samedi 2\u00a0ao\u00fbt, on pouvait notamment noter au programme du parc Paul Mistral, de la pole dance, du cerceau et du hamac a\u00e9rien avec trois sessions cerceau et deux sessions hamac. Cette animation \u00e9tait propos\u00e9e par Pole and Aerial box. Il \u00e9tait possible d\u2019y participer sur inscription, d\u00e8s 8 ans.<\/p>\n<p>Les animations sont toujours gratuites et elles changent tous les jours, sauf certaines activit\u00e9s qui sont permanentes.<\/p>\n","protected":false},"excerpt":{"rendered":"L\u2019\u00e9t\u00e9 Oh\u00a0! Parcs propose des animations gratuites et ouvertes \u00e0 toutes et tous, en ao\u00fbt, dans les parcs&hellip;\n","protected":false},"author":2,"featured_media":296271,"comment_status":"","ping_status":"","sticky":false,"template":"","format":"standard","meta":{"footnotes":""},"categories":[9566],"tags":[1111,11,2430,1687,112,1777,674,1011,27,2731,2732,12,25],"class_list":{"0":"post-296270","1":"post","2":"type-post","3":"status-publish","4":"format-standard","5":"has-post-thumbnail","7":"category-grenoble","8":"tag-actu","9":"tag-actualites","10":"tag-auvergne-rhone-alpes","11":"tag-culture-loisirs","12":"tag-edition-grenoble-agglomeration","13":"tag-eu","14":"tag-europe","15":"tag-fr","16":"tag-france","17":"tag-grenoble","18":"tag-grenoble-bassin","19":"tag-news","20":"tag-republique-francaise"},"share_on_mastodon":{"url":"https:\/\/pubeurope.com\/@fr\/114971769845736454","error":""},"_links":{"self":[{"href":"https:\/\/www.europesays.com\/fr\/wp-json\/wp\/v2\/posts\/296270","targetHints":{"allow":["GET"]}}],"collection":[{"href":"https:\/\/www.europesays.com\/fr\/wp-json\/wp\/v2\/posts"}],"about":[{"href":"https:\/\/www.europesays.com\/fr\/wp-json\/wp\/v2\/types\/post"}],"author":[{"embeddable":true,"href":"https:\/\/www.europesays.com\/fr\/wp-json\/wp\/v2\/users\/2"}],"replies":[{"embeddable":true,"href":"https:\/\/www.europesays.com\/fr\/wp-json\/wp\/v2\/comments?post=296270"}],"version-history":[{"count":0,"href":"https:\/\/www.europesays.com\/fr\/wp-json\/wp\/v2\/posts\/296270\/revisions"}],"wp:featuredmedia":[{"embeddable":true,"href":"https:\/\/www.europesays.com\/fr\/wp-json\/wp\/v2\/media\/296271"}],"wp:attachment":[{"href":"https:\/\/www.europesays.com\/fr\/wp-json\/wp\/v2\/media?parent=296270"}],"wp:term":[{"taxonomy":"category","embeddable":true,"href":"https:\/\/www.europesays.com\/fr\/wp-json\/wp\/v2\/categories?post=296270"},{"taxonomy":"post_tag","embeddable":true,"href":"https:\/\/www.europesays.com\/fr\/wp-json\/wp\/v2\/tags?post=296270"}],"curies":[{"name":"wp","href":"https:\/\/api.w.org\/{rel}","templated":true}]}}