{"id":296280,"date":"2025-08-04T17:56:11","date_gmt":"2025-08-04T17:56:11","guid":{"rendered":"https:\/\/www.europesays.com\/fr\/296280\/"},"modified":"2025-08-04T17:56:11","modified_gmt":"2025-08-04T17:56:11","slug":"water-polo-le-team-strasbourg-debute-sa-preparation-avec-ambition","status":"publish","type":"post","link":"https:\/\/www.europesays.com\/fr\/296280\/","title":{"rendered":"Water-polo. Le Team Strasbourg d\u00e9bute sa pr\u00e9paration avec ambition"},"content":{"rendered":"<p>L\u2019effectif strasbourgeois a \u00e9t\u00e9 reconduit aux trois quarts cet \u00e9t\u00e9. <a href=\"https:\/\/www.dna.fr\/sport\/2025\/06\/03\/canovas-petkovic-et-popadic-quittent-le-team-strasbourg\" target=\"_blank\" rel=\"noopener\">Trois joueurs sont partis, et non des moindres<\/a> : les deux meilleurs buteurs Vlado Popadic (Brescia) et Lorris Canovas (Marseille), ainsi que le pr\u00e9cieux Marko Petkovic (\u00c9toile Rouge Belgrade). \u00ab\u00a0Ils partent vers de beaux clubs, \u00e7a veut dire qu\u2019avec le staff, on a bien travaill\u00e9 pour les faire progresser\u00a0\u00bb d\u00e9fend Olivier Chandieu.<\/p>\n<p>Le technicien de 53 ans, qui entame sa deuxi\u00e8me saison sur le banc du Team, a enregistr\u00e9 trois renforts, dont un qu\u2019il conna\u00eet tr\u00e8s bien. Il s\u2019agit, en effet, de\u2026 son fils Pierre (26 ans) qu\u2019il a dirig\u00e9 \u00e0 S\u00e8te et qui \u00e9voluait \u00e0 Montpellier lors du dernier exercice. \u00ab\u00a0Il a une tr\u00e8s&#8230;<\/p>\n","protected":false},"excerpt":{"rendered":"L\u2019effectif strasbourgeois a \u00e9t\u00e9 reconduit aux trois quarts cet \u00e9t\u00e9. Trois joueurs sont partis, et non des moindres&hellip;\n","protected":false},"author":2,"featured_media":296281,"comment_status":"","ping_status":"","sticky":false,"template":"","format":"standard","meta":{"footnotes":""},"categories":[2820],"tags":[1111,11,2649,2880,1777,674,107,1011,27,775,12,25,517,15103,640,2879,43653,7488],"class_list":{"0":"post-296280","1":"post","2":"type-post","3":"status-publish","4":"format-standard","5":"has-post-thumbnail","7":"category-strasbourg","8":"tag-actu","9":"tag-actualites","10":"tag-bas-rhin","11":"tag-edition-strasbourg","12":"tag-eu","13":"tag-europe","14":"tag-fil-info","15":"tag-fr","16":"tag-france","17":"tag-grand-est","18":"tag-news","19":"tag-republique-francaise","20":"tag-sport","21":"tag-sports-nautiques","22":"tag-strasbourg","23":"tag-strasbourg-ville","24":"tag-team-strasbourg","25":"tag-water-polo"},"share_on_mastodon":{"url":"https:\/\/pubeurope.com\/@fr\/114971789473742365","error":""},"_links":{"self":[{"href":"https:\/\/www.europesays.com\/fr\/wp-json\/wp\/v2\/posts\/296280","targetHints":{"allow":["GET"]}}],"collection":[{"href":"https:\/\/www.europesays.com\/fr\/wp-json\/wp\/v2\/posts"}],"about":[{"href":"https:\/\/www.europesays.com\/fr\/wp-json\/wp\/v2\/types\/post"}],"author":[{"embeddable":true,"href":"https:\/\/www.europesays.com\/fr\/wp-json\/wp\/v2\/users\/2"}],"replies":[{"embeddable":true,"href":"https:\/\/www.europesays.com\/fr\/wp-json\/wp\/v2\/comments?post=296280"}],"version-history":[{"count":0,"href":"https:\/\/www.europesays.com\/fr\/wp-json\/wp\/v2\/posts\/296280\/revisions"}],"wp:featuredmedia":[{"embeddable":true,"href":"https:\/\/www.europesays.com\/fr\/wp-json\/wp\/v2\/media\/296281"}],"wp:attachment":[{"href":"https:\/\/www.europesays.com\/fr\/wp-json\/wp\/v2\/media?parent=296280"}],"wp:term":[{"taxonomy":"category","embeddable":true,"href":"https:\/\/www.europesays.com\/fr\/wp-json\/wp\/v2\/categories?post=296280"},{"taxonomy":"post_tag","embeddable":true,"href":"https:\/\/www.europesays.com\/fr\/wp-json\/wp\/v2\/tags?post=296280"}],"curies":[{"name":"wp","href":"https:\/\/api.w.org\/{rel}","templated":true}]}}