{"id":296295,"date":"2025-08-04T18:04:09","date_gmt":"2025-08-04T18:04:09","guid":{"rendered":"https:\/\/www.europesays.com\/fr\/296295\/"},"modified":"2025-08-04T18:04:09","modified_gmt":"2025-08-04T18:04:09","slug":"trois-hectares-de-brules-dans-une-commune-au-sud-de-toulouse-les-pompiers-interviennent","status":"publish","type":"post","link":"https:\/\/www.europesays.com\/fr\/296295\/","title":{"rendered":"Trois hectares de br\u00fbl\u00e9s dans une commune au sud de Toulouse\u2009: les pompiers interviennent"},"content":{"rendered":"<p>            Par<br \/>\n        <strong><br \/>\n            <a href=\"https:\/\/actu.fr\/auteur\/lea-afonso\" title=\"Consulter tous les articles de L\u00e9a Afonso\" rel=\"nofollow noopener\" target=\"_blank\">L\u00e9a Afonso<\/a><br \/>\n        <\/strong><\/p>\n<p>        Publi\u00e9 le<\/p>\n<p>            4 ao\u00fbt 2025 \u00e0 19h45        <\/p>\n<p>Les sapeurs-pompiers du SDIS 31 sont intervenus dans un <strong>lieu-dit de <a href=\"https:\/\/actu.fr\/occitanie\/saint-gaudens_31483\" rel=\"nofollow noopener\" target=\"_blank\">Saint-Gaudens<\/a><\/strong> au sud de <a href=\"https:\/\/actu.fr\/toulouse\/\" rel=\"nofollow noopener\" target=\"_blank\">Toulouse<\/a> ce lundi 4\u00a0ao\u00fbt 2025 pour un <strong>feu<\/strong> br\u00fblant au total <strong>trois hectares.<\/strong><\/p>\n<p>    <a href=\"https:\/\/www.google.com\/maps\/embed?pb=!1m18!1m12!1m3!1d80814.09011994427!2d0.6429795427145426!3d43.12091568687773!2m3!1f0!2f0!3f0!3m2!1i1024!2i768!4f13.1!3m3!1m2!1s0x12a8fc9029149269%3A0x3f527774e987fd28!2s31800%20Saint-Gaudens!5e1!3m2!1sfr!2sfr!4v1754328976170!5m2!1sfr!2sfr\" title=\"Ouvrie le lien\" rel=\"nofollow noopener\" target=\"_blank\">Cliquez ici pour visualiser le contenu<\/a><\/p>\n<p>Le feu anim\u00e9 par le vent<\/p>\n<p class=\" wall-content\">Les sapeurs-pompiers de la Haute-Garonne sont intervenus sur un nouveau feu ce lundi aux alentours de 14h. Ils ont \u00e9t\u00e9 engag\u00e9s sur un<strong> feu de r\u00e9colte sur pied et de bottes de paille<\/strong> aliment\u00e9 par un <strong>vent<\/strong> de secteur sud dans le<strong> lieu-dit La serre de Nerous.<\/strong><\/p>\n<p>D\u00e9fense des habitations et route barr\u00e9e<\/p>\n<p class=\" wall-content\">Les 22 soldats du feu sur place ont d\u00e9fendu les habitations alentour et ont combattu le feu, limitant l\u2019<strong>\u00e9tendue du sinistre \u00e0 trois hectares<\/strong>. De son c\u00f4t\u00e9, la route d\u00e9partementale a \u00e9t\u00e9 ferm\u00e9e \u00e0 la circulation en pr\u00e9sence de la gendarmerie nationale.<\/p>\n<p class=\" wall-content\">Suivez toute l\u2019actualit\u00e9 de vos villes et m\u00e9dias favoris en vous inscrivant \u00e0 <a href=\"https:\/\/moncompte.actu.fr\" title=\"D\u00e9couvez Mon Actu\" rel=\"nofollow noopener\" data-trk=\"{&quot;cta&quot;:{&quot;action&quot;:&quot;https:\\\/\\\/moncompte.actu.fr&quot;,&quot;category&quot;:&quot;mon compte&quot;,&quot;from&quot;:&quot;article footer&quot;,&quot;name&quot;:&quot;Mon actu&quot;,&quot;type&quot;:&quot;cta&quot;}}\" target=\"_blank\">Mon Actu<\/a>.<\/p>\n","protected":false},"excerpt":{"rendered":"Par L\u00e9a Afonso Publi\u00e9 le 4 ao\u00fbt 2025 \u00e0 19h45 Les sapeurs-pompiers du SDIS 31 sont intervenus dans&hellip;\n","protected":false},"author":2,"featured_media":285023,"comment_status":"","ping_status":"","sticky":false,"template":"","format":"standard","meta":{"footnotes":""},"categories":[2816],"tags":[1111,11,1777,674,118,1011,27,12,2680,1311,25,2312],"class_list":{"0":"post-296295","1":"post","2":"type-post","3":"status-publish","4":"format-standard","5":"has-post-thumbnail","7":"category-toulouse","8":"tag-actu","9":"tag-actualites","10":"tag-eu","11":"tag-europe","12":"tag-faits-divers","13":"tag-fr","14":"tag-france","15":"tag-news","16":"tag-occitanie","17":"tag-pompiers","18":"tag-republique-francaise","19":"tag-toulouse"},"share_on_mastodon":{"url":"https:\/\/pubeurope.com\/@fr\/114971821244378658","error":""},"_links":{"self":[{"href":"https:\/\/www.europesays.com\/fr\/wp-json\/wp\/v2\/posts\/296295","targetHints":{"allow":["GET"]}}],"collection":[{"href":"https:\/\/www.europesays.com\/fr\/wp-json\/wp\/v2\/posts"}],"about":[{"href":"https:\/\/www.europesays.com\/fr\/wp-json\/wp\/v2\/types\/post"}],"author":[{"embeddable":true,"href":"https:\/\/www.europesays.com\/fr\/wp-json\/wp\/v2\/users\/2"}],"replies":[{"embeddable":true,"href":"https:\/\/www.europesays.com\/fr\/wp-json\/wp\/v2\/comments?post=296295"}],"version-history":[{"count":0,"href":"https:\/\/www.europesays.com\/fr\/wp-json\/wp\/v2\/posts\/296295\/revisions"}],"wp:featuredmedia":[{"embeddable":true,"href":"https:\/\/www.europesays.com\/fr\/wp-json\/wp\/v2\/media\/285023"}],"wp:attachment":[{"href":"https:\/\/www.europesays.com\/fr\/wp-json\/wp\/v2\/media?parent=296295"}],"wp:term":[{"taxonomy":"category","embeddable":true,"href":"https:\/\/www.europesays.com\/fr\/wp-json\/wp\/v2\/categories?post=296295"},{"taxonomy":"post_tag","embeddable":true,"href":"https:\/\/www.europesays.com\/fr\/wp-json\/wp\/v2\/tags?post=296295"}],"curies":[{"name":"wp","href":"https:\/\/api.w.org\/{rel}","templated":true}]}}