{"id":296300,"date":"2025-08-04T18:08:14","date_gmt":"2025-08-04T18:08:14","guid":{"rendered":"https:\/\/www.europesays.com\/fr\/296300\/"},"modified":"2025-08-04T18:08:14","modified_gmt":"2025-08-04T18:08:14","slug":"sophie-ferjani-pourquoi-elle-a-quitte-paris-pour-le-soleil-de-marseille","status":"publish","type":"post","link":"https:\/\/www.europesays.com\/fr\/296300\/","title":{"rendered":"Sophie Ferjani : pourquoi elle a quitt\u00e9 Paris pour le soleil de Marseille"},"content":{"rendered":"<p>                                        <img decoding=\"async\" src=\"https:\/\/www.europesays.com\/fr\/wp-content\/uploads\/2025\/08\/6ac2e459819a86cfd0e038f0f7b2dc5f221cb718332514c4a49bb55c90af2ca0.jpg\" alt=\"GALA VIDEO - Sophie Ferjani\u00a0: ce qu'il faut conna\u00eetre\" class=\"a11y-hidden\"\/><\/p>\n<p class=\"fig-standfirst\">Aux commandes de l\u2019\u00e9mission Ma r\u00e9novation est la plus belle de France, ce lundi 4 ao\u00fbt sur M6, Sophie Ferjani est une vraie Marseillaise dans l\u2019\u00e2me. Il y a huit ans, l\u2019architecte d\u2019int\u00e9rieur a d\u00e9cid\u00e9 de quitter Paris pour s\u2019installer dans la cit\u00e9 phoc\u00e9enne. Un d\u00e9m\u00e9nagement tant esp\u00e9r\u00e9 sur lequel elle s\u2019est confi\u00e9e aupr\u00e8s de Gala.fr.<\/p>\n<p class=\"fig-paragraph\">Un d\u00e9m\u00e9nagement qui lui tenait \u00e0 c\u0153ur. De retour sur le petit \u00e9cran avec l\u2019\u00e9mission Ma r\u00e9novation est la plus belle de France, diffus\u00e9e ce lundi 4 ao\u00fbt sur M6, Sophie Ferjani a d\u00e9laiss\u00e9\u00a0<a href=\"http:\/\/www.gala.fr\/l_actu\/news_de_stars\/sophie-ferjani-prise-dans-le-terrible-incendie-a-marseille-elle-devoile-des-photos-epoustouflantes-20250709\" data-fig-type=\"Article\" data-gtm-custom-categorie=\"navigation\" data-gtm-custom-action=\"crossclick\" data-gtm-custom-label=\"Contextuel\" data-gtm-event=\"customEventSPE\" data-fig-domain=\"GALA\" target=\"_blank\" rel=\"noopener\">son cocon familial marseillais<\/a>\u00a0pour d\u00e9couvrir des biens enti\u00e8rement restaur\u00e9s aux quatre coins de l\u2019Hexagone. Si elle a v\u00e9cu de nombreuses ann\u00e9es \u00e0 Paris, pour poursuivre ses \u00e9tudes \u00e0 l\u2019\u00e9cole d\u2019arts appliqu\u00e9es Olivier de Serres puis pour son travail, l\u2019architecte d\u2019int\u00e9rieur souhaitait vivre dans le sud de la France. \u00abCe n\u2019\u00e9tait pas mon r\u00eave de vivre dans la capitale\u00bb, a-t-elle avou\u00e9 aupr\u00e8s de Gala.fr. Et d\u2019ajouter\u00a0: \u00abC\u2019\u00e9tait un peu pareil pour\u00a0<a href=\"https:\/\/www.gala.fr\/l_actu\/news_de_stars\/photo-sophie-ferjani-amoureuse-tendre-baiser-avec-son-mari-baligh-pour-la-saint-valentin_513351\" data-fig-type=\"Article\" data-gtm-custom-categorie=\"navigation\" data-gtm-custom-action=\"crossclick\" data-gtm-custom-label=\"Contextuel\" data-gtm-event=\"customEventSPE\" data-fig-domain=\"GALA\" target=\"_blank\" rel=\"noopener\">mon mari<\/a> \u00a0qui n\u2019est pas Parisien. On s\u2019est dit que le jour o\u00f9 on travaillerait ensemble, on irait vivre au soleil.\u00bb<\/p>\n<p>Tr\u00e8s vite, le choix de la cit\u00e9 phoc\u00e9enne s\u2019est impos\u00e9 comme une \u00e9vidence pour Sophie Ferjani. \u00abJ\u2019ai toujours profond\u00e9ment aim\u00e9 Marseille. Dans cette ville, j\u2019ai le sentiment d\u2019\u00eatre chez moi, \u00e7a ne s\u2019explique pas\u00bb, a-t-elle confi\u00e9. Cependant, ce nouveau chapitre ne s\u2019est pas \u00e9crit du jour au lendemain. \u00abCe projet a demand\u00e9 dix ans d\u2019\u00e9criture\u00bb, a-t-elle d\u00e9clar\u00e9. Avant d\u2019en d\u00e9voiler la principale raison\u00a0: \u00abComme on embarquait\u00a0<a href=\"https:\/\/www.gala.fr\/l_actu\/news_de_stars\/exclu-sophie-ferjani-tout-changer-ou-demenager-epatee-par-ses-trois-fils-je-les-trouve-super_510758\" data-fig-type=\"Article\" data-gtm-custom-categorie=\"navigation\" data-gtm-custom-action=\"crossclick\" data-gtm-custom-label=\"Contextuel\" data-gtm-event=\"customEventSPE\" data-fig-domain=\"GALA\" target=\"_blank\" rel=\"noopener\">notre famille<\/a> \u00a0dans ce projet, on voulait le faire avant l\u2019entr\u00e9e en sixi\u00e8me de notre a\u00een\u00e9.\u00bb R\u00e9sultat\u00a0? Apr\u00e8s avoir \u00abpeaufin\u00e9\u00bb ce nouveau d\u00e9part, Sophie Ferjani a pu r\u00e9aliser son r\u00eave. \u00abOn est partis pour nos 40 ans. C\u2019\u00e9tait un concours de circonstances pr\u00e9m\u00e9dit\u00e9\u00bb, a-t-elle conclu, ravie de son quotidien sous le chant des cigales.<\/p>\n<p>Sophie Ferjani d\u00e9voile ses endroits pr\u00e9f\u00e9r\u00e9s \u00e0 Marseille<\/p>\n<p class=\"fig-paragraph\">Lorsqu\u2019elle n\u2019est pas dans son concept store ou dans son cabinet d\u2019architecte, Sophie Ferjani aime fl\u00e2ner dans \u00able Marseille authentique o\u00f9 il y a les rendez-vous de p\u00eacheurs\u00bb, a-t-elle r\u00e9v\u00e9l\u00e9 \u00e0 Gala.fr. Quand elle ne met pas le cap sur le quartier de l\u2019Estaque, la m\u00e8re de famille aime se balader \u00abdans Les Goudes\u00bb. Et lorsqu\u2019elle a envie de prendre un bon bol d\u2019air frais, elle a un endroit de pr\u00e9dilection. \u00abJ\u2019aime aussi partir en randonn\u00e9e sur la c\u00f4te bleue\u00bb, a-t-elle indiqu\u00e9 au cours de cet entretien.\u00a0<\/p>\n<p>Qu\u2019en est-il des restaurants\u00a0? Toujours \u00e0 la recherche d\u2019un endroit \u00abauthentique\u00bb, elle jette bien souvent son d\u00e9volu sur \u00abdes petits bistrots tr\u00e8s chaleureux\u00bb. Et pour faire quelques emplettes, elle prend la direction du quartier de Noailles o\u00f9 se trouve son \u00ab\u00e9picerie id\u00e9ale\u00bb. \u00abElle est pleine d\u2019authenticit\u00e9. Les petites brioches sont faites avec amour\u00bb, a-t-elle assur\u00e9. Marseille a bel et bien gagn\u00e9 le coeur de Sophie Ferjani.<\/p>\n","protected":false},"excerpt":{"rendered":"Aux commandes de l\u2019\u00e9mission Ma r\u00e9novation est la plus belle de France, ce lundi 4 ao\u00fbt sur M6,&hellip;\n","protected":false},"author":2,"featured_media":296301,"comment_status":"","ping_status":"","sticky":false,"template":"","format":"standard","meta":{"footnotes":""},"categories":[2814],"tags":[1111,11,9260,14477,1777,674,1011,27,884,12,882,25,39707],"class_list":{"0":"post-296300","1":"post","2":"type-post","3":"status-publish","4":"format-standard","5":"has-post-thumbnail","7":"category-marseille","8":"tag-actu","9":"tag-actualites","10":"tag-confidences","11":"tag-demenagement","12":"tag-eu","13":"tag-europe","14":"tag-fr","15":"tag-france","16":"tag-marseille","17":"tag-news","18":"tag-provence-alpes-cote-dazur","19":"tag-republique-francaise","20":"tag-sophie-ferjani"},"share_on_mastodon":{"url":"https:\/\/pubeurope.com\/@fr\/114971836701258172","error":""},"_links":{"self":[{"href":"https:\/\/www.europesays.com\/fr\/wp-json\/wp\/v2\/posts\/296300","targetHints":{"allow":["GET"]}}],"collection":[{"href":"https:\/\/www.europesays.com\/fr\/wp-json\/wp\/v2\/posts"}],"about":[{"href":"https:\/\/www.europesays.com\/fr\/wp-json\/wp\/v2\/types\/post"}],"author":[{"embeddable":true,"href":"https:\/\/www.europesays.com\/fr\/wp-json\/wp\/v2\/users\/2"}],"replies":[{"embeddable":true,"href":"https:\/\/www.europesays.com\/fr\/wp-json\/wp\/v2\/comments?post=296300"}],"version-history":[{"count":0,"href":"https:\/\/www.europesays.com\/fr\/wp-json\/wp\/v2\/posts\/296300\/revisions"}],"wp:featuredmedia":[{"embeddable":true,"href":"https:\/\/www.europesays.com\/fr\/wp-json\/wp\/v2\/media\/296301"}],"wp:attachment":[{"href":"https:\/\/www.europesays.com\/fr\/wp-json\/wp\/v2\/media?parent=296300"}],"wp:term":[{"taxonomy":"category","embeddable":true,"href":"https:\/\/www.europesays.com\/fr\/wp-json\/wp\/v2\/categories?post=296300"},{"taxonomy":"post_tag","embeddable":true,"href":"https:\/\/www.europesays.com\/fr\/wp-json\/wp\/v2\/tags?post=296300"}],"curies":[{"name":"wp","href":"https:\/\/api.w.org\/{rel}","templated":true}]}}