{"id":296310,"date":"2025-08-04T18:14:12","date_gmt":"2025-08-04T18:14:12","guid":{"rendered":"https:\/\/www.europesays.com\/fr\/296310\/"},"modified":"2025-08-04T18:14:12","modified_gmt":"2025-08-04T18:14:12","slug":"rencontre-avec-lastronome-wanda-diaz-merced-mediatheque-marguerite-duras-paris-17-octobre-2025","status":"publish","type":"post","link":"https:\/\/www.europesays.com\/fr\/296310\/","title":{"rendered":"Rencontre avec l\u2019astronome Wanda D\u00edaz-Merced M\u00e9diath\u00e8que Marguerite Duras Paris 17 octobre 2025"},"content":{"rendered":"\n<p>\t<img loading=\"lazy\" width=\"1200\" height=\"750\" src=\"data:image\/svg+xml,%3Csvg%20xmlns=\" http:=\"\" class=\"attachment-full size-full wp-post-image\" alt=\"Rencontre avec l'astronome Wanda D\u00edaz-Merced M\u00e9diath\u00e8que Marguerite Duras  Paris\" decoding=\"async\" data-lazy- data-lazy- data-lazy-src=\"https:\/\/www.europesays.com\/fr\/wp-content\/uploads\/2025\/08\/rencontre-avec-lastronome-wanda-diaz-merced-mediatheque-marguerite-duras-paris-2025-10-17t2130000200.jpeg\"\/><br \/>\n\t\t<strong>Rencontre avec l\u2019astronome Wanda D\u00edaz-Merced M\u00e9diath\u00e8que Marguerite Duras  Paris vendredi 17 octobre 2025.<\/strong> <\/p>\n<p>C\u2019est munie d\u2019enregistrements et de planches tactiles que l\u2019astrophysicienne portoricaine Wanda D\u00edaz-Merced, qui a mis au point une technique de sonification de l\u2019espace, et ainsi d\u00e9montr\u00e9 la pertinence d\u2019utiliser le son en tant qu\u2019outil de recherche, viendra vous faire d\u00e9couvrir l\u2019espace autrement.<\/p>\n<p>La rencontre sera traduite par Pascal Chagnot.<\/p>\n<p>En savoir plus sur Wanda D\u00edaz-Merced\u00a0: <a href=\"https:\/\/lejournal.cnrs.fr\/articles\/wanda-diaz-merced-lastronome-qui-ecoute-les-etoiles\" target=\"_blank\" rel=\"noopener nofollow\" title=\"Ouverture dans un nouvel onglet\">https:\/\/lejournal.cnrs.fr\/articles\/wanda-diaz-merced-lastronome-qui-ecoute-les-etoiles<\/a><\/p>\n<p>  <img loading=\"lazy\" width=\"900\" height=\"200\" decoding=\"async\" src=\"data:image\/svg+xml,%3Csvg%20xmlns=\" http:=\"\" alt=\"\" data-lazy-src=\"https:\/\/www.europesays.com\/fr\/wp-content\/uploads\/2025\/08\/original-7217bbabed24349bd4a300fdacd7876d.png\"\/> ; Cr\u00e9dits : \u00a9 DR<\/p>\n<p>Wanda D\u00edaz-Merced, astronome et aveugle, partagera le fruit de ses recherches sur \u00ab\u00a0le son des \u00e9toiles\u00a0\u00bb<br \/>Le vendredi 17 octobre 2025<br \/>de 18h30 \u00e0 20h00<br \/>gratuit  Public jeunes et adultes.<\/p>\n<p>Horaire : ann\u00e9e-mois-jour-heure<br \/>d\u00e9but : 2025-10-17T21:30:00+02:00<br \/>fin : 2025-10-17T23:00:00+02:00<br \/>Date(s) : 2025-10-17T18:30:00+02:00_2025-10-17T20:00:00+02:00<\/p>\n<p>M\u00e9diath\u00e8que Marguerite Duras 115, rue de Bagnolet\u00a0 75020 Paris<br \/>+33155254910 mediatheque.marguerite-duras@paris.fr     <\/p>\n","protected":false},"excerpt":{"rendered":"Rencontre avec l\u2019astronome Wanda D\u00edaz-Merced M\u00e9diath\u00e8que Marguerite Duras Paris vendredi 17 octobre 2025. C\u2019est munie d\u2019enregistrements et de&hellip;\n","protected":false},"author":2,"featured_media":296311,"comment_status":"","ping_status":"","sticky":false,"template":"","format":"standard","meta":{"footnotes":""},"categories":[1888],"tags":[1111,1928,11,1927,1777,674,1011,27,12,1926,626,1925,25],"class_list":{"0":"post-296310","1":"post","2":"type-post","3":"status-publish","4":"format-standard","5":"has-post-thumbnail","7":"category-paris","8":"tag-actu","9":"tag-actu-paris","10":"tag-actualites","11":"tag-actualites-paris","12":"tag-eu","13":"tag-europe","14":"tag-fr","15":"tag-france","16":"tag-news","17":"tag-news-paris","18":"tag-paris","19":"tag-paris-news","20":"tag-republique-francaise"},"share_on_mastodon":{"url":"https:\/\/pubeurope.com\/@fr\/114971860225385403","error":""},"_links":{"self":[{"href":"https:\/\/www.europesays.com\/fr\/wp-json\/wp\/v2\/posts\/296310","targetHints":{"allow":["GET"]}}],"collection":[{"href":"https:\/\/www.europesays.com\/fr\/wp-json\/wp\/v2\/posts"}],"about":[{"href":"https:\/\/www.europesays.com\/fr\/wp-json\/wp\/v2\/types\/post"}],"author":[{"embeddable":true,"href":"https:\/\/www.europesays.com\/fr\/wp-json\/wp\/v2\/users\/2"}],"replies":[{"embeddable":true,"href":"https:\/\/www.europesays.com\/fr\/wp-json\/wp\/v2\/comments?post=296310"}],"version-history":[{"count":0,"href":"https:\/\/www.europesays.com\/fr\/wp-json\/wp\/v2\/posts\/296310\/revisions"}],"wp:featuredmedia":[{"embeddable":true,"href":"https:\/\/www.europesays.com\/fr\/wp-json\/wp\/v2\/media\/296311"}],"wp:attachment":[{"href":"https:\/\/www.europesays.com\/fr\/wp-json\/wp\/v2\/media?parent=296310"}],"wp:term":[{"taxonomy":"category","embeddable":true,"href":"https:\/\/www.europesays.com\/fr\/wp-json\/wp\/v2\/categories?post=296310"},{"taxonomy":"post_tag","embeddable":true,"href":"https:\/\/www.europesays.com\/fr\/wp-json\/wp\/v2\/tags?post=296310"}],"curies":[{"name":"wp","href":"https:\/\/api.w.org\/{rel}","templated":true}]}}