{"id":296316,"date":"2025-08-04T18:17:11","date_gmt":"2025-08-04T18:17:11","guid":{"rendered":"https:\/\/www.europesays.com\/fr\/296316\/"},"modified":"2025-08-04T18:17:11","modified_gmt":"2025-08-04T18:17:11","slug":"guerre-en-ukraine-les-pertes-pourraient-depasser-les-dommages-subis-au-front-explosion-des-contaminations-au-vih-parmi-les-soldats-russes","status":"publish","type":"post","link":"https:\/\/www.europesays.com\/fr\/296316\/","title":{"rendered":"Guerre en Ukraine\u00a0: \u00ab\u00a0les pertes pourraient d\u00e9passer les dommages subis\u00a0\u00bb au front\u2026 Explosion des contaminations au VIH parmi les soldats russes"},"content":{"rendered":"<p>\n                                                                    l&rsquo;essentiel<br \/>\n                                                                Les cas de VIH ont augment\u00e9 parmi les soldats russes depuis le d\u00e9but de la guerre en Ukraine selon un rapport de Carnegie Politika qui d\u00e9nonce les d\u00e9cisions du Kremlin\n                            <\/p>\n<p>La guerre en Ukraine a entra\u00een\u00e9 son lot de morts et continue de faire des ravages sur le terrain. Cons\u00e9quence plus inattendue du conflit, une hausse consid\u00e9rable des maladies sexuellement transmissibles. Selon un rapport de <a href=\"https:\/\/carnegieendowment.org\/russia-eurasia\/politika\/2025\/07\/russia-war-hiv-epidemic?lang=en\" target=\"_self\" rel=\"nofollow noopener\">Carnegie Politika<\/a>, publi\u00e9 le 23\u00a0juillet 2025, les cas de VIH ont explos\u00e9 au sein des troupes russes depuis le d\u00e9but de la <a href=\"https:\/\/www.ladepeche.fr\/actu\/international\/crise-en-ukraine\/\" target=\"_self\" rel=\"nofollow noopener\">guerre en Ukraine<\/a>.<\/p>\n<p>Chaque ann\u00e9e, la Russie compte entre 50\u00a0000\u00a0et 100\u00a0000 nouveaux cas de contamination. Cela s\u2019explique par les\u00a0rapports sexuels non prot\u00e9g\u00e9s que peuvent avoir les soldats mais \u00e9galement de\u00a0l\u2019utilisation de seringues non st\u00e9rilis\u00e9es pour la consommation de drogue.<\/p>\n<p>La Russie, cinqui\u00e8me pays du monde en nombre de contaminations au VIH<\/p>\n<p>N\u00e9anmoins, au-del\u00e0 de ces causes \u00e9videntes, le rapport soul\u00e8ve que les causes explicatives sont \u00ab\u00a0purement politiques\u00a0\u00bb. Celui-ci\u00a0d\u00e9nonce notamment les d\u00e9cisions politiques prises par le Kremlin pour assurer le respect des \u00ab\u00a0valeurs traditionnelles\u00a0\u00bb de la soci\u00e9t\u00e9 russe.<\/p>\n<p class=\"std-elt__inline\">\n        <strong>\u00c0 lire aussi :<\/strong><br \/>\n        <a href=\"https:\/\/www.ladepeche.fr\/2025\/07\/28\/guerre-en-ukraine-au-moins-245-soldats-russes-de-18-ans-fraichement-sortis-de-lecole-sont-morts-au-combat-12848517.php\" rel=\"nofollow noopener\" target=\"_blank\">Guerre en Ukraine\u00a0: au moins 245 soldats russes de 18 ans \u00ab\u00a0fra\u00eechement sortis de l\u2019\u00e9cole\u00a0\u00bb sont morts au combat<\/a>\n    <\/p>\n<p>Ainsi, l\u2019institut prend l\u2019exemple de l\u2019association caritative d\u2019Elton John, sp\u00e9cialis\u00e9e dans la pr\u00e9vention et la sensibilisation au <a href=\"https:\/\/www.ladepeche.fr\/sante\/lutte-contre-le-sida\/\" target=\"_self\" rel=\"nofollow noopener\">VIH<\/a>, qui a \u00e9t\u00e9 plac\u00e9e sur la liste des \u00ab\u00a0organisations ind\u00e9sirables\u00a0\u00bb. De plus, l\u2019\u00e9ducation sexuelle est interdite dans les \u00e9coles et la jeunesse n\u2019est pas sensibilis\u00e9e \u00e0 la contraception ou au d\u00e9pistage.<\/p>\n<p>Selon le programme commun des Nations unies sur le VIH\/sida (UNAIDS), la <a href=\"https:\/\/www.ladepeche.fr\/actu\/international\/russie\/\" target=\"_self\" rel=\"nofollow noopener\">Russie <\/a>est le cinqui\u00e8me pays du monde en nombre de nouveaux cas de VIH depuis 2022. Le rapport alerte que\u00a0\u00ab\u00a0les pertes d\u00e9mographiques et \u00e9conomiques que la Russie subira \u00e0 la suite de cette \u00e9pid\u00e9mie auront des r\u00e9percussions pendant les d\u00e9cennies et pourraient m\u00eame d\u00e9passer les dommages qu\u2019elle a subis lors de son invasion de l\u2019Ukraine\u00a0\u00bb.<\/p>\n<p class=\"std-elt__inline\">\n        <strong>\u00c0 lire aussi :<\/strong><br \/>\n        <a href=\"https:\/\/www.ladepeche.fr\/2025\/07\/31\/guerre-en-ukraine-la-russie-peut-etre-poussee-a-mettre-fin-a-cette-guerre-zelensky-appelle-a-un-changement-de-regime-a-moscou-12854671.php\" rel=\"nofollow noopener\" target=\"_blank\">Guerre en Ukraine : \u00ab\u00a0La Russie peut \u00eatre pouss\u00e9e \u00e0 mettre fin \u00e0 cette guerre&#8230;\u00a0\u00bb Zelensky appelle \u00e0 un \u00ab\u00a0changement de r\u00e9gime\u00a0\u00bb \u00e0 Moscou<\/a>\n    <\/p>\n<p>Si la maladie reste officiellement une raison d\u2019inaptitude au service militaire, plusieurs m\u00e9dias ind\u00e9pendants t\u00e9moignent du fait que les soldats contamin\u00e9s sont forc\u00e9s \u00e0 rester sur le front\u00a0par\u00a0manque d\u2019effectifs.<\/p>\n","protected":false},"excerpt":{"rendered":"l&rsquo;essentiel Les cas de VIH ont augment\u00e9 parmi les soldats russes depuis le d\u00e9but de la guerre en&hellip;\n","protected":false},"author":2,"featured_media":296317,"comment_status":"","ping_status":"","sticky":false,"template":"","format":"standard","meta":{"footnotes":""},"categories":[1591],"tags":[11,1887,12,1885,1886,132],"class_list":{"0":"post-296316","1":"post","2":"type-post","3":"status-publish","4":"format-standard","5":"has-post-thumbnail","7":"category-russie","8":"tag-actualites","9":"tag-federation-de-russie","10":"tag-news","11":"tag-russia","12":"tag-russian-federation","13":"tag-russie"},"share_on_mastodon":{"url":"https:\/\/pubeurope.com\/@fr\/114971872146136628","error":""},"_links":{"self":[{"href":"https:\/\/www.europesays.com\/fr\/wp-json\/wp\/v2\/posts\/296316","targetHints":{"allow":["GET"]}}],"collection":[{"href":"https:\/\/www.europesays.com\/fr\/wp-json\/wp\/v2\/posts"}],"about":[{"href":"https:\/\/www.europesays.com\/fr\/wp-json\/wp\/v2\/types\/post"}],"author":[{"embeddable":true,"href":"https:\/\/www.europesays.com\/fr\/wp-json\/wp\/v2\/users\/2"}],"replies":[{"embeddable":true,"href":"https:\/\/www.europesays.com\/fr\/wp-json\/wp\/v2\/comments?post=296316"}],"version-history":[{"count":0,"href":"https:\/\/www.europesays.com\/fr\/wp-json\/wp\/v2\/posts\/296316\/revisions"}],"wp:featuredmedia":[{"embeddable":true,"href":"https:\/\/www.europesays.com\/fr\/wp-json\/wp\/v2\/media\/296317"}],"wp:attachment":[{"href":"https:\/\/www.europesays.com\/fr\/wp-json\/wp\/v2\/media?parent=296316"}],"wp:term":[{"taxonomy":"category","embeddable":true,"href":"https:\/\/www.europesays.com\/fr\/wp-json\/wp\/v2\/categories?post=296316"},{"taxonomy":"post_tag","embeddable":true,"href":"https:\/\/www.europesays.com\/fr\/wp-json\/wp\/v2\/tags?post=296316"}],"curies":[{"name":"wp","href":"https:\/\/api.w.org\/{rel}","templated":true}]}}