{"id":296320,"date":"2025-08-04T18:19:12","date_gmt":"2025-08-04T18:19:12","guid":{"rendered":"https:\/\/www.europesays.com\/fr\/296320\/"},"modified":"2025-08-04T18:19:12","modified_gmt":"2025-08-04T18:19:12","slug":"trump-souhaite-nommer-un-statisticien-exceptionnel-dans-la-semaine-liberation","status":"publish","type":"post","link":"https:\/\/www.europesays.com\/fr\/296320\/","title":{"rendered":"Trump souhaite nommer un statisticien \u00abexceptionnel\u00bb dans la semaine \u2013 Lib\u00e9ration"},"content":{"rendered":"<p class=\"sc-ksZaOG ehjQrN text-element\">Le pr\u00e9sident am\u00e9ricain Donald Trump a assur\u00e9 lundi qu\u2019il allait nommer sous peu un rempla\u00e7ant \u00e0 l\u2019\u00e9conomiste qui supervisait jusqu\u2019ici <a href=\"https:\/\/www.liberation.fr\/international\/amerique\/leconomie-americaine-bercee-par-le-mirage-donald-trump-20250801_OYYKYJ5TK5DOPBCJLLNHCSBEHE\/\" target=\"_blank\" rel=\"nofollow noopener\" title=\"https:\/\/www.liberation.fr\/international\/amerique\/leconomie-americaine-bercee-par-le-mirage-donald-trump-20250801_OYYKYJ5TK5DOPBCJLLNHCSBEHE\/\">les statistiques officielles sur l\u2019emploi<\/a>, qu\u2019il vient de limoger, soulevant des inqui\u00e9tudes sur la cr\u00e9dibilit\u00e9 des publications futures.<\/p>\n<p class=\"sc-ksZaOG ehjQrN text-element\">Donald Trump avait suscit\u00e9 la stup\u00e9faction des \u00e9conomistes et de ses <a href=\"https:\/\/www.liberation.fr\/international\/amerique\/dans-the-late-show-kamala-harris-dit-faire-une-pause-dans-sa-carriere-politique-et-deplore-la-capitulation-face-a-donald-trump-20250801_KCIEATKZ6BDXPL554OQYKBE5ZQ\/?redirected=1\" target=\"_blank\" rel=\"nofollow noopener\" title=\"https:\/\/www.liberation.fr\/international\/amerique\/dans-the-late-show-kamala-harris-dit-faire-une-pause-dans-sa-carriere-politique-et-deplore-la-capitulation-face-a-donald-trump-20250801_KCIEATKZ6BDXPL554OQYKBE5ZQ\/?redirected=1\">opposants politiques <\/a>en demandant vendredi le renvoi d\u2019Erika McEntarfer, apr\u00e8s la publication de chiffres montrant une nette d\u00e9gradation du march\u00e9 du travail ces derniers mois.<\/p>\n<p class=\"sc-ksZaOG ehjQrN text-element\">\u00abJe choisirai un rempla\u00e7ant exceptionnel\u00bb, a-t-il \u00e9crit sur son r\u00e9seau Truth Social, apr\u00e8s avoir r\u00e9p\u00e9t\u00e9 que les donn\u00e9es avaient \u00e9t\u00e9, selon lui, \u00abtruqu\u00e9es\u00bb \u00e0 des fins politiques pour \u00abminimiser la r\u00e9ussite\u00bb de son <a href=\"https:\/\/www.liberation.fr\/economie\/trump-chine-energie-les-multinationales-francaises-en-flou-tendu-20250803_32RFJYEAGFCV3KCDFCPSCQMA2I\/\" target=\"_blank\" rel=\"nofollow noopener\" title=\"https:\/\/www.liberation.fr\/economie\/trump-chine-energie-les-multinationales-francaises-en-flou-tendu-20250803_32RFJYEAGFCV3KCDFCPSCQMA2I\/\">d\u00e9but de mandat.<\/a><\/p>\n<p class=\"sc-ksZaOG ehjQrN text-element\">Erika McEntarfer dirigeait depuis d\u00e9but 2024 le service des statistiques du minist\u00e8re du Travail, qui publie les chiffres de r\u00e9f\u00e9rence sur l\u2019emploi, la productivit\u00e9 et les prix (indice CPI) aux Etats-Unis.<\/p>\n<p class=\"sc-ksZaOG ehjQrN text-element\">Donald Trump doit maintenant proposer le nom de son rempla\u00e7ant, dont la nomination devra encore \u00eatre confirm\u00e9e par le S\u00e9nat \u00e0 majorit\u00e9 r\u00e9publicaine.<\/p>\n<p class=\"sc-ksZaOG ehjQrN text-element\">\u00abNous allons annoncer un nouveau [chef] statisticien dans environ trois, quatre jours\u00bb, a d\u00e9clar\u00e9 le chef de l\u2019Etat dimanche lors d\u2019un \u00e9change avec des journalistes retransmis \u00e0 la t\u00e9l\u00e9vision am\u00e9ricaine. \u00abNous n\u2019avions pas confiance [\u2026]. Les chiffres qu\u2019elle a annonc\u00e9s \u00e9taient ridicules\u00bb, a-t-il poursuivi, accusant la responsable d\u2019avoir gonfl\u00e9 les chiffres dans le pass\u00e9 au profit du pr\u00e9c\u00e9dent gouvernement d\u00e9mocrate.<\/p>\n<p class=\"sc-ksZaOG ehjQrN text-element\">Le principal conseiller \u00e9conomique de Donald Trump, Kevin Hassett, s\u2019est vu demander lundi matin par la cha\u00eene de t\u00e9l\u00e9vision de l\u2019\u00e9conomie am\u00e9ricaine CNBC si lui aussi pensait que les chiffres \u00e9taient faux. \u00abEn tant qu\u2019\u00e9conomiste, j\u2019aime m\u2019en tenir \u00e0 ce que je peux prouver. Et ce que je peux prouver, c\u2019est que les donn\u00e9es sont devenues tr\u00e8s peu fiables\u00bb, a-t-il \u00e9lud\u00e9, estimant qu\u2019elles \u00abpouvaient \u00eatre manipul\u00e9es politiquement\u00bb en raison d\u2019une m\u00e9thodologie \u00abpas transparente\u00bb.<\/p>\n<p class=\"sc-ksZaOG ehjQrN text-element\">\u00abLe Pr\u00e9sident veut ses propres personnes [\u00e0 ces postes], de sorte que quand on sort des chiffres, ils soient plus transparents et fiables\u00bb, avait d\u00e9j\u00e0 pr\u00e9venu dimanche soir Kevin Hassett, sur la cha\u00eene am\u00e9ricaine NBC.<\/p>\n<p class=\"sc-ksZaOG ehjQrN text-element\">Le nombre d\u2019emplois cens\u00e9s avoir \u00e9t\u00e9 cr\u00e9\u00e9s pendant les mois de mai et de juin a notamment \u00e9t\u00e9 fortement r\u00e9vis\u00e9 \u00e0 la baisse. Les chiffres corrig\u00e9s (19 000 en mai et 14 000 en juin) s\u2019affichent ainsi au plus bas depuis la pand\u00e9mie de Covid-19.<\/p>\n<p class=\"sc-ksZaOG ehjQrN text-element\">\u00abSi je dirigeais le Bureau des statistiques du travail et que j\u2019avais un chiffre qui comportait une r\u00e9vision \u00e9norme et importante politiquement, alors j\u2019aurais donn\u00e9 un tr\u00e8s long rapport expliquant ce qui s\u2019est pass\u00e9. Et on n\u2019a pas eu cela\u00bb, a ajout\u00e9 le conseiller \u00e9conomique du pr\u00e9sident am\u00e9ricain.<\/p>\n<p class=\"sc-ksZaOG ehjQrN text-element\">Donald Trump doit aussi d\u00e9signer prochainement la personne qu\u2019il souhaite voir entrer au comit\u00e9 fixant les taux d\u2019int\u00e9r\u00eat de la R\u00e9serve f\u00e9d\u00e9rale (Fed), apr\u00e8s la d\u00e9mission surprise vendredi de la gouverneure Adriana Kugler. Le chef de l\u2019Etat estime avoir son mot \u00e0 dire sur la politique mon\u00e9taire et ne cesse d\u2019admonester le pr\u00e9sident de la banque centrale, Jerome Powell, dans l\u2019espoir de le voir partir \u00e0 son tour.<\/p>\n<p class=\"sc-ksZaOG ehjQrN text-element\"><b>Mise \u00e0 jour <\/b>\u00e0 19 h 30 avec davatange d\u2019informations<\/p>\n","protected":false},"excerpt":{"rendered":"Le pr\u00e9sident am\u00e9ricain Donald Trump a assur\u00e9 lundi qu\u2019il allait nommer sous peu un rempla\u00e7ant \u00e0 l\u2019\u00e9conomiste qui&hellip;\n","protected":false},"author":2,"featured_media":296321,"comment_status":"","ping_status":"","sticky":false,"template":"","format":"standard","meta":{"footnotes":""},"categories":[1589],"tags":[11,75,73,1866,12,1864,1865,1863,308],"class_list":{"0":"post-296320","1":"post","2":"type-post","3":"status-publish","4":"format-standard","5":"has-post-thumbnail","7":"category-etats-unis","8":"tag-actualites","9":"tag-donald-trump","10":"tag-etats-unis","11":"tag-etats-unis-damerique","12":"tag-news","13":"tag-united-states","14":"tag-united-states-of-america","15":"tag-us","16":"tag-usa"},"share_on_mastodon":{"url":"https:\/\/pubeurope.com\/@fr\/114971880067938537","error":""},"_links":{"self":[{"href":"https:\/\/www.europesays.com\/fr\/wp-json\/wp\/v2\/posts\/296320","targetHints":{"allow":["GET"]}}],"collection":[{"href":"https:\/\/www.europesays.com\/fr\/wp-json\/wp\/v2\/posts"}],"about":[{"href":"https:\/\/www.europesays.com\/fr\/wp-json\/wp\/v2\/types\/post"}],"author":[{"embeddable":true,"href":"https:\/\/www.europesays.com\/fr\/wp-json\/wp\/v2\/users\/2"}],"replies":[{"embeddable":true,"href":"https:\/\/www.europesays.com\/fr\/wp-json\/wp\/v2\/comments?post=296320"}],"version-history":[{"count":0,"href":"https:\/\/www.europesays.com\/fr\/wp-json\/wp\/v2\/posts\/296320\/revisions"}],"wp:featuredmedia":[{"embeddable":true,"href":"https:\/\/www.europesays.com\/fr\/wp-json\/wp\/v2\/media\/296321"}],"wp:attachment":[{"href":"https:\/\/www.europesays.com\/fr\/wp-json\/wp\/v2\/media?parent=296320"}],"wp:term":[{"taxonomy":"category","embeddable":true,"href":"https:\/\/www.europesays.com\/fr\/wp-json\/wp\/v2\/categories?post=296320"},{"taxonomy":"post_tag","embeddable":true,"href":"https:\/\/www.europesays.com\/fr\/wp-json\/wp\/v2\/tags?post=296320"}],"curies":[{"name":"wp","href":"https:\/\/api.w.org\/{rel}","templated":true}]}}