{"id":296324,"date":"2025-08-04T18:21:13","date_gmt":"2025-08-04T18:21:13","guid":{"rendered":"https:\/\/www.europesays.com\/fr\/296324\/"},"modified":"2025-08-04T18:21:13","modified_gmt":"2025-08-04T18:21:13","slug":"les-allemands-reticents-a-sengager-dans-larmee","status":"publish","type":"post","link":"https:\/\/www.europesays.com\/fr\/296324\/","title":{"rendered":"Les Allemands r\u00e9ticents \u00e0 s\u2019engager dans l\u2019arm\u00e9e"},"content":{"rendered":"<p>En \u00e0 peine trois ans, la donne s\u00e9curitaire a chang\u00e9 : l\u2019invasion de l\u2019Ukraine par la Russie puis l\u2019incertitude am\u00e9ricaine ont pouss\u00e9 l\u2019Allemagne \u00e0 rompre avec des d\u00e9cennies de retenue. Le Bundestag a ainsi <a href=\"https:\/\/www.tagesschau.de\/inland\/innenpolitik\/haushalt-2026-100.html\" target=\"_blank\" rel=\"noopener\">adopt\u00e9<\/a> un budget D\u00e9fense de 82,7 milliards d\u2019euros pour 2026, compl\u00e9t\u00e9 par 25,5 milliards du fonds sp\u00e9cial de 2022 \u2013 un bond spectaculaire depuis les 32,4 milliards de 2014. L\u2019objectif affich\u00e9 : d\u2019abord franchir le seuil symbolique des 2 % du PIB, puis viser 5 % \u00e0 l\u2019horizon 2032, pour transformer la Bundeswehr en l\u2019une des arm\u00e9es conventionnelles les mieux dot\u00e9es d\u2019Europe.<\/p>\n<p>Gros budgets, petits taux de service<\/p>\n<p>Pour alimenter cette mue, le ministre de la D\u00e9fense Boris Pistorius a d\u00e9voil\u00e9 un \u00ab nouveau service militaire \u00bb. D\u00e8s 2028, chaque jeune de 18 \u00e0 25 ans recevra un questionnaire d\u2019orientation professionnelle : obligatoire pour les hommes, facultatif pour les femmes. Si le volontariat ne suffit pas \u00e0 recruter les 40 000 nouveaux soldats annuels envisag\u00e9s, la conscription (suspendue en 2011) pourrait rebondir apr\u00e8s un examen m\u00e9dical. Cette formule \u00ab hybride \u00bb vise \u00e0 maintenir la pression sur les effectifs sans relancer brutalement un service national qui suscite des r\u00e9serves, notamment parmi les 18-29 ans, dont 61 % se disent d\u00e9j\u00e0 hostiles \u00e0 tout retour de la Wehrpflicht (conscription).<\/p>\n<p>Toutefois, la modernisation bute sur des <a href=\"https:\/\/www.spiegel.de\/international\/germany\/the-bad-news-bundeswehr-an-examination-of-the-truly-dire-state-of-germany-s-military-a-df92eaaf-e3f9-464d-99a3-ef0c27dcc797\" target=\"_blank\" rel=\"noopener\">lacunes frappantes<\/a> : moins de 30 % des b\u00e2timents de surface de la marine et environ 40 % des h\u00e9licopt\u00e8res sont jug\u00e9s pleinement op\u00e9rationnels, tandis que seulement 10 A400M sur 30 sont pr\u00eats \u00e0 voler en continu. Dans l\u2019arm\u00e9e de terre, \u00e0 peine 40 des 350 v\u00e9hicules de combat Puma remplissent les crit\u00e8res de \u00ab guerre \u00bb, et la flotte de chars modernes peine \u00e0 atteindre ses objectifs. Sur le terrain, en Lituanie, les soldats d\u00e9ploy\u00e9s d\u00e9noncent le manque de tenues adapt\u00e9es \u00e0 l\u2019hiver balte, rappel cruel d\u2019une arm\u00e9e longtemps pens\u00e9e pour \u00e9viter le front. L\u2019\u00e9cart entre promesses budg\u00e9taires et r\u00e9alit\u00e9 op\u00e9rationnelle interroge : il faudra des mois, voire des ann\u00e9es, pour aligner la technique sur l\u2019ambition.<\/p>\n<p>Le soutien de l\u2019opinion publique reste cependant solide\u2026 sur le plan financier. Selon un sondage Forsa pour le <a href=\"https:\/\/www.rnd.de\/politik\/umfrage-deutsche-fuer-mehr-verteidigung-selbst-kaempfen-lieber-nicht-CERDLFUUOZBDBFFJFWEGB6OMEE.html\" target=\"_blank\" rel=\"noopener\">RND<\/a> (publi\u00e9 le 3 ao\u00fbt 2025), 67 % des Allemands approuvent le doublement des cr\u00e9dits d\u2019ici 2032, tandis que seulement 30 % s\u2019y opposent. Mais l\u2019enthousiasme vacille d\u00e8s qu\u2019il s\u2019agit d\u2019engagement personnel : 59 % d\u00e9clinent l\u2019id\u00e9e de prendre les armes pour d\u00e9fendre leur pays, un rejet particuli\u00e8rement marqu\u00e9 chez les femmes (72 %) et les plus de 60 ans (68 %). En revanche, 88 % se disent pr\u00eats \u00e0 contribuer \u00e0 la protection civile \u2013 \u00e9vacuations, secours, maintenance des infrastructures \u2013 r\u00e9v\u00e9lant un pragmatisme nettement tourn\u00e9 vers la r\u00e9silience plut\u00f4t que la combativit\u00e9.<\/p>\n<p>Forger une culture militaire allemande r\u00e9nov\u00e9e<\/p>\n<p>Ce paradoxe a ses racines dans l\u2019histoire de la Bundeswehr. Cr\u00e9\u00e9e en 1955 sous la supervision des Alli\u00e9s, elle fut con\u00e7ue comme une arm\u00e9e de non-emploi, strictement d\u00e9fensive, sous contr\u00f4le parlementaire et toujours solidaire de l\u2019OTAN. L\u2019\u00ab innere F\u00fchrung \u00bb, ce concept de \u00ab citoyen en uniforme \u00bb libre de d\u00e9sob\u00e9ir en conscience, visait \u00e0 pr\u00e9venir toute d\u00e9rive autoritaire. Les uniformes sans ornement, l\u2019interdiction du pas de l\u2019oie et la suppression de la glorification martiale ont inscrit durablement une culture d\u2019autolimitation, faisant aujourd\u2019hui de la Bundeswehr une organisation peu habitu\u00e9e aux d\u00e9cisions rapides de combat.<\/p>\n<p><img loading=\"lazy\" decoding=\"async\" width=\"1024\" height=\"576\" src=\"https:\/\/www.europesays.com\/fr\/wp-content\/uploads\/2025\/08\/luftwaffe-allemagne-armee-1024x576.jpg\" alt=\"Allemagne Bundeswehr\" class=\"wp-image-7736\"  \/>Photo \u00a9 Bundeswehr \u2013 Patrik Bransmoeller<\/p>\n<p>\u00c0 ce mod\u00e8le s\u2019ajoute une administration kafka\u00efenne. Les proc\u00e9dures d\u2019acquisition, de la simple vis\u00e9e optique au drone de combat, peuvent s\u2019\u00e9tirer sur plusieurs ann\u00e9es, retardant la mise en service des mat\u00e9riels. La double cha\u00eene de commandement \u2013 nationale et alli\u00e9e \u2013 garantit la l\u00e9gitimit\u00e9 d\u00e9mocratique, mais alourdit la prise de d\u00e9cision strat\u00e9gique. Des voix, comme celle de l\u2019ex-PDG d\u2019Airbus Tom Enders, <a href=\"https:\/\/www.faz.net\/aktuell\/wirtschaft\/unternehmen\/ex-airbus-chef-will-drohnenarmee-fuer-europa-niemand-braucht-eine-f-35-110357292.html\" target=\"_blank\" rel=\"noopener\">\u00e9voquent<\/a> une \u00ab caste de g\u00e9n\u00e9raux hypertrophi\u00e9e \u00bb, tandis que le g\u00e9n\u00e9ral Alfons Mais n\u2019y allait pas par quatre chemins en f\u00e9vrier 2022 en <a href=\"https:\/\/www.reuters.com\/world\/europe\/german-army-chief-fed-up-with-neglect-countrys-military-2022-02-24\/\" target=\"_blank\" rel=\"noopener\">d\u00e9non\u00e7ant<\/a> une arm\u00e9e \u00ab plus ou moins \u00e0 sec \u00bb.<\/p>\n<p>Pour devenir r\u00e9ellement \u00ab apte \u00e0 la guerre \u00bb (kriegst\u00fcchtig), comme l\u2019a souhait\u00e9 Boris Pistorius, Berlin devra d\u00e9passer la simple logique budg\u00e9taire. Il faut aujourd\u2019hui b\u00e2tir un r\u00e9cit f\u00e9d\u00e9rateur, r\u00e9unissant la Nationale Volksarmee d\u2019hier et la Bundeswehr d\u2019aujourd\u2019hui, autour d\u2019une culture militaire r\u00e9nov\u00e9e. Cela passe par une formation r\u00e9nov\u00e9e \u2013 int\u00e9grant syst\u00e9matiquement l\u2019histoire des conflits pass\u00e9s pour forger l\u2019esprit tactique \u2013 et par la valorisation d\u2019un \u00ab combattant responsable \u00bb, capable de concilier honneur, devoir et contr\u00f4le d\u00e9mocratique.<\/p>\n<p>Au terme de cette \u00ab Zeitenwende \u00bb, l\u2019Allemagne devra traduire budgets et lois en comp\u00e9tences, en volontaires et en une volont\u00e9 collective clairement affirm\u00e9e. Le d\u00e9fi est double : r\u00e9concilier l\u2019Allemagne avec son h\u00e9ritage d\u2019autolimitation et lui donner les moyens, humains et mat\u00e9riels, de tenir son rang dans une Europe \u00e0 nouveau expos\u00e9e \u00e0 la guerre. Une r\u00e9volution culturelle autant que strat\u00e9gique, dont la r\u00e9ussite d\u00e9pendra de l\u2019adh\u00e9sion du citoyen au-del\u00e0 des chiffres et des discours politiques.<\/p>\n<p>Photo \u00a9 Bundeswehr \u2013 Marco Dorow<\/p>\n","protected":false},"excerpt":{"rendered":"En \u00e0 peine trois ans, la donne s\u00e9curitaire a chang\u00e9 : l\u2019invasion de l\u2019Ukraine par la Russie puis&hellip;\n","protected":false},"author":2,"featured_media":296325,"comment_status":"","ping_status":"","sticky":false,"template":"","format":"standard","meta":{"footnotes":""},"categories":[1587],"tags":[11,43656,672,1813,8164,1804,7694,1805,554,1803,1777,674,1801,43657,43658,3579,43659,12,136,1802,43660,29810,13947,43661,43662],"class_list":{"0":"post-296324","1":"post","2":"type-post","3":"status-publish","4":"format-standard","5":"has-post-thumbnail","7":"category-allemagne","8":"tag-actualites","9":"tag-alfons-mais","10":"tag-allemagne","11":"tag-armee","12":"tag-boris-pistorius","13":"tag-bundesrepublik-deutschland","14":"tag-bundeswehr","15":"tag-de","16":"tag-defense","17":"tag-deutschland","18":"tag-eu","19":"tag-europe","20":"tag-germany","21":"tag-innere-fuhrung","22":"tag-kriegstuchtig","23":"tag-militaire","24":"tag-nationale-volksarmee","25":"tag-news","26":"tag-otan","27":"tag-republique-federale-dallemagne","28":"tag-rnd","29":"tag-service-militaire","30":"tag-sondage","31":"tag-wehrpflicht","32":"tag-zeitenwende"},"share_on_mastodon":{"url":"https:\/\/pubeurope.com\/@fr\/114971888038458909","error":""},"_links":{"self":[{"href":"https:\/\/www.europesays.com\/fr\/wp-json\/wp\/v2\/posts\/296324","targetHints":{"allow":["GET"]}}],"collection":[{"href":"https:\/\/www.europesays.com\/fr\/wp-json\/wp\/v2\/posts"}],"about":[{"href":"https:\/\/www.europesays.com\/fr\/wp-json\/wp\/v2\/types\/post"}],"author":[{"embeddable":true,"href":"https:\/\/www.europesays.com\/fr\/wp-json\/wp\/v2\/users\/2"}],"replies":[{"embeddable":true,"href":"https:\/\/www.europesays.com\/fr\/wp-json\/wp\/v2\/comments?post=296324"}],"version-history":[{"count":0,"href":"https:\/\/www.europesays.com\/fr\/wp-json\/wp\/v2\/posts\/296324\/revisions"}],"wp:featuredmedia":[{"embeddable":true,"href":"https:\/\/www.europesays.com\/fr\/wp-json\/wp\/v2\/media\/296325"}],"wp:attachment":[{"href":"https:\/\/www.europesays.com\/fr\/wp-json\/wp\/v2\/media?parent=296324"}],"wp:term":[{"taxonomy":"category","embeddable":true,"href":"https:\/\/www.europesays.com\/fr\/wp-json\/wp\/v2\/categories?post=296324"},{"taxonomy":"post_tag","embeddable":true,"href":"https:\/\/www.europesays.com\/fr\/wp-json\/wp\/v2\/tags?post=296324"}],"curies":[{"name":"wp","href":"https:\/\/api.w.org\/{rel}","templated":true}]}}