{"id":296335,"date":"2025-08-04T18:27:20","date_gmt":"2025-08-04T18:27:20","guid":{"rendered":"https:\/\/www.europesays.com\/fr\/296335\/"},"modified":"2025-08-04T18:27:20","modified_gmt":"2025-08-04T18:27:20","slug":"victor-perez-retrouve-la-place-de-numero-1-francais","status":"publish","type":"post","link":"https:\/\/www.europesays.com\/fr\/296335\/","title":{"rendered":"Victor Perez retrouve la place de num\u00e9ro 1 Fran\u00e7ais"},"content":{"rendered":"<p>\t\t\t\t\t\t<img width=\"770\" height=\"556\" src=\"https:\/\/www.europesays.com\/fr\/wp-content\/uploads\/2025\/08\/golf-playoffs-fedexcup-pga-tour-perez-pavon-770x556.jpg\" class=\"img-responsive wp-post-image\" alt=\"Perez PAVON pga-tour \u00a9Getty\/ AFP\" decoding=\"async\" fetchpriority=\"high\"  \/>\t\t\t\t\t<\/p>\n<p>\t\t\t\t\t\t Partager cet article <\/p>\n<p class=\"screen-reader-text juiz_sps_maybe_hidden_text\">Partager la publication \u00ab\u00a0Victor Perez retrouve la place de num\u00e9ro 1 Fran\u00e7ais\u00a0\u00bb<\/p>\n<p><strong>Le Tarbais Victor Perez a retrouv\u00e9 ce lundi la place de meilleur joueur fran\u00e7ais au classement mondial. Une position qu\u2019il a occup\u00e9 pendant plusieurs ann\u00e9es avant que son ancien comp\u00e8re au sein de la St Laurent Golf Team Matthieu Pavon s\u2019en empare en janvier 2024.<\/strong><\/p>\n<p>79 ! C\u2019est le nombre de semaines que <strong>Matthieu Pavon<\/strong> a occup\u00e9 la symbolique place de num\u00e9ro 1 Fran\u00e7ais devant <strong>Victor Perez<\/strong>.\u00a0<\/p>\n<p>Un \u201cr\u00e8gne\u201d d\u00e9but\u00e9 le 21 janvier 2024, au lendemain d\u2019une 39e place \u00e0 La Quinta dans l\u2019American Express.<\/p>\n<p>Il r\u00e9compensait \u00e0 la fois la belle fin de saison 2023 du Bordelais sur le DP World Tour (<a href=\"https:\/\/www.golfplanete.com\/actualites\/matthieu-pavon-sur-le-pga-tour-en-2024\/\" target=\"_blank\" rel=\"noopener\">avec en point d\u2019orgue son incroyable dernier tour de la grande finale de dubai<\/a>) et ses excellents premiers pas sur le circuit am\u00e9ricain en d\u00e9but d\u2019ann\u00e9e avec notamment une 7e place au Sony Open.<\/p>\n<p>La semaine suivant le natif de Toulouse devenait <a href=\"https:\/\/www.golfplanete.com\/actualites\/a-jamais-le-premier\/\" target=\"_blank\" rel=\"noopener\">le premier fran\u00e7ais vainqueur d\u2019un tournoi du PGA Tour<\/a> avant de signer un top 3 dans l\u2019<a href=\"https:\/\/www.golfplanete.com\/actualites\/wyndham-clark-remporte-latt-pebble-beach-pro-am-apres-lannulation-du-dernier-tour-matthieu-pavon-en-tete-de-la-fedex-cup\/\" target=\"_blank\" rel=\"noopener\">AT&amp;T Pebble Beach Pro-Am<\/a>. Une belle s\u00e9rie qui l\u2019avait propuls\u00e9 en t\u00eate de la FedEx Cup et au 26e rang mondial.<\/p>\n<p>Pavon avait ensuite r\u00e9ussi \u00e0 int\u00e9grer le top 20 de la hi\u00e9rarchie plan\u00e9taire gr\u00e2ce \u00e0 une formidable 5e place dans l\u2019US Open \u00e0 l\u2019issue d\u2019un dernier tour \u00e0 Pinehurst disput\u00e9 en derni\u00e8re partie avec <strong>Bryson DeChambeau.<\/strong><\/p>\n<p>\t\t\t\t\t<a id=\"179399\" href=\"https:\/\/www.terre-blanche.com\/landing\/summer-deals?mtm_campaign=summer_deals_golf_planet_juil_2025&amp;mtm_medium=display&amp;mtm_source=golf_planet&amp;mtm_content=_CTA_&amp;mtm_group=trafic\" target=\"_blank\" rel=\"sponsorised noopener\"><img decoding=\"async\" src=\"data:image\/svg+xml,%3Csvg%20xmlns=\" http:=\"\" class=\"img-responsive\" alt=\"\" data-lazy-src=\"https:\/\/www.europesays.com\/fr\/wp-content\/uploads\/2025\/07\/terreblanche-e01-summer-deals-1170x275-1.gif\"\/><\/a><br \/>\nPerte de vitesse<\/p>\n<p>Malheureusement les r\u00e9sultats du Fran\u00e7ais ces derniers mois se sont un peu ternis et il n\u2019a cess\u00e9 de reculer finissant par <a href=\"https:\/\/www.golfplanete.com\/actualites\/matthieu-pavon-nest-plus-dans-le-top-100-mondial\/\" target=\"_blank\" rel=\"noopener\">sortir du top 100 la semaine derni\u00e8re<\/a>. Sans top 20 depuis le <strong>Tour Championship<\/strong> fin ao\u00fbt l\u2019ann\u00e9e derni\u00e8re, <a href=\"https:\/\/www.golfplanete.com\/actualites\/matthieu-pavon-rappelle-son-ancien-coach\/\" target=\"_blank\" rel=\"noopener\">Pavon a d\u2019ailleurs annonc\u00e9 ce lundi avoir rappeler son ancien coach<\/a> pour tenter de retrouver les sommets.<\/p>\n<p>110e mondial ce lundi apr\u00e8s avoir recul\u00e9 de 5 rangs suite \u00e0 sa <a href=\"https:\/\/www.golfplanete.com\/actualites\/pga-tour-wyndham-championship-cameron-young-debloque-son-compteur-pas-de-playoffs-pour-les-francais\/\" target=\"_blank\" rel=\"noopener\">72e place dans le Wyndham Championship<\/a>, le dernier tournoi de la saison r\u00e9guli\u00e8re du PGA Tour, Pavon est donc d\u00e9sormais devanc\u00e9, pour moins de de 2\/100e, par son pr\u00e9d\u00e9cesseur et ami Victor Perez, class\u00e9 lui 108e.<\/p>\n<p>\t\t\t\t\t<a id=\"180488\" href=\"https:\/\/golfplus.fr\/\" target=\"_blank\" rel=\"sponsorised noopener\"><img decoding=\"async\" src=\"data:image\/svg+xml,%3Csvg%20xmlns=\" http:=\"\" class=\"img-responsive\" alt=\"\" data-lazy-src=\"https:\/\/www.europesays.com\/fr\/wp-content\/uploads\/2025\/07\/golfplus-e19-livraison-lieu-vacances-1170x275-1.jpg\"\/><\/a><br \/>\nLes Fran\u00e7ais<\/p>\n<p><img loading=\"lazy\" decoding=\"async\" class=\"alignnone size-image-largeur-770 wp-image-181582\" src=\"data:image\/svg+xml,%3Csvg%20xmlns=\" http:=\"\" alt=\"&#10;classement-mondial-golf-perez-pavon\" width=\"770\" height=\"972\" data-lazy- data-lazy- data-lazy-src=\"https:\/\/www.europesays.com\/fr\/wp-content\/uploads\/2025\/08\/classement-mondial-golf-perez-pavon-770x972.jpg\"\/><\/p>\n<p>\t\t\t\t\t<a id=\"177181\" href=\"http:\/\/charleskent-golf.com\/andalucia-majors\/\" target=\"_blank\" rel=\"sponsorised noopener\"><img decoding=\"async\" src=\"data:image\/svg+xml,%3Csvg%20xmlns=\" http:=\"\" class=\"img-responsive\" alt=\"\" data-lazy-src=\"https:\/\/www.europesays.com\/fr\/wp-content\/uploads\/2025\/06\/charleskent-e03-andalucia-majors-1170x275-1.gif\"\/><\/a><br \/>\nLe top 25<\/p>\n<p>Dans le top 25 notons la tr\u00e8s belle op\u00e9ration r\u00e9alis\u00e9e par <strong>Cameron Young<\/strong>, 21e joueur mondial apr\u00e8s avoir d\u00e9croch\u00e9 un premier titre sur le PGA Tour. En progr\u00e8s de 23 places il n\u2019avait pas \u00e9t\u00e9 aussi haut plac\u00e9 depuis juin 2024. 13e joueur mondial en avril de l\u2019ann\u00e9e derni\u00e8re l\u2019Am\u00e9ricain veut poursuivre sa remont\u00e9e pour esp\u00e9rer d\u00e9crocher une s\u00e9lection en Ryder Cup.\u00a0<\/p>\n<p><strong>Keegan Bradley<\/strong>, le capitaine de la Team USA, seul joueur du top 10 mondial \u00e0 \u00eatre pr\u00e9sent en Caroline du Nord la semaine pass\u00e9e, enregistre un recul de trois places qui profite \u00e0<strong> Harris English, J.J. Spaun, <\/strong>et<strong> Ludvig \u00c5berg.<\/strong><\/p>\n<p>\t\t\t\t\t<a id=\"181426\" href=\"https:\/\/leclub-golf.com\/fr\/green-fees?online=1&amp;utm_source=golf+planete&amp;utm_medium=referral&amp;utm_campaign=green+fee+en+ligne&amp;utm_id=green+fee+en+ligne_golf+planete_referral_banner\" target=\"_blank\" rel=\"sponsorised noopener\"><img decoding=\"async\" src=\"data:image\/svg+xml,%3Csvg%20xmlns=\" http:=\"\" class=\"img-responsive\" alt=\"\" data-lazy-src=\"https:\/\/www.europesays.com\/fr\/wp-content\/uploads\/2025\/08\/leclubgolf-e09-effet-classique-1170x275png.png\"\/><\/a><\/p>\n<p><img loading=\"lazy\" decoding=\"async\" class=\"alignnone size-image-largeur-770 wp-image-181590\" src=\"data:image\/svg+xml,%3Csvg%20xmlns=\" http:=\"\" alt=\"classement-mondial-golf-cameron-young.jpg&#10;\" width=\"770\" height=\"875\" data-lazy- data-lazy- data-lazy-src=\"https:\/\/www.europesays.com\/fr\/wp-content\/uploads\/2025\/08\/classement-mondial-golf-cameron-young-770x875.jpg\"\/><\/p>\n<p>\u00a9AFP\/Getty<\/p>\n","protected":false},"excerpt":{"rendered":"Partager cet article Partager la publication \u00ab\u00a0Victor Perez retrouve la place de num\u00e9ro 1 Fran\u00e7ais\u00a0\u00bb Le Tarbais Victor&hellip;\n","protected":false},"author":2,"featured_media":296336,"comment_status":"","ping_status":"","sticky":false,"template":"","format":"standard","meta":{"footnotes":""},"categories":[1418],"tags":[1011,27,1472,60],"class_list":{"0":"post-296335","1":"post","2":"type-post","3":"status-publish","4":"format-standard","5":"has-post-thumbnail","7":"category-golf","8":"tag-fr","9":"tag-france","10":"tag-golf","11":"tag-sports"},"share_on_mastodon":{"url":"https:\/\/pubeurope.com\/@fr\/114971911322650982","error":""},"_links":{"self":[{"href":"https:\/\/www.europesays.com\/fr\/wp-json\/wp\/v2\/posts\/296335","targetHints":{"allow":["GET"]}}],"collection":[{"href":"https:\/\/www.europesays.com\/fr\/wp-json\/wp\/v2\/posts"}],"about":[{"href":"https:\/\/www.europesays.com\/fr\/wp-json\/wp\/v2\/types\/post"}],"author":[{"embeddable":true,"href":"https:\/\/www.europesays.com\/fr\/wp-json\/wp\/v2\/users\/2"}],"replies":[{"embeddable":true,"href":"https:\/\/www.europesays.com\/fr\/wp-json\/wp\/v2\/comments?post=296335"}],"version-history":[{"count":0,"href":"https:\/\/www.europesays.com\/fr\/wp-json\/wp\/v2\/posts\/296335\/revisions"}],"wp:featuredmedia":[{"embeddable":true,"href":"https:\/\/www.europesays.com\/fr\/wp-json\/wp\/v2\/media\/296336"}],"wp:attachment":[{"href":"https:\/\/www.europesays.com\/fr\/wp-json\/wp\/v2\/media?parent=296335"}],"wp:term":[{"taxonomy":"category","embeddable":true,"href":"https:\/\/www.europesays.com\/fr\/wp-json\/wp\/v2\/categories?post=296335"},{"taxonomy":"post_tag","embeddable":true,"href":"https:\/\/www.europesays.com\/fr\/wp-json\/wp\/v2\/tags?post=296335"}],"curies":[{"name":"wp","href":"https:\/\/api.w.org\/{rel}","templated":true}]}}