{"id":296351,"date":"2025-08-04T18:37:07","date_gmt":"2025-08-04T18:37:07","guid":{"rendered":"https:\/\/www.europesays.com\/fr\/296351\/"},"modified":"2025-08-04T18:37:07","modified_gmt":"2025-08-04T18:37:07","slug":"devant-le-siege-europeen-de-lonu-une-sculpture-inspiree-du-penseur-de-rodin-denonce-le-fardeau-du-plastique-france-info","status":"publish","type":"post","link":"https:\/\/www.europesays.com\/fr\/296351\/","title":{"rendered":"Devant le si\u00e8ge europ\u00e9en de l&#039;ONU, une sculpture inspir\u00e9e du &quot;Penseur&quot; de Rodin d\u00e9nonce le fardeau du plastique &#8211; France Info"},"content":{"rendered":"<ol>\n<li><a href=\"https:\/\/news.google.com\/rss\/articles\/CBMi-AFBVV95cUxQZDdaS0FhTnpDNS1oWWJROTlBLWNjTXBOaEM2SnUtdmVxWno3Z2NVSm9GckMxWnJmQU5ETHFxVTNWaVJEeEs5NDFCUTFaeDktdnlrRkFRbHMwYzZfMkFWaGM2SHAycGF3WHp6RkZzS3RCdDM2ak05WTJaS1d3MXVzSXQzVTJiQ1FQZUEyZVByZ0J4TXpwQnpGUFZvaXNtakFZbEtndldlYmtXSXVOZzlIeTV5TDU2SjB6UTM2OEZZbmNDM0FDMXlOMTk3Mmt6Rnh5Z2w3OU5MRUFmd2RvVGtVd0VtUXBSSGNmaVo0VzVqNTE2dmhma1FoVA?oc=5\" target=\"_blank\" rel=\"nofollow noopener\">Devant le si\u00e8ge europ\u00e9en de l&rsquo;ONU, une sculpture inspir\u00e9e du \u00ab\u00a0Penseur\u00a0\u00bb de Rodin d\u00e9nonce le fardeau du plastique<\/a>&nbsp;&nbsp;France Info<\/li>\n<li><a href=\"https:\/\/news.google.com\/rss\/articles\/CBMioAFBVV95cUxQMVJhY25KRWVXOVpBeEgtYUN3cE5BcHhzUkdBelJ4VHp3aGd6UFdrS0FRZ1djeHhWOVJzVWNDTTZLYk16U3pUNHZ0QjN1TnVBTWVncTh4T0JwSHZ6V2JXRmxKZlhIR3ZIaUphcnJSN2tvX2M3NllwUXRZY3ZwTVhSYWx2NktMRko0Sl9XQkxFdUhLRmRVenEtR3RSZFNJZ3px?oc=5\" target=\"_blank\" rel=\"nofollow noopener\">Le monde engage la bataille contre la pollution plastique<\/a>&nbsp;&nbsp;Le Figaro<\/li>\n<li><a href=\"https:\/\/news.google.com\/rss\/articles\/CBMigwJBVV95cUxONGpkd25oT0pRaGgzdS1RVGhVWkJuLWkwVEpRbVdzQU1feHlUbWxkRklqWVlmSzNpQTR3RFI0Wl9pU1dHZ1pjSDBNTkgtbFdmcmhUX1N3OG8tT1dmaWJoSEkzNWtHY2JqUU00QktGd0ZPR3V3LUtNSDNfdlNnY05rRWwwRDhqd0RXaV9mTWx0emFuM2I0SUo5YzVuUURVX3N1cFN0SkpKZmItNGlqbDF2c2ZJZ2JRc1Z0eFcxSWkwN1F3TDlGbXRKdWhjZ3JKNldieHJJUzFjUzFKYW5hX3ZRS1BDVUZCSzg5aHp0RGVhVm9RWHRsaTluZDBvU01iOVpPX2p3?oc=5\" target=\"_blank\" rel=\"nofollow noopener\">Les \u00ablarmes de sir\u00e8nes\u00bb, ces granul\u00e9s plastiques industriels qui envahissent et polluent nos plages<\/a>&nbsp;&nbsp;Lib\u00e9ration<\/li>\n<li><a href=\"https:\/\/news.google.com\/rss\/articles\/CBMieEFVX3lxTE10blVtWmpkaEc5TF9aZTFvMXhFaDdxWlMxQ0VzLXZ0aFktSG42ZEszSmVTbmQxczg5ajNiOUhzWHIxNVA5VUNYNU1SWmoyTzFJeHFFU29uNWpWMk9GZGN6c2ZLOUgtaEdqZE1xZllQVWVzRUlYcWU0Qw?oc=5\" target=\"_blank\" rel=\"nofollow noopener\">En Tha\u00eflande, la surproduction de plastique rend vaine la gestion des d\u00e9chets<\/a>&nbsp;&nbsp;Reporterre, le m\u00e9dia de l&rsquo;\u00e9cologie<\/li>\n<li><a href=\"https:\/\/news.google.com\/rss\/articles\/CBMizgFBVV95cUxQRVJxbWozdXNaZmNfMll6ekFCanFWRk9nMXJnRF9DSS1TSFI1cGVzemUtal80TUN1Ny0zS0dVVElxWDBiSmQxVnRTeWZUTWxaMGZIVEZMWl9FRnlyeWhvb1U5c29lZ0VSNFJyMC15cWJkb0FHb1VzU0t1QUJiRnVxY3AzNV9xZVJtamdLTENvc19xRktmZS1WYTRuQXkyODlxenFXUUlzcF9pVlUtbzJxTWJxZDV0ZzdIWjFackhXaWZ2cjJ4emNKU0tpZ2hOUQ?oc=5\" target=\"_blank\" rel=\"nofollow noopener\">\u00ab Dans l\u2019air, l\u2019eau et les aliments, il y a du plastique \u00bb : quels sont les dangers de la pollution plastique ?<\/a>&nbsp;&nbsp;Le Dauphin\u00e9 Lib\u00e9r\u00e9<\/li>\n<\/ol>\n","protected":false},"excerpt":{"rendered":"Devant le si\u00e8ge europ\u00e9en de l&rsquo;ONU, une sculpture inspir\u00e9e du \u00ab\u00a0Penseur\u00a0\u00bb de Rodin d\u00e9nonce le fardeau du plastique&nbsp;&nbsp;France&hellip;\n","protected":false},"author":2,"featured_media":1445,"comment_status":"","ping_status":"","sticky":false,"template":"","format":"standard","meta":{"footnotes":""},"categories":[1358],"tags":[1348,1384,1385,1386,58,59,1011,27],"class_list":{"0":"post-296351","1":"post","2":"type-post","3":"status-publish","4":"format-standard","5":"has-post-thumbnail","7":"category-arts-et-design","8":"tag-arts","9":"tag-arts-and-design","10":"tag-arts-et-design","11":"tag-design","12":"tag-divertissement","13":"tag-entertainment","14":"tag-fr","15":"tag-france"},"share_on_mastodon":{"url":"https:\/\/pubeurope.com\/@fr\/114971950639423456","error":""},"_links":{"self":[{"href":"https:\/\/www.europesays.com\/fr\/wp-json\/wp\/v2\/posts\/296351","targetHints":{"allow":["GET"]}}],"collection":[{"href":"https:\/\/www.europesays.com\/fr\/wp-json\/wp\/v2\/posts"}],"about":[{"href":"https:\/\/www.europesays.com\/fr\/wp-json\/wp\/v2\/types\/post"}],"author":[{"embeddable":true,"href":"https:\/\/www.europesays.com\/fr\/wp-json\/wp\/v2\/users\/2"}],"replies":[{"embeddable":true,"href":"https:\/\/www.europesays.com\/fr\/wp-json\/wp\/v2\/comments?post=296351"}],"version-history":[{"count":0,"href":"https:\/\/www.europesays.com\/fr\/wp-json\/wp\/v2\/posts\/296351\/revisions"}],"wp:featuredmedia":[{"embeddable":true,"href":"https:\/\/www.europesays.com\/fr\/wp-json\/wp\/v2\/media\/1445"}],"wp:attachment":[{"href":"https:\/\/www.europesays.com\/fr\/wp-json\/wp\/v2\/media?parent=296351"}],"wp:term":[{"taxonomy":"category","embeddable":true,"href":"https:\/\/www.europesays.com\/fr\/wp-json\/wp\/v2\/categories?post=296351"},{"taxonomy":"post_tag","embeddable":true,"href":"https:\/\/www.europesays.com\/fr\/wp-json\/wp\/v2\/tags?post=296351"}],"curies":[{"name":"wp","href":"https:\/\/api.w.org\/{rel}","templated":true}]}}