{"id":296379,"date":"2025-08-04T18:56:17","date_gmt":"2025-08-04T18:56:17","guid":{"rendered":"https:\/\/www.europesays.com\/fr\/296379\/"},"modified":"2025-08-04T18:56:17","modified_gmt":"2025-08-04T18:56:17","slug":"quatre-personnes-decedees-a-cause-des-pluies-torrentielles-a-taiwan","status":"publish","type":"post","link":"https:\/\/www.europesays.com\/fr\/296379\/","title":{"rendered":"Quatre personnes d\u00e9c\u00e9d\u00e9es \u00e0 cause des pluies torrentielles \u00e0 Taiwan"},"content":{"rendered":"<p>Plus de deux m\u00e8tres de pluie ont \u00e9t\u00e9 recens\u00e9s \u00e0 <a href=\"https:\/\/www.ouest-france.fr\/monde\/taiwan\/\" target=\"_blank\" rel=\"nofollow noopener\">Ta\u00efwan<\/a> au cours de la semaine derni\u00e8re, provoquant des inondations et des glissements de terrain qui ont caus\u00e9 la mort de quatre personnes, affirme l\u2019Agence France-Presse (AFP), ce lundi 4\u00a0ao\u00fbt 2025.<\/p>\n<p>Depuis le 28\u00a0juillet, des pr\u00e9cipitations torrentielles se sont abattues sur de larges zones de l\u2019\u00eele, for\u00e7ant plusieurs milliers d\u2019habitants \u00e0 se r\u00e9fugier et endommageant des routes.<\/p>\n<p>Maolin, un district montagneux du sud de Ta\u00efwan, a enregistr\u00e9 2,8 m\u00e8tres de pluie depuis le 28\u00a0juillet, a d\u00e9clar\u00e9 \u00e0 l\u2019AFP Li Ming-siang, pr\u00e9visionniste du centre m\u00e9t\u00e9orologique local (CWA). C\u2019est plus que les pr\u00e9cipitations annuelles de l\u2019ann\u00e9e derni\u00e8re, qui se sont \u00e9lev\u00e9es \u00e0 2,1 m\u00e8tres, selon les donn\u00e9es de l\u2019agence.<\/p>\n<p><strong>Lire aussi\u00a0:<\/strong> <a href=\"https:\/\/rennes.maville.com\/actu\/actudet_-pres-de-3-000-personnes-evacuees-a-taiwan-frappee-par-le-typhon-danas-_54135-6888492_actu.Htm\" target=\"_blank\" rel=\"nofollow noopener\">Pr\u00e8s de 3\u00a0000\u00a0personnes \u00e9vacu\u00e9es \u00e0 Ta\u00efwan, frapp\u00e9e par le typhon Danas<\/a><\/p>\n<p>Typhon comme principale cause<\/p>\n<p>Les pluies exceptionnellement fortes ont \u00e9t\u00e9 caus\u00e9es par un syst\u00e8me de basse pression et de forts vents venant du sud-ouest, a poursuivi le pr\u00e9visionniste. M. Li a d\u00e9clar\u00e9 que les vents du sud-ouest \u00e9taient g\u00e9n\u00e9ralement induits par les typhons affectant l\u2019\u00eele en mai et en juin.<\/p>\n<p>Cette fois-ci, les pluies ont \u00e9t\u00e9 caus\u00e9es par le typhon Co-may, qui pousse des vents de sud-ouest vers le nord au moment o\u00f9 il est pass\u00e9 \u00e0 l\u2019est de Ta\u00efwan en direction de la Chine, indique M. Li, pr\u00e9cisant que la pluie n\u2019est pas li\u00e9e au changement climatique.<\/p>\n<p>Les pr\u00e9cipitations recens\u00e9es sur l\u2019\u00eele le mois dernier ont \u00e9t\u00e9 les plus \u00e9lev\u00e9es pour un mois de juillet depuis 1939, a d\u00e9clar\u00e9 la CWA.<\/p>\n<p><strong>\u00ab\u00a0Nous rencontrons rarement une catastrophe d\u2019une telle ampleur\u00a0\u00bb<\/strong>, a d\u00e9clar\u00e9 le Premier ministre Cho Jung-tai lors d\u2019une visite dans une zone frapp\u00e9e par les inondations \u00e0 Tainan, dans le Sud, lundi. <strong>\u00ab\u00a0Depuis le typhon Danas jusqu\u2019\u00e0 aujourd\u2019hui, nous avons fait face \u00e0 presque un mois de pluie continue et abondante.\u00a0\u00bb<\/strong><\/p>\n<p>6\u00a0000\u00a0personnes sans domicile<\/p>\n<p>Cette semaine de mauvais temps a provoqu\u00e9 la mort de quatre personnes, tandis que trois autres ont disparu et 77\u00a0sont bless\u00e9es, a d\u00e9clar\u00e9 un responsable des catastrophes.<\/p>\n<p>Pr\u00e8s de 6\u00a0000\u00a0personnes ont \u00e9t\u00e9 forc\u00e9es de quitter leur domicile. Mais le service de m\u00e9t\u00e9orologie s\u2019attend \u00e0 ce que la pluie diminue dans les jours \u00e0 venir.<\/p>\n<p>Ta\u00efwan est habitu\u00e9 aux fr\u00e9quentes temp\u00eates tropicales de juillet \u00e0 octobre. En 2009, le typhon Morakot avait ravag\u00e9 l\u2019\u00eele et caus\u00e9 la mort de 543\u00a0personnes. Selon les scientifiques, <a href=\"https:\/\/rennes.maville.com\/actu\/actudet_-pourquoi-le-rechauffement-climatique-aggrave-t-il-le-risque-et-l-intensite-des-inondations-_7-6653690_actu.Htm\" target=\"_blank\" rel=\"nofollow noopener\">le changement climatique caus\u00e9 par l\u2019homme provoque des ph\u00e9nom\u00e8nes m\u00e9t\u00e9orologiques plus intenses<\/a>, ce qui peut favoriser les inondations destructrices.<\/p>\n<p>\u00a0<\/p>\n","protected":false},"excerpt":{"rendered":"Plus de deux m\u00e8tres de pluie ont \u00e9t\u00e9 recens\u00e9s \u00e0 Ta\u00efwan au cours de la semaine derni\u00e8re, provoquant&hellip;\n","protected":false},"author":2,"featured_media":296380,"comment_status":"","ping_status":"","sticky":false,"template":"","format":"standard","meta":{"footnotes":""},"categories":[9619],"tags":[1111,11,3738,43666,1777,674,1011,27,12,3744,19340,882,25,22053,43667,2310],"class_list":{"0":"post-296379","1":"post","2":"type-post","3":"status-publish","4":"format-standard","5":"has-post-thumbnail","7":"category-toulon","8":"tag-actu","9":"tag-actualites","10":"tag-cause","11":"tag-decedees","12":"tag-eu","13":"tag-europe","14":"tag-fr","15":"tag-france","16":"tag-news","17":"tag-personnes","18":"tag-pluies","19":"tag-provence-alpes-cote-dazur","20":"tag-republique-francaise","21":"tag-taiwan","22":"tag-torrentielles","23":"tag-toulon"},"share_on_mastodon":{"url":"https:\/\/pubeurope.com\/@fr\/114972025409863003","error":""},"_links":{"self":[{"href":"https:\/\/www.europesays.com\/fr\/wp-json\/wp\/v2\/posts\/296379","targetHints":{"allow":["GET"]}}],"collection":[{"href":"https:\/\/www.europesays.com\/fr\/wp-json\/wp\/v2\/posts"}],"about":[{"href":"https:\/\/www.europesays.com\/fr\/wp-json\/wp\/v2\/types\/post"}],"author":[{"embeddable":true,"href":"https:\/\/www.europesays.com\/fr\/wp-json\/wp\/v2\/users\/2"}],"replies":[{"embeddable":true,"href":"https:\/\/www.europesays.com\/fr\/wp-json\/wp\/v2\/comments?post=296379"}],"version-history":[{"count":0,"href":"https:\/\/www.europesays.com\/fr\/wp-json\/wp\/v2\/posts\/296379\/revisions"}],"wp:featuredmedia":[{"embeddable":true,"href":"https:\/\/www.europesays.com\/fr\/wp-json\/wp\/v2\/media\/296380"}],"wp:attachment":[{"href":"https:\/\/www.europesays.com\/fr\/wp-json\/wp\/v2\/media?parent=296379"}],"wp:term":[{"taxonomy":"category","embeddable":true,"href":"https:\/\/www.europesays.com\/fr\/wp-json\/wp\/v2\/categories?post=296379"},{"taxonomy":"post_tag","embeddable":true,"href":"https:\/\/www.europesays.com\/fr\/wp-json\/wp\/v2\/tags?post=296379"}],"curies":[{"name":"wp","href":"https:\/\/api.w.org\/{rel}","templated":true}]}}