{"id":296395,"date":"2025-08-04T19:07:13","date_gmt":"2025-08-04T19:07:13","guid":{"rendered":"https:\/\/www.europesays.com\/fr\/296395\/"},"modified":"2025-08-04T19:07:13","modified_gmt":"2025-08-04T19:07:13","slug":"on-connait-les-2-adversaires-potentiels-de-strasbourg","status":"publish","type":"post","link":"https:\/\/www.europesays.com\/fr\/296395\/","title":{"rendered":"on conna\u00eet les 2 adversaires potentiels de Strasbourg !"},"content":{"rendered":"<p><b>Ce lundi 4 ao\u00fbt, le Racing Club de Strasbourg a d\u00e9couvert ses futurs adversaires pour les barrages de la Ligue Conf\u00e9rence, organis\u00e9s les 21 et 28 ao\u00fbt prochains, avec un match aller organis\u00e9 \u00e0 la Meinau. Il s\u2019agira soit du Vikingur Reykjavik (Islande), soit du Br\u00f8ndby IF (Danemark). Et attention : le favori n\u2019est peut-\u00eatre pas celui qu\u2019on croit.<\/b><\/p>\n<p class=\"p1\">\u00c7a y est, l\u2019attente est (presque) termin\u00e9e. Apr\u00e8s le tirage au sort effectu\u00e9 le lundi 4 ao\u00fbt, <b>le Racing conna\u00eet d\u00e9sormais ses deux potentiels adversaires pour les barrages de la Ligue Conf\u00e9rence<\/b>, deux mois et demi apr\u00e8s une fin de saison en eau de boudin face au Havre. Ce sera l\u2019Islande ou le Danemark, avec le Vikingur Reykjavik ou le Br\u00f8ndby IF, les 21 et 28 ao\u00fbt prochains, avec un aller \u00e0 la Meinau et un retour dans un des deux pays nordiques.<\/p>\n<p class=\"p1\">Pourquoi deux adversaires plut\u00f4t qu\u2019un seul ?<b> Tout simplement parce que le 3e tour pr\u00e9liminaire n\u2019a pas encore \u00e9t\u00e9 disput\u00e9, se tenant les 7 et 14 ao\u00fbt prochains<\/b>. Ce ne sera qu\u2019\u00e0 cette date-l\u00e0, soit une semaine avant le premier affrontement des barrages, que le Racing conna\u00eetra son adversaire. En attendant, petite pr\u00e9sentation.<\/p>\n<p>                <a href=\"https:\/\/pokaa.fr\/2025\/05\/24\/hier-le-racing-club-de-strasbourg-sest-qualifie-pour-la-ligue-conference-mais-cest-quoi\/\" target=\"_blank\" rel=\"noopener\"><br \/>\n                    <img width=\"450\" height=\"270\" src=\"https:\/\/www.europesays.com\/fr\/wp-content\/uploads\/2025\/07\/img-8921-grande-450x270.jpeg\" class=\"attachment-card-horizontal--same-subject size-card-horizontal--same-subject wp-post-image\" alt=\"\" decoding=\"async\" loading=\"lazy\"\/>                <\/a><\/p>\n<p>Br\u00f8ndby IF, le gros morceau th\u00e9orique<\/p>\n<p class=\"p1\">Si la beaut\u00e9 du football r\u00e9side dans l\u2019inattendu, <b>il est plus probable que le Racing aille s\u2019aventurer en terres danoises que dans les contr\u00e9es islandaises<\/b>. Si l\u2019on se fie \u00e0 l\u2019histoire globale dans les coupes d\u2019Europe, Br\u00f8ndby IF partira comme favori de son troisi\u00e8me tour. Cr\u00e9\u00e9 en 1964, <b>le club de la p\u00e9riph\u00e9rie ouest de Copenhague est 11 fois champion du Danemark, et a fini 3e du dernier exercice<\/b>.<\/p>\n<p class=\"p1\">Le club danois poss\u00e8de une histoire europ\u00e9enne importante, avec notamment une participation \u00e0 la Ligue des champions, et plusieurs en Ligue Europa, avec comme meilleur r\u00e9sultat une demi-finale de Coupe de l\u2019UEFA en 1990\/1991. <b>N\u00e9anmoins, depuis plusieurs ann\u00e9es, le club a du mal \u00e0 passer le cap des barrages, ne comptant qu\u2019une participation en phase de groupes de coupe europ\u00e9enne en 20 ans<\/b> [la saison 2021\/2022, ndlr].<\/p>\n<p>    <img width=\"490\" height=\"600\" src=\"https:\/\/www.europesays.com\/fr\/wp-content\/uploads\/2025\/08\/logo-brondby-if-2023-490x600.png\" class=\"attachment-image-size-M size-image-size-M\" alt=\"Logo_Br\u00f8ndby_IF_2023\" decoding=\"async\" loading=\"lazy\"  \/>         \u00a9\u00a0Br\u00f8ndby IF \/ Document remis <\/p>\n<p class=\"p1\">La t\u00e2che ne sera pas ais\u00e9e pour les Strasbourgeois : <b>le championnat danois ayant d\u00e9j\u00e0 repris, les joueurs du Br\u00f8ndby IF seront plus affut\u00e9s et plus en rythme<\/b>. Mais la qualification est jouable pour les Bleus et Blancs, qui devront faire forte impression dans leur premier match dans une Meinau avec sa tribune Sud flambant neuve. Parce que le retour dans le stade danois de presque 30 000 places risque d\u2019\u00eatre chaud.<\/p>\n<p class=\"p1\">Pour la petite anecdote, <b>un ancien Strasbourgeois bien connu a port\u00e9 les couleurs de Br\u00f8ndby : Alexander Farnerud<\/b>. Plus r\u00e9cemment, Yuito Suzuki y a brill\u00e9, avant d\u2019\u00e9voluer cette saison sous les couleurs du voisin allemand du SC Fribourg.<\/p>\n<p>    <img width=\"800\" height=\"535\" src=\"https:\/\/www.europesays.com\/fr\/wp-content\/uploads\/2025\/08\/brondby-stadion-800x535.jpeg\" class=\"attachment-image-size-L size-image-size-L\" alt=\"Br\u00f8ndby_Stadion\" decoding=\"async\" loading=\"lazy\"  \/>         \u00a9 Thue C. Leibrandt &#8211; C BY-SA 3.0 \/ Document remis <\/p>\n<p>Le Vikingur Reykjavik, la surprise qui n\u2019en est peut-\u00eatre pas une<\/p>\n<p class=\"p1\">Si le Br\u00f8ndby IF repr\u00e9sente un adversaire habitu\u00e9 aux joutes europ\u00e9ennes, le Vikingur Reykjavik est un adversaire un peu exotique, mais pas forc\u00e9ment moins dangereux si l\u2019on se fie \u00e0 l\u2019histoire europ\u00e9enne r\u00e9cente du club islandais. <b>Cr\u00e9\u00e9 en 1908, il a une plus petite histoire europ\u00e9enne que Br\u00f8ndby, mais cela ne l\u2019a pas emp\u00each\u00e9 de participer \u00e0 la Ligue Conf\u00e9rence la saison derni\u00e8re<\/b>. Le tout, en ayant fait plus que bonne figure.<\/p>\n<p class=\"p1\">Qualifi\u00e9 apr\u00e8s trois tours de qualification, <b>le club islandais a fini 19e sur 36 sur la phase de championnat de la Ligue Conf\u00e9rence en battant notamment le Cercle Bruges<\/b>. En 16e de finale contre le Panathina\u00efkos, tombeur de Lens en barrages, le Vikingur Reykjavik s\u2019est impos\u00e9 2-1 \u00e0 l\u2019aller dans son stade de 1 149 places, avant de s\u2019incliner 2-0 au retour en Gr\u00e8ce. Loin d\u2019\u00eatre ridicule.<\/p>\n<p>    <img width=\"497\" height=\"600\" src=\"https:\/\/www.europesays.com\/fr\/wp-content\/uploads\/2025\/08\/vikingur-497x600.png\" class=\"attachment-image-size-M size-image-size-M\" alt=\"Vikingur\" decoding=\"async\" loading=\"lazy\"  \/>         \u00a9 Domaine public <\/p>\n<p class=\"p1\">Et attention au d\u00e9placement gal\u00e8re, entre deux journ\u00e9es de championnat, surtout si le match aller est compliqu\u00e9. <b>Surtout que, tout comme Br\u00f8ndby, le club islandais sera davantage en jambes que les Strasbourgeois, qui n\u2019auront jou\u00e9 qu\u2019un seul match de championnat avant d\u2019attaquer les barrages<\/b>. Il faudra \u00eatre s\u00e9rieux, pour ne pas passer \u00e0 la trappe. M\u00eame si la double confrontation est largement gagnable pour le Racing.<\/p>\n<p class=\"p1\"><b>Le 21 et le 28 aout prochain, le Racing reprendra le fil de son histoire europ\u00e9enne dans une double confrontation aux fortes odeurs nordiques. Que ce soit Br\u00f8ndby ou le Vikingur Reykjavik, les Strasbourgeois partiront favoris. Reste \u00e0 ne pas prendre les matchs \u00e0 la l\u00e9g\u00e8re, et \u00e0 savourer le retour de l\u2019Europe \u00e0 la Meinau, surtout dans sa nouvelle configuration. Rendez-vous le 14 ao\u00fbt pour conna\u00eetre l\u2019adversaire d\u00e9finitif.<\/b><\/p>\n","protected":false},"excerpt":{"rendered":"Ce lundi 4 ao\u00fbt, le Racing Club de Strasbourg a d\u00e9couvert ses futurs adversaires pour les barrages de&hellip;\n","protected":false},"author":2,"featured_media":296396,"comment_status":"","ping_status":"","sticky":false,"template":"","format":"standard","meta":{"footnotes":""},"categories":[2820],"tags":[1111,11,1777,674,1011,27,775,43670,12,8708,25,640],"class_list":{"0":"post-296395","1":"post","2":"type-post","3":"status-publish","4":"format-standard","5":"has-post-thumbnail","7":"category-strasbourg","8":"tag-actu","9":"tag-actualites","10":"tag-eu","11":"tag-europe","12":"tag-fr","13":"tag-france","14":"tag-grand-est","15":"tag-ligue-conference","16":"tag-news","17":"tag-racing-club-de-strasbourg","18":"tag-republique-francaise","19":"tag-strasbourg"},"share_on_mastodon":{"url":"https:\/\/pubeurope.com\/@fr\/114972068783743650","error":""},"_links":{"self":[{"href":"https:\/\/www.europesays.com\/fr\/wp-json\/wp\/v2\/posts\/296395","targetHints":{"allow":["GET"]}}],"collection":[{"href":"https:\/\/www.europesays.com\/fr\/wp-json\/wp\/v2\/posts"}],"about":[{"href":"https:\/\/www.europesays.com\/fr\/wp-json\/wp\/v2\/types\/post"}],"author":[{"embeddable":true,"href":"https:\/\/www.europesays.com\/fr\/wp-json\/wp\/v2\/users\/2"}],"replies":[{"embeddable":true,"href":"https:\/\/www.europesays.com\/fr\/wp-json\/wp\/v2\/comments?post=296395"}],"version-history":[{"count":0,"href":"https:\/\/www.europesays.com\/fr\/wp-json\/wp\/v2\/posts\/296395\/revisions"}],"wp:featuredmedia":[{"embeddable":true,"href":"https:\/\/www.europesays.com\/fr\/wp-json\/wp\/v2\/media\/296396"}],"wp:attachment":[{"href":"https:\/\/www.europesays.com\/fr\/wp-json\/wp\/v2\/media?parent=296395"}],"wp:term":[{"taxonomy":"category","embeddable":true,"href":"https:\/\/www.europesays.com\/fr\/wp-json\/wp\/v2\/categories?post=296395"},{"taxonomy":"post_tag","embeddable":true,"href":"https:\/\/www.europesays.com\/fr\/wp-json\/wp\/v2\/tags?post=296395"}],"curies":[{"name":"wp","href":"https:\/\/api.w.org\/{rel}","templated":true}]}}