{"id":296422,"date":"2025-08-04T19:21:07","date_gmt":"2025-08-04T19:21:07","guid":{"rendered":"https:\/\/www.europesays.com\/fr\/296422\/"},"modified":"2025-08-04T19:21:07","modified_gmt":"2025-08-04T19:21:07","slug":"lyon-le-projet-du-tram-express-de-louest-lyonnais-avance-et-franchit-une-nouvelle-etape","status":"publish","type":"post","link":"https:\/\/www.europesays.com\/fr\/296422\/","title":{"rendered":"Lyon. Le projet du tram express de l&rsquo;ouest lyonnais avance et franchit une nouvelle \u00e9tape"},"content":{"rendered":"<p>            Par<br \/>\n        <strong><br \/>\n            <a href=\"https:\/\/actu.fr\/auteur\/ludivine-caporal\" title=\"Consulter tous les articles de Ludivine Caporal\" target=\"_blank\" rel=\"noopener\">Ludivine Caporal<\/a><br \/>\n        <\/strong><\/p>\n<p>        Publi\u00e9 le<\/p>\n<p>            4 ao\u00fbt 2025 \u00e0 17h43        <\/p>\n<p>Recueillir les avis et les contributions des habitants concern\u00e9s : voici le but de la nouvelle \u00e9tape que s\u2019appr\u00eate \u00e0 franchir le projet du <a href=\"https:\/\/actu.fr\/auvergne-rhone-alpes\/lyon_69123\/lyon-ce-futur-tramway-trop-demesure-des-mises-en-garde-emises-sur-un-projet-phare_62483725.html\" target=\"_blank\" rel=\"noopener\">tramway express de l\u2019ouest lyonnais (TEOL)<\/a>.\u00a0 L\u2019enqu\u00eate publique concernant la future ligne va en effet \u00eatre lanc\u00e9e <strong>lundi 8 septembre<\/strong> pour s\u2019\u00e9tendre durant <strong>un mois<\/strong>, jusqu\u2019au mercredi 8 octobre 2025.<\/p>\n<p>D\u00e9j\u00e0 des dates pour rencontrer le commissaire enqu\u00eateur<\/p>\n<p class=\" wall-content\">Tandis que \u00ab\u00a0les \u00e9tudes techniques se poursuivent afin d\u2019affiner l\u2019insertion du tramway et de qualifier au mieux l\u2019environnement dans lequel va circuler la future ligne\u00a0\u00bb, plusieurs modalit\u00e9s vont \u00eatre propos\u00e9es aux habitants durant cette p\u00e9riode importante.<\/p>\n<p class=\" wall-content\">La <strong>consultation du dossier<\/strong> d\u2019enqu\u00eate publique sera possible dans les mairies de Lyon 2 et Lyon 5, de Sainte-Foy-l\u00e8s-Lyon, de Francheville, de Tassin-la-Demi-Lune et de La Mulati\u00e8re (dates et horaires \u00e0 venir) ainsi que des rencontres avec le commissaire enqu\u00eateur aux dates et horaires suivants :\u00a0<\/p>\n<ul class=\" wall-content\">\n<li>le jeudi 2 octobre de 9h \u00e0 12h \u00e0 la mairie de Lyon 2<\/li>\n<li>le mercredi 8 octobre de 13h30 \u00e0 16h30 \u00e0 la mairie de Lyon 5<\/li>\n<li>le lundi 8 septembre de 9h \u00e0 12h \u00e0 la mairie de Sainte-Foy-l\u00e8s-Lyon<\/li>\n<li>le vendredi 12 septembre de 14h \u00e0 17h \u00e0 la mairie de Francheville<\/li>\n<li>le mercredi 17 septembre de 9h \u00e0 12h \u00e0 la mairie de Tassin-la-Demi-Lune<\/li>\n<li>le mardi 23 septembre de 14h \u00e0 17h \u00e0 la mairie de La Mulati\u00e8re<\/li>\n<\/ul>\n<p class=\" wall-content\">Enfin, il sera \u00e9galement possible de donner son avis via les registres papiers mis \u00e0 disposition dans les mairies concern\u00e9es, par courriel \u00e0 <a href=\"https:\/\/actu.fr\/cdn-cgi\/l\/email-protection\" class=\"__cf_email__\" data-cfemail=\"8aefe4fbffeffeefa7feefe5e6cae7ebe3e6a4f8efede3f9fef8efa7e4ffe7eff8e3fbffefa4ecf8\" target=\"_blank\" rel=\"noopener\">[email\u00a0protected]<\/a> ou en cliquant <a href=\"https:\/\/www.registre-numerique.fr\/enquete-teol\" target=\"_blank\" rel=\"noopener\">ici<\/a>.\u00a0<\/p>\n<p>Horizon 2032<\/p>\n<p class=\" wall-content\">Pour rappel, le trac\u00e9 du TEOL a \u00e9t\u00e9 <a href=\"https:\/\/actu.fr\/auvergne-rhone-alpes\/lyon_69123\/lyon-le-trace-du-tramway-express-de-l-ouest-lyonnais-valide-ce-qui-va-changer_61076546.html\" target=\"_blank\" rel=\"noopener\">valid\u00e9 en mai 2024<\/a> par les \u00e9lus de la M\u00e9tropole de Lyon, malgr\u00e9 la controverse qu\u2019il suscite, <a href=\"https:\/\/actu.fr\/auvergne-rhone-alpes\/tassin-la-demi-lune_69244\/lyon-futur-tram-express-le-maire-de-cette-commune-allume-le-projet-et-veut-l-enterrer_61013795.html\" target=\"_blank\" rel=\"noopener\">notamment du c\u00f4t\u00e9 de Tassin-la-Demi-Lune.<\/a><\/p>\n<p class=\" wall-content\">La ligne permettra de relier l\u2019ouest lyonnais et le centre de Lyon \u00e0 l\u2019horizon 2032 avec la <strong>cr\u00e9ation de cinq nouvelles stations<\/strong> et la mutualisation des dessertes existantes T1\/T2 entre La Confluence et Jean Mac\u00e9.<\/p>\n<p class=\" wall-content\">Suivez toute l\u2019actualit\u00e9 de vos villes et m\u00e9dias favoris en vous inscrivant \u00e0 <a href=\"https:\/\/moncompte.actu.fr\" title=\"D\u00e9couvez Mon Actu\" rel=\"nofollow noopener\" data-trk=\"{&quot;cta&quot;:{&quot;action&quot;:&quot;https:\\\/\\\/moncompte.actu.fr&quot;,&quot;category&quot;:&quot;mon compte&quot;,&quot;from&quot;:&quot;article footer&quot;,&quot;name&quot;:&quot;Mon actu&quot;,&quot;type&quot;:&quot;cta&quot;}}\" target=\"_blank\">Mon Actu<\/a>.<\/p>\n<ul class=\"ac-article-tag wall-content\">\n<li><a href=\"https:\/\/actu.fr\/tag\/bruno-bernard\" data-trk=\"{&quot;cta&quot;:{&quot;action&quot;:&quot;Bruno Bernard&quot;,&quot;category&quot;:&quot;tag&quot;,&quot;from&quot;:&quot;article footer&quot;,&quot;name&quot;:&quot;Bruno Bernard&quot;,&quot;type&quot;:&quot;cta&quot;}}\" target=\"_blank\" rel=\"noopener\">#Bruno Bernard<\/a><\/li>\n<li><a href=\"https:\/\/actu.fr\/tag\/transports-en-commun-lyonnais-tcl\" data-trk=\"{&quot;cta&quot;:{&quot;action&quot;:&quot;Transports en commun lyonnais (TCL)&quot;,&quot;category&quot;:&quot;tag&quot;,&quot;from&quot;:&quot;article footer&quot;,&quot;name&quot;:&quot;Transports en commun lyonnais (TCL)&quot;,&quot;type&quot;:&quot;cta&quot;}}\" target=\"_blank\" rel=\"noopener\">#Transports en commun lyonnais (TCL)<\/a><\/li>\n<\/ul>\n","protected":false},"excerpt":{"rendered":"Par Ludivine Caporal Publi\u00e9 le 4 ao\u00fbt 2025 \u00e0 17h43 Recueillir les avis et les contributions des habitants&hellip;\n","protected":false},"author":2,"featured_media":296423,"comment_status":"","ping_status":"","sticky":false,"template":"","format":"standard","meta":{"footnotes":""},"categories":[1889],"tags":[1111,11,2430,5921,1777,674,1011,27,2428,12,25,104,5787],"class_list":{"0":"post-296422","1":"post","2":"type-post","3":"status-publish","4":"format-standard","5":"has-post-thumbnail","7":"category-lyon","8":"tag-actu","9":"tag-actualites","10":"tag-auvergne-rhone-alpes","11":"tag-bruno-bernard","12":"tag-eu","13":"tag-europe","14":"tag-fr","15":"tag-france","16":"tag-lyon","17":"tag-news","18":"tag-republique-francaise","19":"tag-societe","20":"tag-transports-en-commun-lyonnais-tcl"},"share_on_mastodon":{"url":"https:\/\/pubeurope.com\/@fr\/114972123705806440","error":""},"_links":{"self":[{"href":"https:\/\/www.europesays.com\/fr\/wp-json\/wp\/v2\/posts\/296422","targetHints":{"allow":["GET"]}}],"collection":[{"href":"https:\/\/www.europesays.com\/fr\/wp-json\/wp\/v2\/posts"}],"about":[{"href":"https:\/\/www.europesays.com\/fr\/wp-json\/wp\/v2\/types\/post"}],"author":[{"embeddable":true,"href":"https:\/\/www.europesays.com\/fr\/wp-json\/wp\/v2\/users\/2"}],"replies":[{"embeddable":true,"href":"https:\/\/www.europesays.com\/fr\/wp-json\/wp\/v2\/comments?post=296422"}],"version-history":[{"count":0,"href":"https:\/\/www.europesays.com\/fr\/wp-json\/wp\/v2\/posts\/296422\/revisions"}],"wp:featuredmedia":[{"embeddable":true,"href":"https:\/\/www.europesays.com\/fr\/wp-json\/wp\/v2\/media\/296423"}],"wp:attachment":[{"href":"https:\/\/www.europesays.com\/fr\/wp-json\/wp\/v2\/media?parent=296422"}],"wp:term":[{"taxonomy":"category","embeddable":true,"href":"https:\/\/www.europesays.com\/fr\/wp-json\/wp\/v2\/categories?post=296422"},{"taxonomy":"post_tag","embeddable":true,"href":"https:\/\/www.europesays.com\/fr\/wp-json\/wp\/v2\/tags?post=296422"}],"curies":[{"name":"wp","href":"https:\/\/api.w.org\/{rel}","templated":true}]}}