{"id":296442,"date":"2025-08-04T19:32:09","date_gmt":"2025-08-04T19:32:09","guid":{"rendered":"https:\/\/www.europesays.com\/fr\/296442\/"},"modified":"2025-08-04T19:32:09","modified_gmt":"2025-08-04T19:32:09","slug":"vents-violents-coupures-delectricite-pagaille-dans-les-airs-les-images-impressionnantes-de-la-tempete-floris-qui-arrose-lecosse-et-le-nord-du-royaume-uni","status":"publish","type":"post","link":"https:\/\/www.europesays.com\/fr\/296442\/","title":{"rendered":"Vents violents, coupures d&rsquo;\u00e9lectricit\u00e9, pagaille dans les airs&#8230; Les images impressionnantes de la temp\u00eate Floris qui arrose l&rsquo;\u00c9cosse et le nord du Royaume-Uni"},"content":{"rendered":"<p>De violentes pr\u00e9cipitations et des rafales de vent puissantes frappent actuellement l&rsquo;\u00c9cosse et le nord de l&rsquo;Angleterre ce lundi. Une temp\u00eate \u00ab\u00a0inhabituellement forte pour cette \u00e9poque de l&rsquo;ann\u00e9e\u00a0\u00bb, a soulign\u00e9 l&rsquo;agence m\u00e9t\u00e9orologique britannique, le Met Office.<\/p>\n<p>La temp\u00eate baptis\u00e9e Floris continue son chemin au nord de l&rsquo;Angleterre et en Irlande ce lundi 4 ao\u00fbt avec une force \u00ab\u00a0inhabituelle\u00a0\u00bb pour un mois d&rsquo;ao\u00fbt, selon l&rsquo;office national de m\u00e9t\u00e9orologie. De violentes pr\u00e9cipitations et des rafales de vent puissantes sont en cours.<\/p>\n<p>Le Met Office a plac\u00e9 la quasi-totalit\u00e9 de l&rsquo;\u00c9cosse, une destination particuli\u00e8rement touristique en \u00e9t\u00e9, au niveau d&rsquo;alerte \u00ab\u00a0ambre\u00a0\u00bb, le 2e sur 3. Des rafales atteignants les 160 km\/h ont \u00e9t\u00e9 recens\u00e9es en \u00c9cosse.<\/p>\n<p>D&rsquo;autres rafales \u00e0 130 km\/h ont notamment \u00e9t\u00e9 enregistr\u00e9es sur l&rsquo;\u00eele de South Uist, \u00e0 l&rsquo;ouest de cette nation britannique.<\/p>\n<p>\u00ab\u00a0La temp\u00eate Floris est une temp\u00eate inhabituellement forte pour cette \u00e9poque de l&rsquo;ann\u00e9e\u00a0\u00bb, a soulign\u00e9 le Met Office dans un communiqu\u00e9, ajoutant que c&rsquo;est seulement la deuxi\u00e8me fois depuis 2011 qu&rsquo;il \u00e9met une alerte aux vents violents de ce niveau en ao\u00fbt.<\/p>\n<p>22.500 propri\u00e9t\u00e9s priv\u00e9s d&rsquo;\u00e9lectricit\u00e9s<\/p>\n<p>\u00ab\u00a0Certains endroits d&rsquo;\u00c9cosse vont probablement battre leur record en terme de force de rafales de vent pour un mois d&rsquo;ao\u00fbt\u00a0\u00bb, a-t-il ajout\u00e9.<\/p>\n<p>Par ailleurs, la compagnie d&rsquo;\u00e9lectricit\u00e9 Scottish and Southern Electricity Networks a annonc\u00e9 que 22.500 propri\u00e9t\u00e9s sont actuellement priv\u00e9es d&rsquo;\u00e9lectricit\u00e9s au nord de cette &lsquo;\u00eele de Grande-Bretagne.<\/p>\n<p>D\u00e9j\u00e0 de nombreuses perturbations ont \u00e9t\u00e9 enregistr\u00e9es, en particulier sur le r\u00e9seau de chemin de fer, o\u00f9 des trains ont \u00e9t\u00e9 annul\u00e9s, selon l&rsquo;op\u00e9rateur Network Rail Scotland.<\/p>\n<p>Plusieurs vols vers les \u00eeles \u00e9cossaises ont \u00e9t\u00e9 annul\u00e9s \u00e0 l&rsquo;a\u00e9roport de Glasgow suite aux intemp\u00e9ries.<\/p>\n<p>Face aux vents, \u00ab\u00a0plusieurs rapports de camping-cars\u00a0\u00bb ont \u00e9t\u00e9 renvers\u00e9s \u00ab\u00a0entre Broadford et Portree\u00a0\u00bb, sur l&rsquo;\u00eele de Skyes, rapport la police \u00e9cossaise aupr\u00e8s du m\u00e9dia britannique.<\/p>\n<p>\u00c0 l&rsquo;a\u00e9roport de Bradford, au Royaume-Uni, <a href=\"https:\/\/news.sky.com\/video\/storm-floris-plane-struggles-to-land-at-leeds-bradford-airport-as-strong-winds-batter-parts-of-the-uk-13406887\" target=\"_blank\" class=\"external_link\" rel=\"nofollow noopener\">Sky News<\/a> a captur\u00e9 l&rsquo;atterrissage d&rsquo;un avion \u00e0 l&rsquo;a\u00e9roport de Leeds Bradford qui peine a se poser face aux vents violents.<\/p>\n<p>Le zoo d&rsquo;\u00c9dimbourg a annonc\u00e9 qu&rsquo;il \u00e9tait enti\u00e8rement ferm\u00e9 pour le reste de la journ\u00e9e en raison de \u00ab\u00a0l&rsquo;augmentation de la vitesse du vent\u00a0\u00bb.<\/p>\n<p>Des camping-cars emport\u00e9s apr\u00e8s des fortes rafales<\/p>\n<p>Sur l&rsquo;\u00eele de Skye, tr\u00e8s touristique, des camping-cars ont \u00e9t\u00e9 emport\u00e9s sous l&rsquo;effet des fortes rafales, a rapport\u00e9 la police locale, qui recommande aux vacanciers de se mettre \u00e0 l&rsquo;abri.<\/p>\n<p>Le Met Office a pr\u00e9venu que des pr\u00e9cipitations intenses pourraient s&rsquo;ajouter aux vents violents. L&rsquo;alerte reste en vigueur jusqu&rsquo;\u00e0 23 heures (minuit heure locale) \u00e0 ce stade.<\/p>\n<p>La temp\u00eate Floris est la sixi\u00e8me \u00e0 frapper le Royaume-Uni depuis septembre dernier, qui marque le d\u00e9but du calendrier pour le d\u00e9compte de ce type d&rsquo;\u00e9v\u00e8nement climatique, dont la force est amplifi\u00e9e par le changement climatique.<\/p>\n","protected":false},"excerpt":{"rendered":"De violentes pr\u00e9cipitations et des rafales de vent puissantes frappent actuellement l&rsquo;\u00c9cosse et le nord de l&rsquo;Angleterre ce&hellip;\n","protected":false},"author":2,"featured_media":296443,"comment_status":"","ping_status":"","sticky":false,"template":"","format":"standard","meta":{"footnotes":""},"categories":[1588],"tags":[11,1777,674,12,473,1853,1851,1850,1852],"class_list":{"0":"post-296442","1":"post","2":"type-post","3":"status-publish","4":"format-standard","5":"has-post-thumbnail","7":"category-royaume-uni","8":"tag-actualites","9":"tag-eu","10":"tag-europe","11":"tag-news","12":"tag-royaume-uni","13":"tag-royaume-uni-de-grande-bretagne-et-dirlande-du-nord","14":"tag-uk","15":"tag-united-kingdom","16":"tag-united-kingdom-of-great-britain-and-northern-ireland"},"share_on_mastodon":{"url":"","error":""},"_links":{"self":[{"href":"https:\/\/www.europesays.com\/fr\/wp-json\/wp\/v2\/posts\/296442","targetHints":{"allow":["GET"]}}],"collection":[{"href":"https:\/\/www.europesays.com\/fr\/wp-json\/wp\/v2\/posts"}],"about":[{"href":"https:\/\/www.europesays.com\/fr\/wp-json\/wp\/v2\/types\/post"}],"author":[{"embeddable":true,"href":"https:\/\/www.europesays.com\/fr\/wp-json\/wp\/v2\/users\/2"}],"replies":[{"embeddable":true,"href":"https:\/\/www.europesays.com\/fr\/wp-json\/wp\/v2\/comments?post=296442"}],"version-history":[{"count":0,"href":"https:\/\/www.europesays.com\/fr\/wp-json\/wp\/v2\/posts\/296442\/revisions"}],"wp:featuredmedia":[{"embeddable":true,"href":"https:\/\/www.europesays.com\/fr\/wp-json\/wp\/v2\/media\/296443"}],"wp:attachment":[{"href":"https:\/\/www.europesays.com\/fr\/wp-json\/wp\/v2\/media?parent=296442"}],"wp:term":[{"taxonomy":"category","embeddable":true,"href":"https:\/\/www.europesays.com\/fr\/wp-json\/wp\/v2\/categories?post=296442"},{"taxonomy":"post_tag","embeddable":true,"href":"https:\/\/www.europesays.com\/fr\/wp-json\/wp\/v2\/tags?post=296442"}],"curies":[{"name":"wp","href":"https:\/\/api.w.org\/{rel}","templated":true}]}}