{"id":296482,"date":"2025-08-04T19:54:11","date_gmt":"2025-08-04T19:54:11","guid":{"rendered":"https:\/\/www.europesays.com\/fr\/296482\/"},"modified":"2025-08-04T19:54:11","modified_gmt":"2025-08-04T19:54:11","slug":"isere-un-cas-importe-de-chikungunya-detecte-dans-une-nouvelle-commune","status":"publish","type":"post","link":"https:\/\/www.europesays.com\/fr\/296482\/","title":{"rendered":"Is\u00e8re. Un cas import\u00e9 de chikungunya\u00a0d\u00e9tect\u00e9 dans une nouvelle commune"},"content":{"rendered":"<p>Un cas de chikungunya ayant \u00e9t\u00e9 d\u00e9tect\u00e9 dans un quartier de Saint-Marcellin, dans un secteur situ\u00e9 autour de l\u2019avenue du Docteur-Carrier, une op\u00e9ration de d\u00e9moustication va s\u2019y d\u00e9rouler dans la nuit de ce mardi\u00a05 au mercredi 6\u00a0ao\u00fbt, entre 2 et 5 heures du matin environ.<\/p>\n<p>Il s\u2019agit plus pr\u00e9cis\u00e9ment d\u2019un cas import\u00e9 par une personne revenue d\u2019une zone intertropicale, Madagascar en l\u2019occurrence, indique St\u00e9phane Campos, responsable d\u2019une unit\u00e9 op\u00e9rationnelle au sein de l\u2019Entente interd\u00e9partementale Rh\u00f4ne-Alpes pour la d\u00e9moustication (Eirad, sous l\u2019autorit\u00e9 de l\u2019Agence r\u00e9gionale de sant\u00e9).<\/p>\n<p>\u00ab\u00a0Si le moustique pique le patient, il\u00a0peut transmettre le virus \u00e0 quelqu\u2019un d\u2019autre et \u00e7a devient autochtone\u00a0\u00bb\u00a0<\/p>\n<p>\u00ab\u00a0Nous sommes all\u00e9s vendredi sur la commune, on y a vu le moustique tigre, qui est l\u2019insecte vecteur\u00a0\u00bb de cette maladie infectieuse. \u00ab\u00a0Si le moustique pique le patient, il peut transmettre le virus \u00e0 quelqu\u2019un d\u2019autre et \u00e7a devient autochtone, <a href=\"https:\/\/www.ledauphine.com\/faits-divers-justice\/2025\/07\/22\/chikungunya-un-second-cas-autochtone-detecte\" target=\"_blank\" rel=\"noopener\">comme ce qui est arriv\u00e9 \u00e0 Claix<\/a>\u00a0\u00bb, poursuit le technicien.<\/p>\n<p>Par \u00ab\u00a0pr\u00e9vention\u00a0\u00bb, l\u2019Eirad va donc intervenir avec un traitement insecticide sur le p\u00e9rim\u00e8tre concern\u00e9, en r\u00e9alisant un \u00e9pandage depuis un v\u00e9hicule. \u00ab\u00a0Les moustiques tigres, qui sont des insectes diurnes qui piquent le jour, ne volent pas en pleine nuit, ils se reposent dans la v\u00e9g\u00e9tation, donc c\u2019est \u00e0 ce moment-l\u00e0 qu\u2019on est s\u00fbr de les toucher\u00a0\u00bb, informe encore St\u00e9phane Campos.<\/p>\n<p>Un calendrier qui permet aussi d\u2019\u00e9viter au maximum la pr\u00e9sence d\u2019humains et d\u2019animaux de compagnie\u00a0; des pr\u00e9cautions \u00e0 prendre avant et apr\u00e8s l\u2019op\u00e9ration de pulv\u00e9risation ont par ailleurs \u00e9t\u00e9 transmises aux habitants concern\u00e9s.<\/p>\n<p class=\"note\">Plus d\u2019informations <a href=\"https:\/\/www.eid-rhonealpes.com\" target=\"_blank\" rel=\"noopener\">sur le site de l&rsquo;Eirad<\/a>.<\/p>\n","protected":false},"excerpt":{"rendered":"Un cas de chikungunya ayant \u00e9t\u00e9 d\u00e9tect\u00e9 dans un quartier de Saint-Marcellin, dans un secteur situ\u00e9 autour de&hellip;\n","protected":false},"author":2,"featured_media":296483,"comment_status":"","ping_status":"","sticky":false,"template":"","format":"standard","meta":{"footnotes":""},"categories":[10],"tags":[114,107,1011,27,72,108,7387,7388,71,104],"class_list":{"0":"post-296482","1":"post","2":"type-post","3":"status-publish","4":"format-standard","5":"has-post-thumbnail","7":"category-sante","8":"tag-edition-voiron-saint-marcellin","9":"tag-fil-info","10":"tag-fr","11":"tag-france","12":"tag-health","13":"tag-isere","14":"tag-saint-marcellin","15":"tag-saint-marcellin-bassin","16":"tag-sante","17":"tag-societe"},"share_on_mastodon":{"url":"https:\/\/pubeurope.com\/@fr\/114972253509933350","error":""},"_links":{"self":[{"href":"https:\/\/www.europesays.com\/fr\/wp-json\/wp\/v2\/posts\/296482","targetHints":{"allow":["GET"]}}],"collection":[{"href":"https:\/\/www.europesays.com\/fr\/wp-json\/wp\/v2\/posts"}],"about":[{"href":"https:\/\/www.europesays.com\/fr\/wp-json\/wp\/v2\/types\/post"}],"author":[{"embeddable":true,"href":"https:\/\/www.europesays.com\/fr\/wp-json\/wp\/v2\/users\/2"}],"replies":[{"embeddable":true,"href":"https:\/\/www.europesays.com\/fr\/wp-json\/wp\/v2\/comments?post=296482"}],"version-history":[{"count":0,"href":"https:\/\/www.europesays.com\/fr\/wp-json\/wp\/v2\/posts\/296482\/revisions"}],"wp:featuredmedia":[{"embeddable":true,"href":"https:\/\/www.europesays.com\/fr\/wp-json\/wp\/v2\/media\/296483"}],"wp:attachment":[{"href":"https:\/\/www.europesays.com\/fr\/wp-json\/wp\/v2\/media?parent=296482"}],"wp:term":[{"taxonomy":"category","embeddable":true,"href":"https:\/\/www.europesays.com\/fr\/wp-json\/wp\/v2\/categories?post=296482"},{"taxonomy":"post_tag","embeddable":true,"href":"https:\/\/www.europesays.com\/fr\/wp-json\/wp\/v2\/tags?post=296482"}],"curies":[{"name":"wp","href":"https:\/\/api.w.org\/{rel}","templated":true}]}}