{"id":296492,"date":"2025-08-04T20:00:12","date_gmt":"2025-08-04T20:00:12","guid":{"rendered":"https:\/\/www.europesays.com\/fr\/296492\/"},"modified":"2025-08-04T20:00:12","modified_gmt":"2025-08-04T20:00:12","slug":"les-infos-de-18h-violences-sexuelles-sur-des-nourrissons-a-montreuil-comment-une-internaute-a-sonne-lalerte","status":"publish","type":"post","link":"https:\/\/www.europesays.com\/fr\/296492\/","title":{"rendered":"Les infos de 18h &#8211; Violences sexuelles sur des nourrissons \u00e0 Montreuil : comment une internaute a sonn\u00e9 l&rsquo;alerte"},"content":{"rendered":"<p class=\"article-p mdl\">Une affaire sordide en r\u00e9gion parisienne. Une infirmi\u00e8re de 26 ans a \u00e9t\u00e9 mise en examen pour agressions sexuelles sur mineurs <strong>apr\u00e8s l&rsquo;exploitation de vid\u00e9os impliquant des nourrissons<\/strong>. Elle a \u00e9t\u00e9 mise en examen, tout comme son ex-compagnon accus\u00e9 de complicit\u00e9.<\/p>\n<p class=\"article-p mdl\"><a class=\"link\" href=\"https:\/\/www.rtl.fr\/actu\/justice-faits-divers\/les-infos-de-18h-montreuil-une-infirmiere-de-26-ans-mise-en-examen-pour-des-agressions-sexuelles-sur-des-nourrissons-7900527650\" title=\"Les infos de 18h - Montreuil : une infirmi\u00e8re de 26 ans mise en examen pour des agressions sexuelles sur des nourrissons\" rel=\"nofollow noopener\" target=\"_blank\">Cette affaire<\/a>\u00a0a \u00e9t\u00e9 r\u00e9v\u00e9l\u00e9e gr\u00e2ce \u00e0 l&rsquo;enqu\u00eate d&rsquo;une internaute avec qui RTL a pu \u00e9changer. Cette jeune femme \u00e9tait virtuellement en contact <strong>avec l&rsquo;homme mis en cause<\/strong>, avec qui elle n&rsquo;\u00e9changeait que sur le r\u00e9seau social X.<\/p>\n<p class=\"article-p mdl\">Si les discussions \u00e9taient d&rsquo;abord anodines, l&rsquo;homme l&rsquo;a ensuite renvoy\u00e9e vers son compte priv\u00e9 o\u00f9 il partageait <strong>des vid\u00e9os de lui \u00e0 caract\u00e8re pornographique<\/strong>, mais aussi ses fantasmes bien plus extr\u00eames.<\/p>\n<p class=\"article-p mdl\">\u00ab\u00a0Il parlait\u00a0<a class=\"link\" href=\"https:\/\/www.rtl.fr\/culture\/medias-people\/steffy-alexandrian-femme-engagee-contre-l-inceste-sur-rtl-je-me-souviens-d-un-pere-qui-n-etait-pas-normal-7900501861\" title=\"Steffy Alexandrian, femme engag\u00e9e contre l&#039;inceste, sur RTL : &quot;Je me souviens d&#039;un p\u00e8re qui n&#039;\u00e9tait pas normal&quot;\" rel=\"nofollow noopener\" target=\"_blank\">d&rsquo;inceste<\/a>\u00a0sur sa petite s\u0153ur, de filles qui se font l\u00e9cher en bas, du fait qu&rsquo;il aime bien les \u00e9carts d&rsquo;\u00e2ges, etc. Il avait des pratiques et des fantasmes sexuels <strong>qui \u00e9taient vraiment tr\u00e8s pr\u00e9cis<\/strong>\u00ab\u00a0, a-t-elle confi\u00e9.<\/p>\n<p class=\"article-p mdl\">La jeune internaute a donc fait part de son d\u00e9go\u00fbt \u00e0 son meilleur ami et tous les deux ont d\u00e9cid\u00e9 de continuer \u00e0 discuter avec l&rsquo;homme pour savoir jusqu&rsquo;o\u00f9 allaient ses n\u00e9vroses.<\/p>\n<p class=\"article-p mdl\">\u00ab\u00a0Quand il a commenc\u00e9 \u00e0 parler des b\u00e9b\u00e9s, c&rsquo;\u00e9tait trop pour moi. En plus, il y avait des preuves \u00e0 l&rsquo;appui, des vid\u00e9os \u00e0 l&rsquo;appui. <strong>C&rsquo;est vraiment un monsieur qui est dangereux avec des b\u00e9b\u00e9s.<\/strong> Il \u00e9tait trop bizarre et il me disait m\u00eame : &lsquo;Ne me dis pas que tu as 19 ans, dis-moi que tu as 13 ans&rsquo;, ou, &lsquo;Si j&rsquo;avais un b\u00e9b\u00e9, est-ce que tu aimerais que je t&rsquo;envoie des vid\u00e9os avec ce b\u00e9b\u00e9-l\u00e0'\u00a0\u00bb, d\u00e9crit-elle au micro de RTL.<\/p>\n<p class=\"article-p mdl\">Apr\u00e8s avoir re\u00e7u des vid\u00e9os et des photos de b\u00e9b\u00e9s, elle a d\u00e9cid\u00e9 d&rsquo;arr\u00eater et de le d\u00e9noncer. Pour cela, elle s&rsquo;est tourn\u00e9e vers un compte X, <strong>Alerte P\u00e9dofrance<\/strong>. Ce \u00ab\u00a0justicier num\u00e9rique\u00a0\u00bb a ainsi traqu\u00e9 le jeune homme afin de le d\u00e9noncer aux autorit\u00e9s.<\/p>\n<p>            \u00c0 \u00e9couter \u00e9galement dans ce journal<\/p>\n<p class=\"article-p mdl\"><strong>Faits divers<\/strong> &#8211; Un enfant de 9 ans a \u00e9t\u00e9 tu\u00e9 par le chien familial, un Rottweiler de 60 kilos. Il avait \u00e9t\u00e9 laiss\u00e9 seul, sans surveillance, avec le molosse pendant quelques minutes. Son p\u00e8re et son fr\u00e8re \u00e2g\u00e9 de 14 ans \u00e9taient partis faire des courses.\u00a0<\/p>\n<p><strong>LGV Nord<\/strong> &#8211; Ce lundi 4 ao\u00fbt 2025, des voyageurs ont\u00a0<a class=\"link\" href=\"https:\/\/www.rtl.fr\/actu\/economie-consommation\/eurostars-supprimes-trains-retardes-ce-que-l-on-sait-de-la-panne-qui-paralyse-la-ligne-grande-vitesse-nord-7900527944\" rel=\"nofollow noopener\" target=\"_blank\">jusqu&rsquo;\u00e0 trois heures de retard<\/a>\u00a0pour les TGV qui circulent entre le Nord et la capitale. SNCF R\u00e9seau \u00e9voque un \u00ab\u00a0probl\u00e8me de cat\u00e9naire\u00a0\u00bb.\u00a0<\/p>\n<p><strong>\u00c9conomie<\/strong> &#8211; Les ch\u00e8ques ne repr\u00e9sentent\u00a0<a class=\"link\" href=\"https:\/\/www.rtl.fr\/actu\/economie-consommation\/les-cheques-sont-ils-en-voie-de-disparition-7900527933\" rel=\"nofollow noopener\" target=\"_blank\">plus que 3% des transactions en France<\/a>. Cela repr\u00e9sente une baisse vertigineuse ces derni\u00e8res ann\u00e9es puisqu&rsquo;ils repr\u00e9sentaient encore plus d&rsquo;un paiement sur trois, il y a 25 ans.<\/p>\n<p>    La r\u00e9daction vous recommande<\/p>\n<p class=\"s-newsletter__title\">\n                L\u2019actualit\u00e9 par la r\u00e9daction de RTL dans votre bo\u00eete mail.\n            <\/p>\n<p class=\"s-newsletter__subtitle\">\n                Gr\u00e2ce \u00e0 votre compte RTL abonnez-vous \u00e0 la newsletter RTL info pour suivre toute l&rsquo;actualit\u00e9 au quotidien\n            <\/p>\n<p>\n                                    Lire la suite\n                                <\/p>\n","protected":false},"excerpt":{"rendered":"Une affaire sordide en r\u00e9gion parisienne. Une infirmi\u00e8re de 26 ans a \u00e9t\u00e9 mise en examen pour agressions&hellip;\n","protected":false},"author":2,"featured_media":249462,"comment_status":"","ping_status":"","sticky":false,"template":"","format":"standard","meta":{"footnotes":""},"categories":[4],"tags":[11,1267,1067,107,1011,27,2777,12,1974,1072,362,360,25,2949],"class_list":{"0":"post-296492","1":"post","2":"type-post","3":"status-publish","4":"format-standard","5":"has-post-thumbnail","7":"category-france","8":"tag-actualites","9":"tag-agression-sexuelle","10":"tag-enquete","11":"tag-fil-info","12":"tag-fr","13":"tag-france","14":"tag-hopitaux","15":"tag-news","16":"tag-pedocriminalite","17":"tag-police","18":"tag-replay","19":"tag-replay-integral","20":"tag-republique-francaise","21":"tag-violences"},"share_on_mastodon":{"url":"https:\/\/pubeurope.com\/@fr\/114972277059696597","error":""},"_links":{"self":[{"href":"https:\/\/www.europesays.com\/fr\/wp-json\/wp\/v2\/posts\/296492","targetHints":{"allow":["GET"]}}],"collection":[{"href":"https:\/\/www.europesays.com\/fr\/wp-json\/wp\/v2\/posts"}],"about":[{"href":"https:\/\/www.europesays.com\/fr\/wp-json\/wp\/v2\/types\/post"}],"author":[{"embeddable":true,"href":"https:\/\/www.europesays.com\/fr\/wp-json\/wp\/v2\/users\/2"}],"replies":[{"embeddable":true,"href":"https:\/\/www.europesays.com\/fr\/wp-json\/wp\/v2\/comments?post=296492"}],"version-history":[{"count":0,"href":"https:\/\/www.europesays.com\/fr\/wp-json\/wp\/v2\/posts\/296492\/revisions"}],"wp:featuredmedia":[{"embeddable":true,"href":"https:\/\/www.europesays.com\/fr\/wp-json\/wp\/v2\/media\/249462"}],"wp:attachment":[{"href":"https:\/\/www.europesays.com\/fr\/wp-json\/wp\/v2\/media?parent=296492"}],"wp:term":[{"taxonomy":"category","embeddable":true,"href":"https:\/\/www.europesays.com\/fr\/wp-json\/wp\/v2\/categories?post=296492"},{"taxonomy":"post_tag","embeddable":true,"href":"https:\/\/www.europesays.com\/fr\/wp-json\/wp\/v2\/tags?post=296492"}],"curies":[{"name":"wp","href":"https:\/\/api.w.org\/{rel}","templated":true}]}}