{"id":296505,"date":"2025-08-04T20:11:17","date_gmt":"2025-08-04T20:11:17","guid":{"rendered":"https:\/\/www.europesays.com\/fr\/296505\/"},"modified":"2025-08-04T20:11:17","modified_gmt":"2025-08-04T20:11:17","slug":"le-fc-rouen-sexcuse-aupres-du-fc-dieppe-pour-les-degradations-au-stade-dasnias","status":"publish","type":"post","link":"https:\/\/www.europesays.com\/fr\/296505\/","title":{"rendered":"Le fc rouen s&rsquo;excuse aupr\u00e8s du fc dieppe pour les d\u00e9gradations au stade dasnias"},"content":{"rendered":"<p>Le football, en tant que passion collective, a parfois ses ombres, notamment quand des comportements inappropri\u00e9s viennent ternir l\u2019image d\u2019un club. Cela a \u00e9t\u00e9 le cas pour le FC Rouen, qui a r\u00e9cemment d\u00fb pr\u00e9senter des excuses officielles au FC Dieppe. Cette situation a surgi suite \u00e0 des d\u00e9gradations d\u00e9plorables survenues au stade Dasnias lors d\u2019un match amical le 1er ao\u00fbt 2025, un \u00e9v\u00e9nement qui, bien que joyeux en surface, a pris une tournure malheureuse.<\/p>\n<p>Le contexte du match amical au stade Dasnias<\/p>\n<p>Le match entre le <strong>FC Rouen<\/strong> et le <strong>FC Dieppe<\/strong> s\u2019inscrit dans une pr\u00e9paration estivale pour les deux \u00e9quipes, cherchant \u00e0 affiner leurs jeux respectifs avant le d\u00e9but de la saison en <strong>National 2<\/strong>. Le stade Dasnias, un lieu embl\u00e9matique pour les partisans des Harengs, avait \u00e9t\u00e9 le th\u00e9\u00e2tre d\u2019une rencontre attendue, attirant un nombre impressionnant de spectateurs. Pr\u00e8s de 300 supporters du FC Rouen avaient fait le d\u00e9placement pour soutenir leur \u00e9quipe, amplifiant l\u2019atmosph\u00e8re excitante du match. Au milieu de l\u2019enthousiasme g\u00e9n\u00e9ral, des actes isol\u00e9s de vandalisme sont survenus, modifiant brusquement le ton de la soir\u00e9e.<\/p>\n<p>Les d\u00e9tails des d\u00e9gradations sont aussi brutaux que surprenants. En particulier, des toilettes ont \u00e9t\u00e9 retrouv\u00e9es <strong>tagu\u00e9es<\/strong>, et d\u2019autres installations ont subi des dommages non n\u00e9gligeables. Si la partie a \u00e9t\u00e9 disput\u00e9e dans l\u2019esprit du jeu, ces incidents regrettables ont promptement attir\u00e9 l\u2019attention des autorit\u00e9s du club. Le FC Rouen, surpris par ces gestes de ses propres supporters, a affich\u00e9 son d\u00e9saccord en rappelant le respect et la civilit\u00e9 qui devraient toujours pr\u00e9valoir dans le milieu sportif.<\/p>\n<p>Les cons\u00e9quences des d\u00e9gradations pour le FC Rouen<\/p>\n<p>Ces comportements n\u00e9fastes ne sont pas sans cons\u00e9quences pour le club. En plus de la g\u00eane caus\u00e9e vis-\u00e0-vis du FC Dieppe, la <strong>communication<\/strong> autour de ces incidents peut nuire \u00e0 l\u2019image du FC Rouen. Ce n\u2019est pas la premi\u00e8re fois que le club a \u00e0 faire face \u00e0 des probl\u00e8mes disciplinaires. Par le pass\u00e9, plusieurs sanctions avaient d\u00e9j\u00e0 \u00e9t\u00e9 impos\u00e9es, telles que des huis-clos et des retraits de points. Cela incite \u00e0 r\u00e9fl\u00e9chir sur l\u2019importance d\u2019un encadrement strict et de la responsabilit\u00e9 collective parmi les supporters. Voici quelques facteurs principaux qui soulignent la gravit\u00e9 de la situation :<\/p>\n<ul class=\"wp-block-list\">\n<li><strong>Impact sur l\u2019image du club<\/strong> : Des incidents de ce type peuvent affecter la r\u00e9putation du FC Rouen, tant sur le plan local qu\u2019au niveau national.<\/li>\n<li><strong>Sanctions potentielles<\/strong> : Le club pourrait faire face \u00e0 des sanctions de la part des instances du football, notamment des amendes ou des restrictions de public.<\/li>\n<li><strong>Perte de soutien<\/strong> : Des supporters, d\u00e9sillusionn\u00e9s par ces comportements, pourraient se d\u00e9tourner de l\u2019\u00e9quipe.<\/li>\n<\/ul>\n<p>Pour contrer cette dynamique, le FC Rouen a r\u00e9agi promptement. La direction a \u00e9mis un communiqu\u00e9 officiel condamnant ces actes, appelant \u00e0 la responsabilit\u00e9 parmi ses supporters. Les instances du football appliquent de plus en plus des r\u00e8glements stricts, et le FC Rouen ne souhaite pas revivre les erreurs du pass\u00e9.<\/p>\n<p>Une communication proactive et des excuses publiques<\/p>\n<p>En r\u00e9ponse aux \u00e9v\u00e9nements, le FC Rouen a pris l\u2019initiative de pr\u00e9senter des excuses au FC Dieppe et \u00e0 la ville pour les d\u00e9sagr\u00e9ments caus\u00e9s. Dans un communiqu\u00e9 diffus\u00e9 sur les r\u00e9seaux sociaux, le club a clairement affirm\u00e9 que ces actes de <strong>d\u00e9gradations<\/strong> ne repr\u00e9sentaient pas les valeurs d\u2019int\u00e9grit\u00e9 qui devraient pr\u00e9valoir dans le football. Ce type de r\u00e9action est crucial dans la gestion de crises. Une communication efficace peut aider \u00e0 r\u00e9parer les relations entre les diff\u00e9rents acteurs du football.<\/p>\n<p>Les excuses formul\u00e9es ne se sont pas limit\u00e9es aux mots. Le club a \u00e9galement pr\u00e9cis\u00e9 qu\u2019il allait renforcer ses mesures de s\u00e9curit\u00e9 lors des futurs matchs. Cela pourrait impliquer une surveillance accrue dans les tribunes ainsi que des campagnes de sensibilisation sur le <strong>fair-play<\/strong> et le <strong>respect<\/strong> des installations.<\/p>\n<p>Mesures \u00e0 prendre \u00e0 l\u2019avenir<\/p>\n<p>Pour \u00e9viter de telles situations \u00e0 l\u2019avenir, plusieurs pistes doivent \u00eatre explor\u00e9es :<\/p>\n<ul class=\"wp-block-list\">\n<li><strong>Formation des supporters<\/strong> : Organiser des s\u00e9ances d\u2019information pour rappeler l\u2019importance de la sportivit\u00e9.<\/li>\n<li><strong>Sensibilisation \u00e0 l\u2019impact des actes<\/strong> : Expliquer les cons\u00e9quences des d\u00e9gradations, tant sur le plan personnel que pour l\u2019ensemble du club.<\/li>\n<li><strong>Collaboration avec les autorit\u00e9s<\/strong> : Travailler en partenariat avec les forces de l\u2019ordre pour garantir la s\u00e9curit\u00e9 lors des matchs.<\/li>\n<\/ul>\n<p>Le r\u00f4le des supporters est crucial. Leur comportement peut b\u00e2tir ou d\u00e9truire la r\u00e9putation d\u2019un club. La direction du FC Rouen a bien compris que chaque supporter peut et doit \u00eatre un ambassadeur du club, et non un fauteur de trouble.<\/p>\n<p>Les enjeux de la sportivit\u00e9 et du respect dans le football<\/p>\n<p>Les incidents autour de ce match amical r\u00e9v\u00e8lent une question bien plus vaste : celle de la <strong>sportivit\u00e9<\/strong> dans le football moderne. Comme dans de nombreux sports, le football se trouve \u00e0 l\u2019interface entre passion et combat, entre ferveur et d\u00e9mesure. La d\u00e9gradation des installations d\u2019un stade, comme ce fut le cas au <strong>stade Dasnias<\/strong>, remet en question les fondements m\u00eame de ce qui devrait \u00eatre une c\u00e9l\u00e9bration du sport. La sportivit\u00e9 appelle au respect, tant vis-\u00e0-vis des adversaires que des infrastructures.<\/p>\n<p>Les valeurs fondamentales du football<\/p>\n<p>Le respect, le fair-play et la camaraderie sont les pierres angulaires du football. En faisant la promotion de ces valeurs, tous les acteurs du jeu, qu\u2019ils soient joueurs, entra\u00eeneurs ou supporters, peuvent t\u00e9moigner de leur engagement \u00e0 des comportements responsables. En effet, les valeurs fondamentales doivent \u00eatre inculqu\u00e9es d\u00e8s le plus jeune \u00e2ge pour fa\u00e7onner les futures g\u00e9n\u00e9rations de supporters. En voici quelques-unes :<\/p>\n<ul class=\"wp-block-list\">\n<li><strong>Respect des r\u00e8gles<\/strong> : Chaque joueur doit conna\u00eetre et respecter les lois du jeu.<\/li>\n<li><strong>Fair-play<\/strong> : Se comporter dignement sur et en dehors du terrain, m\u00eame dans la d\u00e9faite.<\/li>\n<li><strong>Solidarit\u00e9<\/strong> : Soutenir son \u00e9quipe, mais aussi respecter les rivaux.<\/li>\n<\/ul>\n<p>Cela va au-del\u00e0 du simple respect des r\u00e8gles. La communaut\u00e9 de football doit agir comme un mod\u00e8le pour les jeunes g\u00e9n\u00e9rations, en montrant qu\u2019il est possible d\u2019encourager son \u00e9quipe tout en respectant l\u2019adversaire.<\/p>\n<p>R\u00e9percussions sur l\u2019image du football amateur et professionnel<\/p>\n<p>Les \u00e9v\u00e9nements r\u00e9cents peuvent avoir des r\u00e9percussions sur l\u2019image d\u2019ensemble du football, qu\u2019il soit amateur ou professionnel. La perception du public peut \u00eatre alt\u00e9r\u00e9e, et la m\u00e9fiance envers certains clubs peut s\u2019installer. C\u2019est un v\u00e9ritable d\u00e9fi pour les \u00e9quipes, car une combinaison d\u2019erreurs peut vite entra\u00eener une spirale n\u00e9gative. Les clubs, qu\u2019ils soient petits ou grands, sont tous concern\u00e9s par cette probl\u00e9matique.<\/p>\n<p>Les m\u00e9dias jouent \u00e9galement un r\u00f4le crucial dans la formation des opinions. Ils peuvent amplifier les incidents comme ceux survenus au stade Dasnias, transformant une situation isol\u00e9e en une probl\u00e9matique de fond pour l\u2019ensemble d\u2019un championnat. Par ailleurs, les instances du football, comme la Ligue de Football de Normandie, se doivent d\u2019agir rapidement pour garantir que la sportivit\u00e9 soit toujours au c\u0153ur des pr\u00e9occupations.<\/p>\n<p>Une approche proactive pour maintenir la r\u00e9putation du football<\/p>\n<p>Pour lutter contre ces perceptions n\u00e9gatives, les clubs doivent mettre en place des actions proactives :<\/p>\n<ul class=\"wp-block-list\">\n<li><strong>\u00c9ducation des spectateurs<\/strong>\u00a0: Cr\u00e9er des programmes d\u2019\u00e9ducation sur l\u2019importance de la sportivit\u00e9.<\/li>\n<li><strong>Partenariats avec les \u00e9coles<\/strong> : Impliquer les jeunes dans des erreurs et des discussions sur le respect.<\/li>\n<li><strong>Sanctions dissuasives<\/strong> : Appliquer des sanctions en cas de comportements inappropri\u00e9s pour pr\u00e9venir les r\u00e9cidives.<\/li>\n<\/ul>\n<p>En effa\u00e7ant l\u2019image n\u00e9gative, il est possible de construire un environnement o\u00f9 les valeurs du football sont respect\u00e9es, o\u00f9 le fair-play devient un objectif commun et o\u00f9 chaque match est une c\u00e9l\u00e9bration de la passion du jeu.<\/p>\n","protected":false},"excerpt":{"rendered":"Le football, en tant que passion collective, a parfois ses ombres, notamment quand des comportements inappropri\u00e9s viennent ternir&hellip;\n","protected":false},"author":2,"featured_media":296506,"comment_status":"","ping_status":"","sticky":false,"template":"","format":"standard","meta":{"footnotes":""},"categories":[9587],"tags":[1111,11,1777,674,1011,27,12,5161,25,9590],"class_list":{"0":"post-296505","1":"post","2":"type-post","3":"status-publish","4":"format-standard","5":"has-post-thumbnail","7":"category-rouen","8":"tag-actu","9":"tag-actualites","10":"tag-eu","11":"tag-europe","12":"tag-fr","13":"tag-france","14":"tag-news","15":"tag-normandie","16":"tag-republique-francaise","17":"tag-rouen"},"share_on_mastodon":{"url":"https:\/\/pubeurope.com\/@fr\/114972320339385290","error":""},"_links":{"self":[{"href":"https:\/\/www.europesays.com\/fr\/wp-json\/wp\/v2\/posts\/296505","targetHints":{"allow":["GET"]}}],"collection":[{"href":"https:\/\/www.europesays.com\/fr\/wp-json\/wp\/v2\/posts"}],"about":[{"href":"https:\/\/www.europesays.com\/fr\/wp-json\/wp\/v2\/types\/post"}],"author":[{"embeddable":true,"href":"https:\/\/www.europesays.com\/fr\/wp-json\/wp\/v2\/users\/2"}],"replies":[{"embeddable":true,"href":"https:\/\/www.europesays.com\/fr\/wp-json\/wp\/v2\/comments?post=296505"}],"version-history":[{"count":0,"href":"https:\/\/www.europesays.com\/fr\/wp-json\/wp\/v2\/posts\/296505\/revisions"}],"wp:featuredmedia":[{"embeddable":true,"href":"https:\/\/www.europesays.com\/fr\/wp-json\/wp\/v2\/media\/296506"}],"wp:attachment":[{"href":"https:\/\/www.europesays.com\/fr\/wp-json\/wp\/v2\/media?parent=296505"}],"wp:term":[{"taxonomy":"category","embeddable":true,"href":"https:\/\/www.europesays.com\/fr\/wp-json\/wp\/v2\/categories?post=296505"},{"taxonomy":"post_tag","embeddable":true,"href":"https:\/\/www.europesays.com\/fr\/wp-json\/wp\/v2\/tags?post=296505"}],"curies":[{"name":"wp","href":"https:\/\/api.w.org\/{rel}","templated":true}]}}