{"id":296514,"date":"2025-08-04T20:17:39","date_gmt":"2025-08-04T20:17:39","guid":{"rendered":"https:\/\/www.europesays.com\/fr\/296514\/"},"modified":"2025-08-04T20:17:39","modified_gmt":"2025-08-04T20:17:39","slug":"toute-lactu-top-music-reouverture-de-la-piscine-du-wacken","status":"publish","type":"post","link":"https:\/\/www.europesays.com\/fr\/296514\/","title":{"rendered":"Toute l&rsquo;actu Top Music &#8211; R\u00e9ouverture de la piscine du Wacken"},"content":{"rendered":"\n<p>Apr\u00e8s plus d&rsquo;une semaine de fermeture, la piscine du Wacken \u00e0 Strasbourg sera de nouveau ouverte au grand public<strong>. Une panne des pompes de circulation d\u2019eau<\/strong> avait d\u00fb faire cesser ses activit\u00e9s, le 24 juillet dernier. <strong>La piscine pourra rouvrir progressivement \u00e0 partir du 2 ao\u00fbt <\/strong>gr\u00e2ce au travail du personnel. <strong>Le bassin sportif et le bassin carrel\u00e9 <\/strong>seront donc de nouveau accessibles ce samedi<strong> 2 ao\u00fbt<\/strong>. Concernant<strong> le bassin ludique<\/strong>, il devrait \u00eatre rouvert au public <strong>\u00e0 partir du mercredi 6 ao\u00fbt<\/strong>. Le <strong>deuxi\u00e8me bassin \u00e0 destination des enfants<\/strong> sera quant \u00e0 lui <strong>accessible ult\u00e9rieurement<\/strong>. Un \u00e9t\u00e9 mouvement\u00e9 pour la piscine du Wacken,<a href=\"https:\/\/www.topmusic.fr\/les-agressions-et-incivilites-se-multiplient-dans-les-piscines-en-alsace\" rel=\"noopener\" target=\"_blank\"> qui avait d\u00e9j\u00e0 d\u00fb fermer apr\u00e8s une agression le 29 juin.<\/a><\/p>\n<p>Toutes les informations de r\u00e9ouverture sont disponibles sur le site <a href=\"https:\/\/www.strasbourg.eu\/lieu\/-\/entity\/sig\/408_SPO_9\/piscine-du-wacken\" rel=\"noopener\" target=\"_blank\">Strasbourg.eu<\/a> et sur l\u2019application StrasApp.<\/p>\n","protected":false},"excerpt":{"rendered":"Apr\u00e8s plus d&rsquo;une semaine de fermeture, la piscine du Wacken \u00e0 Strasbourg sera de nouveau ouverte au grand&hellip;\n","protected":false},"author":2,"featured_media":296515,"comment_status":"","ping_status":"","sticky":false,"template":"","format":"standard","meta":{"footnotes":""},"categories":[2820],"tags":[12506,1111,11,2389,2863,2649,2883,1777,674,1011,27,775,35535,12,10899,43684,13979,25,640,43683],"class_list":{"0":"post-296514","1":"post","2":"type-post","3":"status-publish","4":"format-standard","5":"has-post-thumbnail","7":"category-strasbourg","8":"tag-accessible","9":"tag-actu","10":"tag-actualites","11":"tag-alsace","12":"tag-aout","13":"tag-bas-rhin","14":"tag-ete","15":"tag-eu","16":"tag-europe","17":"tag-fr","18":"tag-france","19":"tag-grand-est","20":"tag-incident","21":"tag-news","22":"tag-panne","23":"tag-pisicne","24":"tag-reouverture","25":"tag-republique-francaise","26":"tag-strasbourg","27":"tag-waken"},"share_on_mastodon":{"url":"https:\/\/pubeurope.com\/@fr\/114972343926279828","error":""},"_links":{"self":[{"href":"https:\/\/www.europesays.com\/fr\/wp-json\/wp\/v2\/posts\/296514","targetHints":{"allow":["GET"]}}],"collection":[{"href":"https:\/\/www.europesays.com\/fr\/wp-json\/wp\/v2\/posts"}],"about":[{"href":"https:\/\/www.europesays.com\/fr\/wp-json\/wp\/v2\/types\/post"}],"author":[{"embeddable":true,"href":"https:\/\/www.europesays.com\/fr\/wp-json\/wp\/v2\/users\/2"}],"replies":[{"embeddable":true,"href":"https:\/\/www.europesays.com\/fr\/wp-json\/wp\/v2\/comments?post=296514"}],"version-history":[{"count":0,"href":"https:\/\/www.europesays.com\/fr\/wp-json\/wp\/v2\/posts\/296514\/revisions"}],"wp:featuredmedia":[{"embeddable":true,"href":"https:\/\/www.europesays.com\/fr\/wp-json\/wp\/v2\/media\/296515"}],"wp:attachment":[{"href":"https:\/\/www.europesays.com\/fr\/wp-json\/wp\/v2\/media?parent=296514"}],"wp:term":[{"taxonomy":"category","embeddable":true,"href":"https:\/\/www.europesays.com\/fr\/wp-json\/wp\/v2\/categories?post=296514"},{"taxonomy":"post_tag","embeddable":true,"href":"https:\/\/www.europesays.com\/fr\/wp-json\/wp\/v2\/tags?post=296514"}],"curies":[{"name":"wp","href":"https:\/\/api.w.org\/{rel}","templated":true}]}}