{"id":296520,"date":"2025-08-04T20:20:09","date_gmt":"2025-08-04T20:20:09","guid":{"rendered":"https:\/\/www.europesays.com\/fr\/296520\/"},"modified":"2025-08-04T20:20:09","modified_gmt":"2025-08-04T20:20:09","slug":"mercato-ogc-nice-un-joueur-recale-a-la-visite-medicale-le-transfert-annule-au-dernier-moment","status":"publish","type":"post","link":"https:\/\/www.europesays.com\/fr\/296520\/","title":{"rendered":"Mercato OGC Nice. Un joueur recal\u00e9 \u00e0 la visite m\u00e9dicale, le transfert annul\u00e9 au dernier moment ."},"content":{"rendered":"<p>Ransford-Yeboah K\u00f6nigsd\u00f6rffer ne sera finalement pas un joueur de l\u2019OGC Nice. L\u2019attaquant ghan\u00e9en, qui appartient donc toujours \u00e0 Hambourg (deuxi\u00e8me division allemande), n\u2019a pas satisfait \u00e0 la visite m\u00e9dicale, comme r\u00e9v\u00e9l\u00e9 par <a href=\"https:\/\/rmcsport.bfmtv.com\/football\/clubs\/ogc-nice\/mercato-nice-annule-le-transfert-de-konigsdorffer-a-cause-d-un-probleme-a-la-visite-medicale_AV-202508040458.html\" target=\"_self\" rel=\"noopener\"> RMC Sport.<\/a><\/p>\n<p>Deux jours avant un match europ\u00e9en<\/p>\n<p>Le club azur\u00e9en avait pourtant choisi de renforcer son secteur offensif en recrutant le buteur (14\u00a0r\u00e9alisations en 32\u00a0matches en D2\u00a0allemande la saison derni\u00e8re), mais la derni\u00e8re \u00e9tape a fait capoter la venue de l\u2019international (6\u00a0s\u00e9lections avec les Black Stars).<\/p>\n<p><strong>Lire aussi\u00a0:<\/strong> <a href=\"https:\/\/rennes.maville.com\/sport\/detail_-ligue-des-champions.-touche-a-un-genou-evann-guessand-sera-absent-face-a-benfica-_54135-6924420_actu.Htm\" target=\"_self\" rel=\"noopener\">Ligue des champions. Touch\u00e9 \u00e0 un genou, Evann Guessand, sera absent face \u00e0 Benfica<\/a><\/p>\n<p>L\u2019OGC Nice, quatri\u00e8me du dernier exercice de Ligue 1, n\u2019a pas de temps \u00e0 perdre\u00a0: elle re\u00e7oit Benfica, mercredi 6\u00a0ao\u00fbt, en match aller du <a href=\"https:\/\/nice.maville.com\/sport\/detail_-ligue-des-champions.-nice-connait-son-adversaire-potentiel-en-cas-de-qualification-face-a-benfica-_53018-6924156_actu.Htm\" target=\"_self\" rel=\"noopener\">troisi\u00e8me tour pr\u00e9liminaire de la Ligue des champions,<\/a> avant un match retour \u00e0 Lisbonne le mardi 12\u00a0ao\u00fbt.<\/p>\n<p>\u00a0<\/p>\n","protected":false},"excerpt":{"rendered":"Ransford-Yeboah K\u00f6nigsd\u00f6rffer ne sera finalement pas un joueur de l\u2019OGC Nice. L\u2019attaquant ghan\u00e9en, qui appartient donc toujours \u00e0&hellip;\n","protected":false},"author":2,"featured_media":296521,"comment_status":"","ping_status":"","sticky":false,"template":"","format":"standard","meta":{"footnotes":""},"categories":[2819],"tags":[1111,11,3809,1465,1777,674,63,1011,27,1792,1922,12,2401,882,25,6689,479,517,1470,9693],"class_list":{"0":"post-296520","1":"post","2":"type-post","3":"status-publish","4":"format-standard","5":"has-post-thumbnail","7":"category-nice","8":"tag-actu","9":"tag-actualites","10":"tag-ball","11":"tag-basket","12":"tag-eu","13":"tag-europe","14":"tag-football","15":"tag-fr","16":"tag-france","17":"tag-handball","18":"tag-info","19":"tag-news","20":"tag-nice","21":"tag-provence-alpes-cote-dazur","22":"tag-republique-francaise","23":"tag-roche","24":"tag-rugby","25":"tag-sport","26":"tag-volley","27":"tag-yon"},"share_on_mastodon":{"url":"https:\/\/pubeurope.com\/@fr\/114972355781339157","error":""},"_links":{"self":[{"href":"https:\/\/www.europesays.com\/fr\/wp-json\/wp\/v2\/posts\/296520","targetHints":{"allow":["GET"]}}],"collection":[{"href":"https:\/\/www.europesays.com\/fr\/wp-json\/wp\/v2\/posts"}],"about":[{"href":"https:\/\/www.europesays.com\/fr\/wp-json\/wp\/v2\/types\/post"}],"author":[{"embeddable":true,"href":"https:\/\/www.europesays.com\/fr\/wp-json\/wp\/v2\/users\/2"}],"replies":[{"embeddable":true,"href":"https:\/\/www.europesays.com\/fr\/wp-json\/wp\/v2\/comments?post=296520"}],"version-history":[{"count":0,"href":"https:\/\/www.europesays.com\/fr\/wp-json\/wp\/v2\/posts\/296520\/revisions"}],"wp:featuredmedia":[{"embeddable":true,"href":"https:\/\/www.europesays.com\/fr\/wp-json\/wp\/v2\/media\/296521"}],"wp:attachment":[{"href":"https:\/\/www.europesays.com\/fr\/wp-json\/wp\/v2\/media?parent=296520"}],"wp:term":[{"taxonomy":"category","embeddable":true,"href":"https:\/\/www.europesays.com\/fr\/wp-json\/wp\/v2\/categories?post=296520"},{"taxonomy":"post_tag","embeddable":true,"href":"https:\/\/www.europesays.com\/fr\/wp-json\/wp\/v2\/tags?post=296520"}],"curies":[{"name":"wp","href":"https:\/\/api.w.org\/{rel}","templated":true}]}}