{"id":296538,"date":"2025-08-04T20:32:17","date_gmt":"2025-08-04T20:32:17","guid":{"rendered":"https:\/\/www.europesays.com\/fr\/296538\/"},"modified":"2025-08-04T20:32:17","modified_gmt":"2025-08-04T20:32:17","slug":"lyon-explore-la-voie-fluviale","status":"publish","type":"post","link":"https:\/\/www.europesays.com\/fr\/296538\/","title":{"rendered":"Lyon explore la voie fluviale"},"content":{"rendered":"<p>Apr\u00e8s le Batobus parisien \u0096 plut\u00f4t destin\u00e9 aux touristes \u0096 et le Navibus nantais, voici le Navig\u00f4ne lyonnais. Mise \u00e0 flots sur la Sa\u00f4ne le 18 juin dernier, cette navette fluviale, dot\u00e9e d&rsquo;une jauge de 70 passagers et six v\u00e9los, relie d\u00e9sormais Vaise au quartier de Confluence en 40 minutes, en quatre arr\u00eats sur un peu plus de six kilom\u00e8tres. Int\u00e9gr\u00e9 au r\u00e9seau TCL de l&rsquo;agglom\u00e9ration, ce service ne fonctionne pour l&rsquo;instant que durant les vacances scolaires, les week-ends, les jours f\u00e9ri\u00e9s et le&#8230;<\/p>\n<p>Article publi\u00e9 le 04 ao\u00fbt 2025<\/p>\n","protected":false},"excerpt":{"rendered":"Apr\u00e8s le Batobus parisien \u0096 plut\u00f4t destin\u00e9 aux touristes \u0096 et le Navibus nantais, voici le Navig\u00f4ne lyonnais.&hellip;\n","protected":false},"author":2,"featured_media":296539,"comment_status":"","ping_status":"","sticky":false,"template":"","format":"standard","meta":{"footnotes":""},"categories":[1889],"tags":[21806,14427,21809,21810,1111,21805,47,11,4763,2965,2813,2430,21811,21807,21804,21808,21818,4858,51,893,436,18315,1777,674,1011,27,21813,21815,6417,2428,12,6334,21812,1800,4048,21816,21814,3887,25,4510,17429,895,21817],"class_list":{"0":"post-296538","1":"post","2":"type-post","3":"status-publish","4":"format-standard","5":"has-post-thumbnail","7":"category-lyon","8":"tag-cologie","9":"tag-nergie","10":"tag-nergies-renouvelables","11":"tag-olien","12":"tag-actu","13":"tag-actualit","14":"tag-actualite","15":"tag-actualites","16":"tag-agenda","17":"tag-air","18":"tag-article","19":"tag-auvergne-rhone-alpes","20":"tag-biomasse","21":"tag-dchet","22":"tag-dveloppement-durable","23":"tag-dechet","24":"tag-e-zine","25":"tag-eau","26":"tag-ecologie","27":"tag-energie","28":"tag-environnement","29":"tag-eolien","30":"tag-eu","31":"tag-europe","32":"tag-fr","33":"tag-france","34":"tag-hse","35":"tag-hygine","36":"tag-information","37":"tag-lyon","38":"tag-news","39":"tag-newsletter","40":"tag-photovoltaique","41":"tag-pollution","42":"tag-presse","43":"tag-propret","44":"tag-qse","45":"tag-recyclage","46":"tag-republique-francaise","47":"tag-risque","48":"tag-sol","49":"tag-solaire","50":"tag-webzine"},"share_on_mastodon":{"url":"https:\/\/pubeurope.com\/@fr\/114972402839519555","error":""},"_links":{"self":[{"href":"https:\/\/www.europesays.com\/fr\/wp-json\/wp\/v2\/posts\/296538","targetHints":{"allow":["GET"]}}],"collection":[{"href":"https:\/\/www.europesays.com\/fr\/wp-json\/wp\/v2\/posts"}],"about":[{"href":"https:\/\/www.europesays.com\/fr\/wp-json\/wp\/v2\/types\/post"}],"author":[{"embeddable":true,"href":"https:\/\/www.europesays.com\/fr\/wp-json\/wp\/v2\/users\/2"}],"replies":[{"embeddable":true,"href":"https:\/\/www.europesays.com\/fr\/wp-json\/wp\/v2\/comments?post=296538"}],"version-history":[{"count":0,"href":"https:\/\/www.europesays.com\/fr\/wp-json\/wp\/v2\/posts\/296538\/revisions"}],"wp:featuredmedia":[{"embeddable":true,"href":"https:\/\/www.europesays.com\/fr\/wp-json\/wp\/v2\/media\/296539"}],"wp:attachment":[{"href":"https:\/\/www.europesays.com\/fr\/wp-json\/wp\/v2\/media?parent=296538"}],"wp:term":[{"taxonomy":"category","embeddable":true,"href":"https:\/\/www.europesays.com\/fr\/wp-json\/wp\/v2\/categories?post=296538"},{"taxonomy":"post_tag","embeddable":true,"href":"https:\/\/www.europesays.com\/fr\/wp-json\/wp\/v2\/tags?post=296538"}],"curies":[{"name":"wp","href":"https:\/\/api.w.org\/{rel}","templated":true}]}}