{"id":296542,"date":"2025-08-04T20:37:14","date_gmt":"2025-08-04T20:37:14","guid":{"rendered":"https:\/\/www.europesays.com\/fr\/296542\/"},"modified":"2025-08-04T20:37:14","modified_gmt":"2025-08-04T20:37:14","slug":"la-premiere-mise-en-scene-dadele-haenel-sera-presentee-a-paris-a-la-rentree","status":"publish","type":"post","link":"https:\/\/www.europesays.com\/fr\/296542\/","title":{"rendered":"La premi\u00e8re mise en sc\u00e8ne d\u2019Ad\u00e8le Haenel sera pr\u00e9sent\u00e9e \u00e0 Paris \u00e0 la rentr\u00e9e"},"content":{"rendered":"<p>Depuis 2020, Ad\u00e8le Haenel a rejoint les bancs du <a href=\"https:\/\/www.timeout.fr\/paris\/theatre\" target=\"_blank\" rel=\"noopener\">spectacle vivant<\/a>. D\u2019abord en tant que <a href=\"https:\/\/www.timeout.fr\/paris\/actualites\/le-festival-dautomne-celebre-sa-50e-edition-avec-adele-haenel-et-bob-wilson-090321\" target=\"_blank\" rel=\"noopener\">com\u00e9dienne<\/a>, sous la direction de Gis\u00e8le Vienne (L\u2019\u00c9tang, Extra Life), et d\u00e9sormais en tant que metteuse en sc\u00e8ne. Membre fondatrice du collectif DameChevaliers, elle signe cette ann\u00e9e l&rsquo;\u00e9criture, la mise en sc\u00e8ne et la conception de leur nouveau spectacle musical, Voir clair avec Monique Wittig, autour du recueil La pens\u00e9e straight de la philosophe f\u00e9ministe radicale. Une cr\u00e9ation compos\u00e9e \u00e0 quatre mains avec la musicienne Caro Geryl, batteuse et compositrice, derri\u00e8re la musique du spectacle &#8211; et avec la complicit\u00e9 de Gis\u00e8le Vienne (dramaturgie et cr\u00e9ation lumi\u00e8res). Le spectacle sera jou\u00e9 pour la premi\u00e8re fois en France du 8 au 12 octobre 2025, aux Bouffes du Nord.\u00a0<\/p>\n<p><strong>DameChevaliers, nouvelles Gu\u00e9rill\u00e8res du spectacle vivant<\/strong><\/p>\n<p>Avec ce spectacle, c\u2019est la deuxi\u00e8me fois que le collectif DameChevaliers s\u2019empare de l&rsquo;\u0153uvre de Monique Wittig (Les Gu\u00e9rill\u00e8res, Le Corps lesbien\u2026). Penseuse et romanci\u00e8re lesbienne de la seconde moiti\u00e9 du XXe si\u00e8cle, elle d\u00e9veloppe par l\u2019\u00e9criture un lesbianisme militant aussi po\u00e9tique que politique, en opposition \u00e0 l\u2019h\u00e9t\u00e9rosexualit\u00e9, vue comme un syst\u00e8me d\u2019oppression pour les femmes, violent et essentialisant. Construit autour de cette pens\u00e9e, qui court et se d\u00e9ploie \u00e0 travers tout le recueil d\u2019articles de La pens\u00e9e straight, le spectacle devrait prendre la forme d\u2019un cercle de parole nocturne et musical, autour et \u00e0 la lumi\u00e8re d\u2019un feu central et r\u00e9g\u00e9n\u00e9rateur.\u00a0<\/p>\n<p><strong>O\u00f9 ?<\/strong> Th\u00e9\u00e2tre des Bouffes du Nord, Paris 10e. <br \/><strong>Quand ?<\/strong> Du 8 au 12 octobre 2025. <br \/><strong>Combien ?<\/strong> Entre 8 et 25\u20ac &#8211; <a href=\"https:\/\/www.festival-automne.com\/fr\/edition-2025\/damechevaliers-caro-geryl-adele-haenel-voir-clair-avec-monique-wittig\" target=\"_blank\" rel=\"noopener nofollow\">billetterie ici<\/a>.\u00a0<\/p>\n","protected":false},"excerpt":{"rendered":"Depuis 2020, Ad\u00e8le Haenel a rejoint les bancs du spectacle vivant. D\u2019abord en tant que com\u00e9dienne, sous la&hellip;\n","protected":false},"author":2,"featured_media":296543,"comment_status":"","ping_status":"","sticky":false,"template":"","format":"standard","meta":{"footnotes":""},"categories":[1888],"tags":[1111,1928,11,1927,12037,12036,1777,674,1011,27,12,1926,626,1925,25,1347],"class_list":{"0":"post-296542","1":"post","2":"type-post","3":"status-publish","4":"format-standard","5":"has-post-thumbnail","7":"category-paris","8":"tag-actu","9":"tag-actu-paris","10":"tag-actualites","11":"tag-actualites-paris","12":"tag-actualites-theatre","13":"tag-categories-theatre","14":"tag-eu","15":"tag-europe","16":"tag-fr","17":"tag-france","18":"tag-news","19":"tag-news-paris","20":"tag-paris","21":"tag-paris-news","22":"tag-republique-francaise","23":"tag-theatre"},"share_on_mastodon":{"url":"https:\/\/pubeurope.com\/@fr\/114972422601653425","error":""},"_links":{"self":[{"href":"https:\/\/www.europesays.com\/fr\/wp-json\/wp\/v2\/posts\/296542","targetHints":{"allow":["GET"]}}],"collection":[{"href":"https:\/\/www.europesays.com\/fr\/wp-json\/wp\/v2\/posts"}],"about":[{"href":"https:\/\/www.europesays.com\/fr\/wp-json\/wp\/v2\/types\/post"}],"author":[{"embeddable":true,"href":"https:\/\/www.europesays.com\/fr\/wp-json\/wp\/v2\/users\/2"}],"replies":[{"embeddable":true,"href":"https:\/\/www.europesays.com\/fr\/wp-json\/wp\/v2\/comments?post=296542"}],"version-history":[{"count":0,"href":"https:\/\/www.europesays.com\/fr\/wp-json\/wp\/v2\/posts\/296542\/revisions"}],"wp:featuredmedia":[{"embeddable":true,"href":"https:\/\/www.europesays.com\/fr\/wp-json\/wp\/v2\/media\/296543"}],"wp:attachment":[{"href":"https:\/\/www.europesays.com\/fr\/wp-json\/wp\/v2\/media?parent=296542"}],"wp:term":[{"taxonomy":"category","embeddable":true,"href":"https:\/\/www.europesays.com\/fr\/wp-json\/wp\/v2\/categories?post=296542"},{"taxonomy":"post_tag","embeddable":true,"href":"https:\/\/www.europesays.com\/fr\/wp-json\/wp\/v2\/tags?post=296542"}],"curies":[{"name":"wp","href":"https:\/\/api.w.org\/{rel}","templated":true}]}}