{"id":296560,"date":"2025-08-04T20:46:10","date_gmt":"2025-08-04T20:46:10","guid":{"rendered":"https:\/\/www.europesays.com\/fr\/296560\/"},"modified":"2025-08-04T20:46:10","modified_gmt":"2025-08-04T20:46:10","slug":"dieynaba-diop-interroge-sur-les-negociations-du-president-et-de-son-camp","status":"publish","type":"post","link":"https:\/\/www.europesays.com\/fr\/296560\/","title":{"rendered":"Dieynaba Diop interroge sur les n\u00e9gociations du pr\u00e9sident et de son camp"},"content":{"rendered":"<p>Jeudi 31 juillet, Dieynaba Diop, d\u00e9put\u00e9e socialiste repr\u00e9sentant les Yvelines, a \u00e9t\u00e9 l\u2019invit\u00e9e politique de l\u2019\u00e9mission \u00ab\u00a0La Matinale\u00a0\u00bb. Elle a donn\u00e9 sa r\u00e9action face \u00e0 la col\u00e8re exprim\u00e9e par Emmanuel Macron apr\u00e8s que l\u2019Union europ\u00e9enne ait conclu un accord avec Donald Trump concernant les droits de douane.<\/p>\n<p>Lors du dernier Conseil des ministres avant la pause estivale, qui s\u2019est tenu le mercredi 30 juillet, Emmanuel Macron a exprim\u00e9 une vive r\u00e9action face \u00e0 l\u2019accord intervenu entre Ursula von der Leyen, pr\u00e9sidente de la Commission europ\u00e9enne, et le pr\u00e9sident am\u00e9ricain Donald Trump, concernant l\u2019augmentation des taxes douani\u00e8res impos\u00e9es aux produits europ\u00e9ens export\u00e9s aux \u00c9tats-Unis. \u00ab\u00a0Nous ne susciton pas assez de crainte\u00a0\u00bb, a affirm\u00e9 le chef de l\u2019\u00c9tat. Ce point de vue fait l\u2019objet d\u2019un commentaire par Dieynaba Diop, d\u00e9put\u00e9e socialiste des Yvelines, dans l\u2019\u00e9mission \u00ab\u00a0La Matinale\u00a0\u00bb diffus\u00e9e le 31 juillet.<\/p>\n<p><strong>Ce passage reprend une partie de la transcription de l\u2019entretien ci-dessus. Pour voir l\u2019int\u00e9gralit\u00e9, cliquez sur la vid\u00e9o.<\/strong><\/p>\n<p><strong>Alexandre Peyrout :<\/strong> \u201cPour \u00eatre libre, il faut qu\u2019on ait la crainte. Or, nous ne sommes pas assez redout\u00e9s.\u201d Ces propos, c\u2019est Emmanuel Macron qui les a tenus hier en Conseil des ministres, manifestement exasp\u00e9r\u00e9 suite \u00e0 l\u2019accord sur les droits de douane sign\u00e9 entre l\u2019Union europ\u00e9enne et Donald Trump. Partagez-vous cette analyse ?<\/p>\n<p><strong>Dieynaba Diop :<\/strong> Je suis d\u2019accord avec ce constat, mais je m\u2019interroge sur les actions qu\u2019il a men\u00e9es pour emp\u00eacher un accord aussi d\u00e9favorable \u00e0 l\u2019Union europ\u00e9enne. Ursula von der Leyen appartient aussi \u00e0 la m\u00eame famille politique que lui. Il y a eu des n\u00e9gociations, et les chefs d\u2019\u00c9tat ont donn\u00e9 leur aval \u00e0 plusieurs mesures. Nous avons peu entendu la voix de la France dans ces d\u00e9bats. Il est toujours facile de critiquer apr\u00e8s coup, mais quand on est aux responsabilit\u00e9s, il faut aussi influencer la d\u00e9cision en amont. Je voudrais donc savoir ce que le pr\u00e9sident a r\u00e9ellement n\u00e9goci\u00e9, ce que son camp a d\u00e9fendu. On peut s\u2019indigner aujourd\u2019hui, mais l\u2019action aurait d\u00fb se faire plus t\u00f4t.<\/p>\n<p><strong>Emmanuel Macron pourrait vous renvoyer la question, \u00e9tant donn\u00e9 que les socialistes si\u00e8gent dans la coalition qui soutient Ursula von der Leyen \u00e0 la pr\u00e9sidence de la Commission europ\u00e9enne.<\/strong><\/p>\n<p>Nous ne faisons pas partie de cette coalition. Il faut distinguer le travail au niveau europ\u00e9en, au Parlement europ\u00e9en, et la politique nationale en France. Ce n\u2019est pas simple opposition contre majorit\u00e9, comme on le voit quotidiennement \u00e0 l\u2019Assembl\u00e9e nationale. Les socialistes fran\u00e7ais ont clairement pris position contre cet accord. Nous avons d\u00e9j\u00e0 fermement critiqu\u00e9 l\u2019accord avec le Mercosur. Nous ne sommes pas d\u2019accord sur bien des points et nous l\u2019avons dit haut et fort, notamment par l\u2019interm\u00e9diaire de notre d\u00e9l\u00e9gation et de d\u00e9put\u00e9s comme Rapha\u00ebl Glucksmann, Nora Mebarek ou Chlo\u00e9 Ridel. \u00c0 chaque occasion, nous avons marqu\u00e9 notre refus.<\/p>\n<p><strong>Les Insoumis ont annonc\u00e9 hier leur intention de d\u00e9poser une motion de censure contre Ursula von der Leyen au Parlement europ\u00e9en. Les socialistes fran\u00e7ais envisagent-ils de la soutenir ?<\/strong><\/p>\n<p>Il faut rester raisonnable : d\u00e9poser une motion de censure, c\u2019est un geste symbolique important, mais quelles sont ses chances de succ\u00e8s ? Tr\u00e8s faibles, voire nulles. Ce que nous pr\u00f4nons, c\u2019est d\u2019abord un dialogue avec les d\u00e9put\u00e9s europ\u00e9ens pour pousser l\u2019Union \u00e0 r\u00e9agir. Nous avons aussi la possibilit\u00e9 d\u2019interdire l\u2019entr\u00e9e de certains produits dans l\u2019Union, ce qui constituerait une action concr\u00e8te. Au-del\u00e0 des motions, il est n\u00e9cessaire de soumettre des propositions concr\u00e8tes et d\u2019appliquer les mesures \u00e0 disposition dans le cadre des m\u00e9canismes du Parlement europ\u00e9en.<\/p>\n<p><strong>En France aussi, la question des motions de censure refait surface. Hier, lors du dernier Conseil des ministres avant les vacances, que pensez-vous ? Conseillez-vous aux ministres de pr\u00e9parer leur d\u00e9part en m\u00eame temps que leurs valises ?<\/strong><\/p>\n<p>Je leur demande surtout de faire preuve de coh\u00e9rence. En ce qui concerne le budget, il est clair que des \u00e9conomies doivent \u00eatre r\u00e9alis\u00e9es, ce n\u2019est pas un probl\u00e8me. Mais il faut s\u2019interroger sur leurs sources : comme toujours, les efforts s\u2019accumulent sur le dos des plus modestes et de ceux qui ont le plus besoin d\u2019aide. Nous rappelons qu\u2019il existe la taxe Zucman, qui permet de taxer les tr\u00e8s grandes fortunes pour g\u00e9n\u00e9rer des ressources.<\/p>\n<p><strong>Vous \u00e9voquez cette taxe appliqu\u00e9e aux patrimoines les plus \u00e9lev\u00e9s.<\/strong><\/p>\n<p>Oui, aux patrimoines extr\u00eamement importants, qui ont doubl\u00e9 ces derni\u00e8res ann\u00e9es \u2013 passant de 600 \u00e0 1 200 milliards d\u2019euros. Je ne comprends pas pourquoi on refuse de leur demander un effort proportionn\u00e9 \u00e0 cette augmentation.<\/p>\n<p><strong>Donnez-vous votre soutien \u00e0 cette motion de censure ?<\/strong><\/p>\n<p>Bien entendu, nous voterons cette motion. Nous serons m\u00eame parmi ses initiateurs, si jamais les efforts demand\u00e9s continuent \u00e0 peser uniquement sur ceux qui sont d\u00e9j\u00e0 fragilis\u00e9s.<\/p>\n<p><strong>Pour visionner l\u2019int\u00e9gralit\u00e9 de l\u2019interview, cliquez sur la vid\u00e9o.<\/strong><\/p>\n","protected":false},"excerpt":{"rendered":"Jeudi 31 juillet, Dieynaba Diop, d\u00e9put\u00e9e socialiste repr\u00e9sentant les Yvelines, a \u00e9t\u00e9 l\u2019invit\u00e9e politique de l\u2019\u00e9mission \u00ab\u00a0La Matinale\u00a0\u00bb.&hellip;\n","protected":false},"author":2,"featured_media":296561,"comment_status":"","ping_status":"","sticky":false,"template":"","format":"standard","meta":{"footnotes":""},"categories":[1586],"tags":[11,5542,43690,39331,981,2483,1777,674,1779,1011,27,43691,151,6644,12,4919,25,3711,3356,1778,43692,364],"class_list":{"0":"post-296560","1":"post","2":"type-post","3":"status-publish","4":"format-standard","5":"has-post-thumbnail","7":"category-europe","8":"tag-actualites","9":"tag-camp","10":"tag-dieynaba","11":"tag-diop","12":"tag-douane","13":"tag-droits","14":"tag-eu","15":"tag-europe","16":"tag-european-union","17":"tag-fr","18":"tag-france","19":"tag-interroge","20":"tag-les","21":"tag-negociations","22":"tag-news","23":"tag-president","24":"tag-republique-francaise","25":"tag-son","26":"tag-sur","27":"tag-ue","28":"tag-ueetatsunis","29":"tag-union-europeenne"},"share_on_mastodon":{"url":"https:\/\/pubeurope.com\/@fr\/114972457956985925","error":""},"_links":{"self":[{"href":"https:\/\/www.europesays.com\/fr\/wp-json\/wp\/v2\/posts\/296560","targetHints":{"allow":["GET"]}}],"collection":[{"href":"https:\/\/www.europesays.com\/fr\/wp-json\/wp\/v2\/posts"}],"about":[{"href":"https:\/\/www.europesays.com\/fr\/wp-json\/wp\/v2\/types\/post"}],"author":[{"embeddable":true,"href":"https:\/\/www.europesays.com\/fr\/wp-json\/wp\/v2\/users\/2"}],"replies":[{"embeddable":true,"href":"https:\/\/www.europesays.com\/fr\/wp-json\/wp\/v2\/comments?post=296560"}],"version-history":[{"count":0,"href":"https:\/\/www.europesays.com\/fr\/wp-json\/wp\/v2\/posts\/296560\/revisions"}],"wp:featuredmedia":[{"embeddable":true,"href":"https:\/\/www.europesays.com\/fr\/wp-json\/wp\/v2\/media\/296561"}],"wp:attachment":[{"href":"https:\/\/www.europesays.com\/fr\/wp-json\/wp\/v2\/media?parent=296560"}],"wp:term":[{"taxonomy":"category","embeddable":true,"href":"https:\/\/www.europesays.com\/fr\/wp-json\/wp\/v2\/categories?post=296560"},{"taxonomy":"post_tag","embeddable":true,"href":"https:\/\/www.europesays.com\/fr\/wp-json\/wp\/v2\/tags?post=296560"}],"curies":[{"name":"wp","href":"https:\/\/api.w.org\/{rel}","templated":true}]}}