{"id":296566,"date":"2025-08-04T20:49:17","date_gmt":"2025-08-04T20:49:17","guid":{"rendered":"https:\/\/www.europesays.com\/fr\/296566\/"},"modified":"2025-08-04T20:49:17","modified_gmt":"2025-08-04T20:49:17","slug":"premier-galop-dessai-pour-les-bleus","status":"publish","type":"post","link":"https:\/\/www.europesays.com\/fr\/296566\/","title":{"rendered":"premier galop d\u2019essai pour les Bleus"},"content":{"rendered":"<p>\n        22:48\n            <\/p>\n<p class=\"fig-live-post__title\" role=\"heading\" aria-level=\"3\">La r\u00e9ponse de Sarr (75-65, 4e QT)<\/p>\n<p class=\"fig-paragraph\">Sarr continue son festival aussi.<\/p>\n<p>\n        22:48\n            <\/p>\n<p class=\"fig-live-post__title\" role=\"heading\" aria-level=\"3\">Vucevic prolonge le suspense (73-65, 4e QT)<\/p>\n<p class=\"fig-paragraph\">En deux temps, Vucevic se fait plaisir sous le cercle.<\/p>\n<p>\n        22:47\n            <\/p>\n<p class=\"fig-live-post__title\" role=\"heading\" aria-level=\"3\">France-Mont\u00e9n\u00e9gro : 73-63 (4e QT)<\/p>\n<p class=\"fig-paragraph\">Drodnjak qui rentre un tir tellement compliqu\u00e9 \u00e0 trois points&#8230;<\/p>\n<p>\n        22:46\n            <\/p>\n<p class=\"fig-live-post__title\" role=\"heading\" aria-level=\"3\">France-Mont\u00e9n\u00e9gro : 73-60 (4e QT)<\/p>\n<p class=\"fig-paragraph\">Bonne d\u00e9fense de Francisco qui termine en finesse.<\/p>\n<p>\n        22:45\n            <\/p>\n<p class=\"fig-live-post__title\" role=\"heading\" aria-level=\"3\">Sarr \u00e9crase tout (71-58, 4e QT)<\/p>\n<p class=\"fig-paragraph\">TLC pour Sarr sous le cercle&#8230;. BOOOOOM\u00a0! Le dunk \u00e0 deux mains pour le joueur des Wizards. Ne cherchez pas plus loin la satisfaction du jour.<\/p>\n<p>\n        22:41\n            <\/p>\n<p class=\"fig-live-post__title\" role=\"heading\" aria-level=\"3\">France-Mont\u00e9n\u00e9gro : 69-56 (4e QT)<\/p>\n<p class=\"fig-paragraph\">Sarr prend ses responsabilit\u00e9s des deux c\u00f4t\u00e9s du terrain.<\/p>\n<p>\n        22:38\n            <\/p>\n<p class=\"fig-live-post__title\" role=\"heading\" aria-level=\"3\">La France reprend le large (67-55, 4e QT)<\/p>\n<p class=\"fig-paragraph\">Un peu de r\u00e9ussite en d\u00e9fense, de la r\u00e9ussite ici avec Hifi de loin, et la France reprend une avance de 12 points. On respire un peu mieux.<\/p>\n<p>\n        22:37\n            <\/p>\n<p class=\"fig-live-post__title\" role=\"heading\" aria-level=\"3\">Sarr encore (64-55, 4e QT)<\/p>\n<p class=\"fig-paragraph\">La claquette d\u2019Alex Sarr messieurs dames\u00a0!<\/p>\n<p>\n        22:35\n            <\/p>\n<p class=\"fig-live-post__title\" role=\"heading\" aria-level=\"3\">Sarr remet \u00e7a (62-55, 4e QT)<\/p>\n<p class=\"fig-paragraph\">Oh qu\u2019il fait du bien ce panier de Sarr \u00e0 trois points, avec un poil de r\u00e9ussite, son troisi\u00e8me du match.<\/p>\n<p>\n        22:35\n            <\/p>\n<p class=\"fig-live-post__title\" role=\"heading\" aria-level=\"3\">10 minutes \u00e0 jouer, tout reste \u00e0 faire (59-55, d\u00e9but 4e QT)<\/p>\n<p class=\"fig-paragraph\">C\u2019est parti pour le dernier quart temps.<\/p>\n<p>\n        22:34\n            <\/p>\n<p class=\"fig-live-post__title\" role=\"heading\" aria-level=\"3\">Hifi dans ses oeuvres en vid\u00e9o<\/p>\n<p>\n        22:33\n            <\/p>\n<p class=\"fig-live-post__title\" role=\"heading\" aria-level=\"3\">Les Bleus accroch\u00e9s (59-55, fin 3e QT)<\/p>\n<p class=\"fig-paragraph\">On en reste l\u00e0 apr\u00e8s cette pri\u00e8re de Hifi, sans r\u00e9ussite. Fin du 3e QT.<\/p>\n<p>\n        22:31\n            <\/p>\n<p class=\"fig-live-post__title\" role=\"heading\" aria-level=\"3\">Hifi remet le contact (59-55)<\/p>\n<p class=\"fig-paragraph\">Hifi met fin \u00e0 l\u2019h\u00e9morragie.<\/p>\n<p>\n        22:31\n            <\/p>\n<p class=\"fig-live-post__title\" role=\"heading\" aria-level=\"3\">Il y a le feu dans la d\u00e9fense bleue (57-55, 3e QT)<\/p>\n<p class=\"fig-paragraph\">Deux points pour Vucevic qui a gagn\u00e9 le droit d\u2019aller souffler sur le banc. Qu\u2019\u00e0 cela ne tienne, le Mont\u00e9n\u00e9gro marque \u00e0 trois points sans lui, par Kljanjic . Et la faute offensive de Diabat\u00e9 avant un panier de Kljanjic encore\u00a0!!!! Il y a le feu\u00a0!<\/p>\n<p>\n        22:27\n            <\/p>\n<p class=\"fig-live-post__title\" role=\"heading\" aria-level=\"3\">Fauthoux hausse le ton (57-49, 3e QT)<\/p>\n<p class=\"fig-paragraph\">\u00abIl faut gagner les duels\u00a0!\u00bb\u00a0: Fauthoux pousse un gros coup de gueule pendant son temps mort. Il r\u00e9clame des stops \u00e0 son groupe. A la reprise, Ntilikina a rentr\u00e9 ses deux lancers.<\/p>\n<p>\n        22:26\n            <\/p>\n<p class=\"fig-live-post__title\" role=\"heading\" aria-level=\"3\">Le Mont\u00e9n\u00e9gro recolle encore (55-49, 3e QT)<\/p>\n<p class=\"fig-paragraph\">Jovanovic qui marque \u00e0 trois points. Les Mont\u00e9n\u00e9grins sont chauds\u00a0!<\/p>\n<p>\n        22:25\n            <\/p>\n<p class=\"fig-live-post__title\" role=\"heading\" aria-level=\"3\">Hifi en solo (55-46, 3e QT)<\/p>\n<p class=\"fig-paragraph\">Alors que la machine offensive est un peu en panne, Hifi force le destin en solo et obtient deux lancers.<\/p>\n<p>\n        22:22\n            <\/p>\n<p class=\"fig-live-post__title\" role=\"heading\" aria-level=\"3\">France-Mont\u00e9n\u00e9gro : 53-46 (3e QT)<\/p>\n<p class=\"fig-paragraph\">Les visiteurs sous la barre symbolique des 10 points messieurs dames.<\/p>\n<p>\n        22:21\n            <\/p>\n<p class=\"fig-live-post__title\" role=\"heading\" aria-level=\"3\">France-Mont\u00e9n\u00e9gro : 51-41 (3e QT)<\/p>\n<p class=\"fig-paragraph\">Devinez qui pour marquer encore deux points pour le Mont\u00e9n\u00e9gro\u00a0? Oui, Nikola Vucevic&#8230;<\/p>\n<p>\n        22:21\n            <\/p>\n<p class=\"fig-live-post__title\" role=\"heading\" aria-level=\"3\">Hifi se montre (51-39, 3e QT)<\/p>\n<p class=\"fig-paragraph\">Apr\u00e8s sa faute qui a donn\u00e9 trois lancers au Mont\u00e9n\u00e9gro, Hifi se venge, il avait envie de marquer et dans ces cas l\u00e0, il n\u2019y a pas grand chose \u00e0 faire pour l\u2019emp\u00eacher&#8230; de tenter sa chance. Cette fois, c\u2019est dedans.<\/p>\n<p>\n        22:17\n            <\/p>\n<p class=\"fig-live-post__title\" role=\"heading\" aria-level=\"3\">Vucevic encore et toujours (47-34, 3e QT)<\/p>\n<p class=\"fig-paragraph\">La r\u00e9ponse de Vucevic, en mode superstar ce soir.<\/p>\n<p>\n        22:17\n            <\/p>\n<p class=\"fig-live-post__title\" role=\"heading\" aria-level=\"3\">France-Mont\u00e9n\u00e9gro : 47-31 (3e QT)<\/p>\n<p class=\"fig-paragraph\">Le premier panier pour le champion NBA Dieng.<\/p>\n<p>\n        22:17\n            <\/p>\n<p class=\"fig-live-post__title\" role=\"heading\" aria-level=\"3\">Le dunk de Yabusele en vid\u00e9o<\/p>\n<p class=\"fig-paragraph\">Retour en arri\u00e8re avec le gros dunk de Yabusele en premi\u00e8re p\u00e9riode.<\/p>\n<p>\n        22:15\n            <\/p>\n<p class=\"fig-live-post__title\" role=\"heading\" aria-level=\"3\">France-Mont\u00e9n\u00e9gro : 44-31 (3e QT)<\/p>\n<p class=\"fig-paragraph\">Simonovic qui fait sauter Poirier pour marquer en toute qui\u00e9tude.<\/p>\n<p>\n        22:14\n            <\/p>\n<p class=\"fig-live-post__title\" role=\"heading\" aria-level=\"3\">Poirier se venge (44-29, 3e QT)<\/p>\n<p class=\"fig-paragraph\">Cette fois c\u2019est Poirier qui prend le dessus sur Vucevic et de l\u2019autre c\u00f4t\u00e9, Coulibaly qui fait payer la note de loin. Encore un ballon gagn\u00e9 par Poirier.<\/p>\n<p>\n        22:13\n            <\/p>\n<p class=\"fig-live-post__title\" role=\"heading\" aria-level=\"3\">France-Mont\u00e9n\u00e9gro : 40-29 (3e QT)<\/p>\n<p class=\"fig-paragraph\">On ne laisse pas de panier facile, ni d\u2019un c\u00f4t\u00e9 ni de l\u2019autre, \u00e0 l\u2019image de cette faute de Mal\u00e9don pour couper la transition mont\u00e9n\u00e9grine.<\/p>\n<p>\n        22:12\n            <\/p>\n<p class=\"fig-live-post__title\" role=\"heading\" aria-level=\"3\">Vucevic r\u00e9cite sa partition (40-29, 3e QT)<\/p>\n<p class=\"fig-paragraph\">Poirier va faire des cauchemars en pensant \u00e0 Vucevic, lui qui ne peut rien faire face \u00e0 la technique du Mont\u00e9n\u00e9grin.<\/p>\n<p>\n        22:11\n            <\/p>\n<p class=\"fig-live-post__title\" role=\"heading\" aria-level=\"3\">France-Mont\u00e9n\u00e9gro : 40-27 (3e QT)<\/p>\n<p class=\"fig-paragraph\">Belle action tricolore d\u2019entr\u00e9e, de la r\u00e9ussite en d\u00e9fense derri\u00e8re et un \u00e9cart de Yabusele \u00e0 trois points.<\/p>\n<p>\n        22:10\n            <\/p>\n<p class=\"fig-live-post__title\" role=\"heading\" aria-level=\"3\">Coup d\u2019envoi de la 2e MT (38-27, 3e QT)<\/p>\n<p class=\"fig-paragraph\">Freddy Fauthoux demande du mouvement et \u00abde la vitesse\u00bb \u00e0 ses joueurs avant le d\u00e9but de la seconde p\u00e9riode. Et justement, c\u2019est reparti au Vend\u00e9space pour France-Mont\u00e9n\u00e9gro, premier match de pr\u00e9paration de l\u2019\u00e9quipe de France de basket avant l\u2019Euro.<\/p>\n<p>\n        22:09\n            <\/p>\n<p class=\"fig-live-post__title\" role=\"heading\" aria-level=\"3\">8 points pour Sarr \u00e0 la mi-temps<\/p>\n<p class=\"fig-paragraph\">Les scoreurs fran\u00e7ais dans cette premi\u00e8re p\u00e9riode, avec 8 points d\u2019Alexandre Sarr, 5 pour Bilal Coulibaly, 4 de Guerschon Yabusele et Timoth\u00e9 Luwawu-Cabarrot, 3 pour Th\u00e9o Maledon.<\/p>\n<p>\n        21:55\n            <\/p>\n<p class=\"fig-live-post__title\" role=\"heading\" aria-level=\"3\">Les Bleus devant \u00e0 la pause (38-27 MT)<\/p>\n<p class=\"fig-paragraph\">C\u2019est la mi-temps messieurs dames. Beaucoup de changements et de tests pour les Fran\u00e7ais, qui m\u00e8nent 38-27 \u00e0 la pause.<\/p>\n<p>\n        21:55\n            <\/p>\n<p class=\"fig-live-post__title\" role=\"heading\" aria-level=\"3\">France-Mont\u00e9n\u00e9gro : 38-27 (2e QT)<\/p>\n<p class=\"fig-paragraph\">Les Bleus sans solutions et tir forc\u00e9 de TLC en fin de possession. Le ballon pour le Mont\u00e9n\u00e9gro dans les derni\u00e8res secondes.<\/p>\n<p>\n        21:51\n            <\/p>\n<p class=\"fig-live-post__title\" role=\"heading\" aria-level=\"3\">France-Mont\u00e9n\u00e9gro : 35-24 (2e QT)<\/p>\n<p class=\"fig-paragraph\">Nous sommes dans les deux derni\u00e8res minutes de la premi\u00e8re p\u00e9riode.<\/p>\n<p>\n        21:48\n            <\/p>\n<p class=\"fig-live-post__title\" role=\"heading\" aria-level=\"3\">France-Mont\u00e9n\u00e9gro : 35-22 (2e QT)<\/p>\n<p class=\"fig-paragraph\">Des trous dans la raquette c\u00f4t\u00e9 mont\u00e9n\u00e9grin, avec TLC tout seul sous le cercle&#8230; Improbable \u00e0 quel point il \u00e9tait seul\u00a0!<\/p>\n<p>\n        21:45\n            <\/p>\n<p class=\"fig-live-post__title\" role=\"heading\" aria-level=\"3\">France-Mont\u00e9n\u00e9gro : 33-22 (2e QT)<\/p>\n<p class=\"fig-paragraph\">Premi\u00e8re entr\u00e9e du NBAer Moussa Diabat\u00e9, et premiers points du joueur de Charlotte. Et temps mort Mont\u00e9n\u00e9gro.<\/p>\n<p>\n        21:44\n            <\/p>\n<p class=\"fig-live-post__title\" role=\"heading\" aria-level=\"3\">France-Mont\u00e9n\u00e9gro : 31-22 (2e QT)<\/p>\n<p class=\"fig-paragraph\">Dieng pas en r\u00e9ussite depuis son arriv\u00e9e sur le parquet.\u00a0<a href=\"http:\/\/www.lefigaro.fr\/sports\/basket\/nba\/basket-ousmane-dieng-et-les-six-autres-champions-nba-francais-en-images-20250623\" data-fig-type=\"NewsFlash\" data-gtm-custom-categorie=\"navigation\" data-gtm-custom-action=\"crossclick\" data-gtm-custom-label=\"Contextuel\" data-gtm-event=\"customEventSPE\" data-fig-domain=\"LEFIGARO\" target=\"_blank\" rel=\"noopener\">Dieng, champion NBA avec OKC<\/a>\u00a0il y a quelques semaines, m\u00eame s\u2019il n\u2019a jou\u00e9 qu\u2019un r\u00f4le mineur en play-offs et lors de la finale contre Indiana.<\/p>\n<p>\n        21:43\n            <\/p>\n<p class=\"fig-live-post__title\" role=\"heading\" aria-level=\"3\">Vucevic pas content (31-22, 2e QT)<\/p>\n<p class=\"fig-paragraph\">S\u00e9quence improbable avec le francophone Vucevic qui vient parler du pays aux arbitres, \u00e0 Fauthoux et maintenant \u00e0 Yabusele sur le banc fran\u00e7ais. Il a pris une technique pour avoir trop vocif\u00e9r\u00e9 aupr\u00e8s des officiels. Tout cela se termine bien, avec le pivot mont\u00e9n\u00e9grin qui vient serrer la main de l\u2019arbitre.<\/p>\n<p>\n        21:40\n            <\/p>\n<p class=\"fig-live-post__title\" role=\"heading\" aria-level=\"3\">France-Mont\u00e9n\u00e9gro : 31-22 (d\u00e9but du 2e QT)<\/p>\n<p class=\"fig-paragraph\">Temps mort demand\u00e9 par coach Fauthoux.<\/p>\n<p>\n        21:39\n            <\/p>\n<p class=\"fig-live-post__title\" role=\"heading\" aria-level=\"3\">France-Mont\u00e9n\u00e9gro : 31-22 (d\u00e9but du 2e QT)<\/p>\n<p class=\"fig-paragraph\">Bonne d\u00e9fense de Francisco, meilleure attaque de Drobnjak.<\/p>\n<p>\n        21:38\n            <\/p>\n<p class=\"fig-live-post__title\" role=\"heading\" aria-level=\"3\">Coulibaly \u00e0 la bonne adresse (31-19, 2e QT)<\/p>\n<p class=\"fig-paragraph\">Coulibaly tout seul dans le corner&#8230; BINGO\u00a0! Francisco pour le service.<\/p>\n<p>\n        21:37\n            <\/p>\n<p class=\"fig-live-post__title\" role=\"heading\" aria-level=\"3\">Yabusele fait le show (28-19, 2e QT)<\/p>\n<p class=\"fig-paragraph\">Ballon perdu pour le Mont\u00e9n\u00e9gro&#8230; ET LE GROS DUNK DE YABUSELE\u00a0! La main derri\u00e8re la t\u00eate, \u00e0 la Karl Malone. Simonovic avait marqu\u00e9 juste avant contre la France.<\/p>\n<p>\n        21:36\n            <\/p>\n<p class=\"fig-live-post__title\" role=\"heading\" aria-level=\"3\">Risacher d\u00e9bloque son compteur (26-17, 2e QT)<\/p>\n<p class=\"fig-paragraph\">Le premier panier de Risacher, num\u00e9ro 1 de la Draft 2024.<\/p>\n<p>\n        21:36\n            <\/p>\n<p class=\"fig-live-post__title\" role=\"heading\" aria-level=\"3\">Vucevic continue de faire mal (24-17, 2e QT)<\/p>\n<p class=\"fig-paragraph\">Encore Vucevic pour tourmenter la d\u00e9fense fran\u00e7aise. Deux paniers du Mont\u00e9n\u00e9gro en ouverture de ce deuxi\u00e8me quart.<\/p>\n<p>\n        21:34\n            <\/p>\n<p class=\"fig-live-post__title\" role=\"heading\" aria-level=\"3\">France-Mont\u00e9n\u00e9gro : 24-13 (d\u00e9but du 2e QT)<\/p>\n<p class=\"fig-paragraph\">C\u2019est d\u00e9j\u00e0 reparti au Vend\u00e9space, avec notamment l\u2019association Francisco\/Hifi du c\u00f4t\u00e9 de Fauthoux.<\/p>\n<p>\n        21:30\n            <\/p>\n<p class=\"fig-live-post__title\" role=\"heading\" aria-level=\"3\">Mal\u00e9don \u00e0 1000 \u00e0 l\u2019heure (24-13, fin 1er QT)<\/p>\n<p class=\"fig-paragraph\">Encore un stop gr\u00e2ce \u00e0 Alex Sarr dans les derni\u00e8res secondes de ce premier quart-temps. Ballon pour les Bleus avec 7 secondes \u00e0 jouer. Mal\u00e9don \u00e0 1000 \u00e0 l\u2019heure&#8230; et c\u2019est deux points plus la faute\u00a0!!!<\/p>\n<p>\n        21:29\n            <\/p>\n<p class=\"fig-live-post__title\" role=\"heading\" aria-level=\"3\">France-Mont\u00e9n\u00e9gro : 21-13 (1er QT)<\/p>\n<p class=\"fig-paragraph\">Sarr pour r\u00e9cup\u00e9rer le ballon, Mal\u00e9don \u00e0 la manoeuvre et Hoard \u00e0 la conclusion. C\u2019est formidablement bien ex\u00e9cut\u00e9.<\/p>\n<p>\n        21:28\n            <\/p>\n<p class=\"fig-live-post__title\" role=\"heading\" aria-level=\"3\">France-Mont\u00e9n\u00e9gro : 19-13 (1er QT)<\/p>\n<p class=\"fig-paragraph\">Petit temps mort et c\u2019est d\u00e9j\u00e0 reparti au Vend\u00e9space.<\/p>\n<p>\n        21:26\n            <\/p>\n<p class=\"fig-live-post__title\" role=\"heading\" aria-level=\"3\">On n\u2019arr\u00eate plus Alex Sarr ! (19-13, 1er QT)<\/p>\n<p class=\"fig-paragraph\">ALEX SARR DE LOIN\u00a0!!!! Quelle entame du joueur des Wizards\u00a0! D\u00e9j\u00e0 8 points pour lui, dont deux tirs prim\u00e9s sur trois tentatives. Chaud.<\/p>\n<p>\n        21:25\n            <\/p>\n<p class=\"fig-live-post__title\" role=\"heading\" aria-level=\"3\">Bonne rentr\u00e9e de Sarr (16-13, 1er QT)<\/p>\n<p class=\"fig-paragraph\">Bonne lecture de Hifi pour trouver Sarr au cercle. On le rappelle, Alex Sarr, c\u2019est le num\u00e9ro 2 de la Draft 2024. Il porte les couleurs de Washington en NBA, avec Bilal Coulibaly. C\u2019est sa premi\u00e8re cape.<\/p>\n<p>\n        21:24\n            <\/p>\n<p class=\"fig-live-post__title\" role=\"heading\" aria-level=\"3\">France-Mont\u00e9n\u00e9gro : 14-13 (1er QT)<\/p>\n<p class=\"fig-paragraph\">La d\u00e9fense tricolore met du coeur \u00e0 l\u2019ouvrage dans ce d\u00e9but de rencontre. Les Mont\u00e9n\u00e9grins sont aussi assez brouillons&#8230;<\/p>\n<p>\n        21:23\n            <\/p>\n<p class=\"fig-live-post__title\" role=\"heading\" aria-level=\"3\">France-Mont\u00e9n\u00e9gro : 14-13 (1er QT)<\/p>\n<p class=\"fig-paragraph\">Au tour d\u2019Alex Sarr \u00e0 longue distance\u00a0!!! Vucevic, lui, trouve la faille sous le cercle.<\/p>\n<p>\n        21:22\n            <\/p>\n<p class=\"fig-live-post__title\" role=\"heading\" aria-level=\"3\">Concours de tirs \u00e0 trois points au Vend\u00e9space (11-11, 1er QT)<\/p>\n<p class=\"fig-paragraph\">La r\u00e9ponse de Hifi \u00e0 Simonovic de loin\u00a0!! Et Vucevic qui s\u2019y met aussi\u00a0!<\/p>\n<p>\n        21:21\n            <\/p>\n<p class=\"fig-live-post__title\" role=\"heading\" aria-level=\"3\">France-Mont\u00e9n\u00e9gro : 8-5 (1er QT)<\/p>\n<p class=\"fig-paragraph\">Du nouveau sur le parquet, avec notamment TLC qui trouve de l\u2019adresse tout de suite.<\/p>\n<p>\n        21:19\n            <\/p>\n<p class=\"fig-live-post__title\" role=\"heading\" aria-level=\"3\">Les Bleus trouvent du rythme (6-5, 1er QT)<\/p>\n<p class=\"fig-paragraph\">Yabusele d\u00e9bloque son compteur, un stop, Coulibaly en transition et les Bleus virent en t\u00eate.<\/p>\n<p>\n        21:17\n            <\/p>\n<p class=\"fig-live-post__title\" role=\"heading\" aria-level=\"3\">France-Mont\u00e9n\u00e9gro : 2-5 (1er QT)<\/p>\n<p class=\"fig-paragraph\">Slavkovic \u00e0 trois points messieurs dames\u00a0! Le Mont\u00e9n\u00e9gro devant.<\/p>\n<p>\n        21:17\n            <\/p>\n<p class=\"fig-live-post__title\" role=\"heading\" aria-level=\"3\">Coulibaly sctoch\u00e9 (2-2, 1er QT)<\/p>\n<p class=\"fig-paragraph\">Oh le contre de Vucecic sur un Coulibaly aventureux&#8230;<\/p>\n<p>\n        21:16\n            <\/p>\n<p class=\"fig-live-post__title\" role=\"heading\" aria-level=\"3\">France-Mont\u00e9n\u00e9gro : 2-2 (1er QT)<\/p>\n<p class=\"fig-paragraph\">Vucecic vient de chanter la chason \u00e0 Poirier sous le cercle. Facile. Les premiers points du Mont\u00e9n\u00e9gro pour le NBAer.<\/p>\n<p>\n        21:15\n            <\/p>\n<p class=\"fig-live-post__title\" role=\"heading\" aria-level=\"3\">France-Mont\u00e9n\u00e9gro : 2-0 (1er QT)<\/p>\n<p class=\"fig-paragraph\">Oh le contre de Risacher\u00a0!!! Le joueur des Hawcks en \u00e9chec \u00e0 trois points dans la foul\u00e9e, Yabusele aussi apr\u00e8s avoir pris le rebond offensif.<\/p>\n<p>\n        21:14\n            <\/p>\n<p class=\"fig-live-post__title\" role=\"heading\" aria-level=\"3\">Poirier alimente le score (2-0, 1er QT)<\/p>\n<p class=\"fig-paragraph\">Les Bleus ont pris leur temps et \u00e7a a permis \u00e0 Poirier de r\u00e9colter les lancers. Le grand fr\u00e8re des Bleus rentre les premiers points du match.<\/p>\n<p>\n        21:14\n            <\/p>\n<p class=\"fig-live-post__title\" role=\"heading\" aria-level=\"3\">France-Mont\u00e9n\u00e9gro : 0-0 (1er QT)<\/p>\n<p class=\"fig-paragraph\">Belle action mais Risacher a manqu\u00e9 la finition. Les Bleus provoquent la perte de balle mont\u00e9n\u00e9grine et ballon France.<\/p>\n<p>\n        21:12\n            <\/p>\n<p class=\"fig-live-post__title\" role=\"heading\" aria-level=\"3\">France-Mont\u00e9n\u00e9gro : C\u2019EST PARTI !!!!!<\/p>\n<p class=\"fig-paragraph\">Retour en Vend\u00e9e messieurs dames. Et &#8230; C\u2019EST PARTI\u00a0!!! Le coup d\u2019envoi de ce France-Mont\u00e9n\u00e9gro en pr\u00e9paration \u00e0 l\u2019EuroBasket 2025.<\/p>\n<p>\n        21:08\n            <\/p>\n<p class=\"fig-live-post__title\" role=\"heading\" aria-level=\"3\">NBA : De\u2019Aaron Fox fait sauter la banque<\/p>\n<p class=\"fig-paragraph\">En attendant, si vous voulez une info basket, sachez que le meneur de San Antonio De\u2019Aaron Fox a sign\u00e9 une extension de contrat \u00e0 229 M$ sur quatre ans. Une info d\u2019ESPN. Fox et Victor Wembanyama n\u2019ont eu l\u2019occasion de jouer que cinq matchs avant la fin de saison forc\u00e9e du Fran\u00e7ais. Ils auront vite et pendant longtemps l\u2019opportunit\u00e9 de rattraper le temps perdu\u2026<\/p>\n<p>\n        21:06\n            <\/p>\n<p class=\"fig-live-post__title\" role=\"heading\" aria-level=\"3\">Les hymnes au Vend\u00e9space<\/p>\n<p class=\"fig-paragraph\">Allez, le coup d\u2019envoi approche. Un peu de retard, sans doute en raison du diffuseur. C\u2019est l\u2019heure des hymnes \u00e0 Moulleron-le-Captif.<\/p>\n<p>\n        21:03\n            <\/p>\n<p class=\"fig-live-post__title\" role=\"heading\" aria-level=\"3\">Le cinq tricolore<\/p>\n<p class=\"fig-paragraph\">Le premier cinq de l\u2019\u00e9t\u00e9 pour les Tricolores, avec Matthew Strazel \u00e0 la m\u00e8ne, Bilal Coulibaly au poste 2, Zaccharie Risacher \u00e0 l\u2019aile, le capitaine Guerschon Yabusele en 4 et Vincent Poirier en tant que pivot.<\/p>\n<p>\n        21:02\n            <\/p>\n<p class=\"fig-live-post__title\" role=\"heading\" aria-level=\"3\">Une nouvelle histoire<\/p>\n<p class=\"fig-paragraph\">On le rappelle, cette \u00e9quipe de France a bien chang\u00e9 depuis les JO de l\u2019\u00e9t\u00e9 dernier et la belle m\u00e9daille d\u2019argent d\u00e9croch\u00e9e \u00e0 Paris. Wembanyama, Fournier, Gobert ou encore Lessort manquent \u00e0 l\u2019appel. Batum et De Colo ont tir\u00e9 leur r\u00e9v\u00e9rence. Yabusele est capitaine. Seulement cinq vice-champions olympiques dans la pr\u00e9s\u00e9lections. Fauthoux a pris la suite de Collet sur le banc. Un vrai choc des g\u00e9n\u00e9rations pour les Bleus, qui lancent ce lundi leur pr\u00e9paration pour l\u2019EuroBasket.<\/p>\n<p class=\"fig-body-link\">\n            \u00c0 lire aussi<br \/>\n        <a class=\"fig-body-link__link fig-premium-mark\" href=\"http:\/\/www.lefigaro.fr\/sports\/basket\/eurobasket-il-y-a-vraiment-moyen-de-faire-quelque-chose-les-bleus-en-reconstruction-mais-pas-sans-ambition-20250730\" data-fig-type=\"NewsFlash\" data-gtm-custom-categorie=\"navigation\" data-gtm-custom-action=\"crossclick\" data-gtm-custom-label=\"Contextuel\" data-gtm-event=\"customEventSPE\" data-fig-domain=\"LEFIGARO\" target=\"_blank\" rel=\"noopener\">EuroBasket\u00a0: \u00abIl y a vraiment moyen de faire quelque chose\u00bb, les Bleus \u00aben reconstruction\u00bb mais pas sans ambition<br \/>\n    <\/a>\n<\/p>\n<p>\n        20:55\n            <\/p>\n<p class=\"fig-live-post__title\" role=\"heading\" aria-level=\"3\">Photo de famille pour les Bleus et le staff<\/p>\n<p>\n        20:53\n            <\/p>\n<p class=\"fig-live-post__title\" role=\"heading\" aria-level=\"3\">Les fauves sont l\u00e2ch\u00e9s (vid\u00e9o)<\/p>\n<p>\n        19:03\n            <\/p>\n<p class=\"fig-live-post__title\" role=\"heading\" aria-level=\"3\">Makoundou, premier joueur coup\u00e9<\/p>\n<p class=\"fig-paragraph\">On vous parlait plus t\u00f4t de l\u2019absence de quatre joueurs ce lundi, dont Yoan Makoundou. En l\u2019occurence, l\u2019int\u00e9rieur de Monaco va quitter le groupe France.\u00a0<a href=\"http:\/\/www.lefigaro.fr\/sports\/basket\/basket-yoan-makoundou-quitte-deja-les-bleus-20250804\" data-fig-type=\"NewsFlash\" data-gtm-custom-categorie=\"navigation\" data-gtm-custom-action=\"crossclick\" data-gtm-custom-label=\"Contextuel\" data-gtm-event=\"customEventSPE\" data-fig-domain=\"LEFIGARO\" target=\"_blank\" rel=\"noopener\">La FFBB a indiqu\u00e9 dans la journ\u00e9e que le pivot de 24 ans est cong\u00e9di\u00e9 par Freddy Fauthoux<\/a>. International \u00e0 13 reprises, Makoundou va regagner la Principaut\u00e9 pour pr\u00e9parer la saison prochaine. Les Bleus ne sont donc plus que 17 avant de rejoindre Pau.<\/p>\n<p>\n        14:30\n            <\/p>\n<p class=\"fig-live-post__title\" role=\"heading\" aria-level=\"3\">Le calendrier des Bleus \u00e0 l\u2019EuroBasket<\/p>\n<p class=\"fig-paragraph\">Rappelons que l\u2019EuroBasket se d\u00e9roulera du 27 ao\u00fbt au 14 septembre 2025 en Lettonie, \u00e0 Chypre, en Finlande et en Pologne. En l\u2019occurrence, les Bleus ont \u00e9t\u00e9 plac\u00e9s dans le groupe D, qui se jouera \u00e0 Katowice. La phase finale est pr\u00e9vue \u00e0 Riga. Vice-champions d\u2019Europe en 2022, les Tricolores affronteront notamment la Slov\u00e9nie de Luka Doncic dans un groupe de six dont les quatre premiers sortiront.<\/p>\n<p class=\"fig-paragraph\">En cas de qualifications en 8es de finale, ils affronteraient une \u00e9quipe du groupe C (Italie, Bosnie-Herz\u00e9govine, G\u00e9orgie, Espagne, Gr\u00e8ce).<\/p>\n<p class=\"fig-paragraph\"><strong>Le calendrier complet des Bleus \u00e0 l\u2019Euro<\/strong>\u00a0:<br \/>28 ao\u00fbt\u00a0: Belgique-France \u00e0 17h<br \/>30 ao\u00fbt\u00a0: France-Slov\u00e9nie \u00e0 17h<br \/>31 ao\u00fbt\u00a0: Isra\u00ebl-France \u00e0 17h<br \/>2 septembre\u00a0: France-Pologne \u00e0 20h30<br \/>4 septembre\u00a0: France-Islande \u00e0 14h<\/p>\n<p>\n        14:20\n            <\/p>\n<p class=\"fig-live-post__title\" role=\"heading\" aria-level=\"3\">Bilan (tr\u00e8s) favorable aux Bleus<\/p>\n<p class=\"fig-paragraph\">Les deux nations se sont affront\u00e9es \u00e0 huit reprises dans leur histoire, avec sept victoires fran\u00e7aises pour une d\u00e9faite, le 1er juillet 2022 \u00e0 Podgorica, en qualifications pour la Coupe du monde (70-69).\u00a0<a href=\"https:\/\/www.lefigaro.fr\/sports\/basket\/basket-victoire-poussive-mais-victoire-quand-meme-pour-les-bleus-face-au-montenegro-20230802\" target=\"_blank\" data-fig-type=\"NewsFlash\" rel=\"noopener\" data-gtm-custom-categorie=\"navigation\" data-gtm-custom-action=\"crossclick\" data-gtm-custom-label=\"Contextuel\" data-gtm-event=\"customEventSPE\" data-fig-domain=\"LEFIGARO\">La derni\u00e8re confrontation remonte au 3 ao\u00fbt 2023, en match de pr\u00e9paration avant le Mondial (80-69)<\/a>.<\/p>\n<p>\n        14:16\n            <\/p>\n<p class=\"fig-live-post__title\" role=\"heading\" aria-level=\"3\">Les Bleus test\u00e9s \u00e0 l\u2019int\u00e9rieur<\/p>\n<p class=\"fig-paragraph\">En l\u2019absence de Wemby, Lessort et Gobert, le secteur int\u00e9rieur de l\u2019\u00e9quipe de France est \u00e0 repenser int\u00e9gralement. Le Mont\u00e9n\u00e9gro, emmen\u00e9 par le NBAer francophone Nikola Vucevic \u2013 \u00e2g\u00e9 de 34 ans et qui disputera sa derni\u00e8re comp\u00e9tition internationale cet \u00e9t\u00e9 \u2013 et Marko Simonovic (2,11 m), repr\u00e9sentera un beau test pour les \u00abbig men\u00bb fran\u00e7ais, Vincent Poirier, Alex Sarr et compagnie. A noter que ledit Poirier est, avec 60 capes, le Tricolore le plus exp\u00e9riment\u00e9 de la s\u00e9lection.<\/p>\n<p>\n        14:08\n            <\/p>\n<p class=\"fig-live-post__title\" role=\"heading\" aria-level=\"3\">La d\u00e9fense, encore et toujours<\/p>\n<p class=\"fig-paragraph\">Difficile de deviner le potentiel de cette \u00e9quipe de France remodel\u00e9e de fond en comble. Une chose est s\u00fbre, \u00abl\u2019identit\u00e9 de toutes les \u00e9quipes de France, c\u2019est \u00eatre fort d\u00e9fensivement\u00bb, comme l\u2019a rappel\u00e9 Freddy Fauthoux, qui mettra l\u2019accent sur les aspects d\u00e9fensifs et l\u2019intensit\u00e9.<\/p>\n<p>\n        14:08\n            <\/p>\n<p class=\"fig-live-post__title\" role=\"heading\" aria-level=\"3\">Yabusele capitaine<\/p>\n<p class=\"fig-paragraph\">R\u00e9unis depuis le 25 juillet, d\u2019abord \u00e0 l\u2019Insep puis en Vend\u00e9e depuis mercredi dernier, les Bleus peuvent d\u00e9sormais s\u2019entra\u00eener au complet. Ils ont dans un premier temps \u00e9t\u00e9 priv\u00e9s des joueurs sous contrat en NBA.\u00a0<a href=\"http:\/\/www.lefigaro.fr\/sports\/basket\/basket-guider-tout-le-monde-sur-le-bon-chemin-yabusele-nomme-capitaine-des-bleus-pour-l-euro-20250801\" data-fig-type=\"NewsFlash\" data-gtm-custom-categorie=\"navigation\" data-gtm-custom-action=\"crossclick\" data-gtm-custom-label=\"Contextuel\" data-gtm-event=\"customEventSPE\" data-fig-domain=\"LEFIGARO\" target=\"_blank\" rel=\"noopener\">Guerschon Yabusele fait partie de ceux-l\u00e0, lui qui a \u00e9t\u00e9 d\u00e9sign\u00e9 capitaine de l\u2019\u00e9quipe de France<\/a>\u00a0cet \u00e9t\u00e9. \u00ab\u00c7a fait plaisir d\u2019\u00eatre capitaine m\u00eame si \u00e7a ne change pas mon statut dans l\u2019\u00e9quipe. Il va falloir \u00eatre un exemple, \u00eatre bon et juste sur le terrain comme en dehors. Guider tout le monde sur le bon chemin\u00bb, lance le nouveau joueur des Knicks.<\/p>\n<p class=\"fig-body-link\">\n            \u00c0 lire aussi<br \/>\n        <a class=\"fig-body-link__link\" href=\"http:\/\/www.lefigaro.fr\/sports\/basket\/basket-guider-tout-le-monde-sur-le-bon-chemin-yabusele-nomme-capitaine-des-bleus-pour-l-euro-20250801\" data-fig-type=\"NewsFlash\" data-gtm-custom-categorie=\"navigation\" data-gtm-custom-action=\"crossclick\" data-gtm-custom-label=\"Contextuel\" data-gtm-event=\"customEventSPE\" data-fig-domain=\"LEFIGARO\" target=\"_blank\" rel=\"noopener\">Basket\u00a0: \u00abGuider tout le monde sur le bon chemin\u00bb, Yabusele nomm\u00e9 capitaine des Bleus pour l\u2019Euro<br \/>\n    <\/a>\n<\/p>\n<p>\n        14:07\n            <\/p>\n<p class=\"fig-live-post__title\" role=\"heading\" aria-level=\"3\">Fauthoux : \u00abGarder l\u2019\u00e9quipe de France en haut de l\u2019affiche\u00bb<\/p>\n<p class=\"fig-paragraph\">\u00abL\u2019objectif\u00a0? Construire la meilleure \u00e9quipe possible. On a un groupe et une \u00e9quipe \u00e0 b\u00e2tir, une hi\u00e9rarchie aussi. Apr\u00e8s deux ou trois semaines, on pourra fixer des objectifs plus pr\u00e9cis. Les joueurs, le staff, le pr\u00e9sident, on vise la plus haute marche. D\u2019autres \u00e9quipes ont le m\u00eame objectif. Beaucoup de secteurs repartent de z\u00e9ro avec des absents majeurs, on a moins de marge mais \u00e7a ne veut pas dire qu\u2019on ne peut pas avoir une \u00e9quipe tr\u00e8s comp\u00e9titive\u00bb,<a href=\"http:\/\/www.lefigaro.fr\/sports\/basket\/garder-l-equipe-de-france-en-haut-de-l-affiche-malgre-les-absences-fauthoux-ambitieux-avant-l-eurobasket-20250729\" target=\"_blank\" data-fig-type=\"NewsFlash\" rel=\"noopener\" data-gtm-custom-categorie=\"navigation\" data-gtm-custom-action=\"crossclick\" data-gtm-custom-label=\"Contextuel\" data-gtm-event=\"customEventSPE\" data-fig-domain=\"LEFIGARO\">\u00a0souligne Freddy Fauthoux<\/a>, bien d\u00e9cid\u00e9 \u00e0 \u00abgarder l\u2019\u00e9quipe de France en haut de l\u2019affiche\u00bb. Et d\u2019ajouter\u00a0: \u00abL\u2019exp\u00e9rience ne s\u2019ach\u00e8te pas, elle se construit\u00bb. Le plus vite possible.<\/p>\n<p class=\"fig-body-link\">\n            \u00c0 lire aussi<br \/>\n        <a class=\"fig-body-link__link\" href=\"http:\/\/www.lefigaro.fr\/sports\/basket\/garder-l-equipe-de-france-en-haut-de-l-affiche-malgre-les-absences-fauthoux-ambitieux-avant-l-eurobasket-20250729\" data-fig-type=\"NewsFlash\" data-gtm-custom-categorie=\"navigation\" data-gtm-custom-action=\"crossclick\" data-gtm-custom-label=\"Contextuel\" data-gtm-event=\"customEventSPE\" data-fig-domain=\"LEFIGARO\" target=\"_blank\" rel=\"noopener\">\u00abGarder l\u2019\u00e9quipe de France en haut de l\u2019affiche\u00bb\u00a0: malgr\u00e9 les absences, Fauthoux ambitieux avant l\u2019EuroBasket<br \/>\n    <\/a>\n<\/p>\n<p>\n        14:07\n            <\/p>\n<p class=\"fig-live-post__title\" role=\"heading\" aria-level=\"3\">Tout nouveau, tout beau ?<\/p>\n<p class=\"fig-paragraph\">C\u2019est\u00a0<a href=\"http:\/\/www.lefigaro.fr\/sports\/basket\/eurobasket-il-y-a-vraiment-moyen-de-faire-quelque-chose-les-bleus-en-reconstruction-mais-pas-sans-ambition-20250730\" data-fig-type=\"NewsFlash\" data-gtm-custom-categorie=\"navigation\" data-gtm-custom-action=\"crossclick\" data-gtm-custom-label=\"Contextuel\" data-gtm-event=\"customEventSPE\" data-fig-domain=\"LEFIGARO\" target=\"_blank\" rel=\"noopener\">une \u00e9quipe de France renouvel\u00e9e et rajeunie qui se pr\u00e9sente sur la ligne de d\u00e9part<\/a>, un an apr\u00e8s\u00a0<a href=\"http:\/\/www.lefigaro.fr\/sports\/jeux-olympiques\/jo-basket-spectaculaire-metamorphose-immense-fierte-et-quelques-regrets-pour-des-bleus-argentes-20240811\" data-fig-type=\"Article\" data-gtm-custom-categorie=\"navigation\" data-gtm-custom-action=\"crossclick\" data-gtm-custom-label=\"Contextuel\" data-gtm-event=\"customEventSPE\" data-fig-domain=\"LEFIGARO\" target=\"_blank\" rel=\"noopener\">l\u2019\u00e9pop\u00e9e aux JO de Paris<\/a>. Exit les retrait\u00e9s internationaux que sont Nicolas Batum et Nando De Colo. Le tout alors que\u00a0<a href=\"http:\/\/www.lefigaro.fr\/sports\/basket\/basket-les-bleus-sans-wembanyama-gobert-et-fournier-a-l-euro-2025-20250627\" data-fig-type=\"NewsFlash\" data-gtm-custom-categorie=\"navigation\" data-gtm-custom-action=\"crossclick\" data-gtm-custom-label=\"Contextuel\" data-gtm-event=\"customEventSPE\" data-fig-domain=\"LEFIGARO\" target=\"_blank\" rel=\"noopener\">Victor Wembanyama, Evan Fournier et Mathias Lessort<\/a>\u00a0ont renonc\u00e9 pour raisons m\u00e9dicales, tandis que\u00a0<a href=\"http:\/\/www.lefigaro.fr\/sports\/basket\/basket-pourquoi-rudy-gobert-declare-forfait-pour-l-euro-avec-les-bleus-20250621\" data-fig-type=\"NewsFlash\" data-gtm-custom-categorie=\"navigation\" data-gtm-custom-action=\"crossclick\" data-gtm-custom-label=\"Contextuel\" data-gtm-event=\"customEventSPE\" data-fig-domain=\"LEFIGARO\" target=\"_blank\" rel=\"noopener\">Rudy Gobert a dit non pour raisons personnelles<\/a>. Cinq vice-champions olympiques seulement dans la pr\u00e9s\u00e9lection de 18 joueurs d\u00e9voil\u00e9e il y a quelques semaines par le nouveau s\u00e9lectionneur, Freddy Fauthoux. Et encore,\u00a0<a href=\"http:\/\/www.lefigaro.fr\/sports\/basket\/basket-les-bleus-sans-cordinier-jaiteh-makoundou-et-okobo-contre-le-montenegro-20250803\" data-fig-type=\"NewsFlash\" data-gtm-custom-categorie=\"navigation\" data-gtm-custom-action=\"crossclick\" data-gtm-custom-label=\"Contextuel\" data-gtm-event=\"customEventSPE\" data-fig-domain=\"LEFIGARO\" target=\"_blank\" rel=\"noopener\">Isa\u00efa Cordinier fait partie des quatre \u00e9l\u00e9ments qui ne sont pas convoqu\u00e9s<\/a>\u00a0pour le match de ce lundi. Les trois autres\u00a0? Elie Okobo, Mam Jaiteh et Yoan Makoundou.<\/p>\n<p class=\"fig-body-link\">\n            \u00c0 lire aussi<br \/>\n        <a class=\"fig-body-link__link fig-premium-mark\" href=\"http:\/\/www.lefigaro.fr\/sports\/basket\/eurobasket-il-y-a-vraiment-moyen-de-faire-quelque-chose-les-bleus-en-reconstruction-mais-pas-sans-ambition-20250730\" data-fig-type=\"NewsFlash\" data-gtm-custom-categorie=\"navigation\" data-gtm-custom-action=\"crossclick\" data-gtm-custom-label=\"Contextuel\" data-gtm-event=\"customEventSPE\" data-fig-domain=\"LEFIGARO\" target=\"_blank\" rel=\"noopener\">EuroBasket\u00a0: \u00abIl y a vraiment moyen de faire quelque chose\u00bb, les Bleus \u00aben reconstruction\u00bb mais pas sans ambition<br \/>\n    <\/a>\n<\/p>\n<p>\n        13:54\n            <\/p>\n<p class=\"fig-live-post__title\" role=\"heading\" aria-level=\"3\">Demandez le programme !<\/p>\n<p class=\"fig-paragraph\">C\u2019est le premier des cinq matchs de pr\u00e9paration de l\u2019\u00e9quipe de France de basket en vue de l\u2019Euro, du 27 ao\u00fbt au 14 septembre 2025 en Lettonie, \u00e0 Chypre, en Finlande et en Pologne.<\/p>\n<p class=\"fig-paragraph\"><a href=\"https:\/\/www.lefigaro.fr\/sports\/basket\/eurobasket-2025-l-espagne-la-grande-bretagne-la-grece-quels-sont-les-matchs-de-fin-de-preparation-de-l-equipe-de-france-a-venir-20250418\" target=\"_blank\" data-fig-type=\"NewsFlash\" rel=\"noopener\" data-gtm-custom-categorie=\"navigation\" data-gtm-custom-action=\"crossclick\" data-gtm-custom-label=\"Contextuel\" data-gtm-event=\"customEventSPE\" data-fig-domain=\"LEFIGARO\"><strong>Le programme des Bleus<\/strong><\/a>\u00a0:\u00a0<br \/>Lundi 4 ao\u00fbt (Mouilleron-le-Captif)\u00a0: France-Mont\u00e9n\u00e9gro<br \/>Vendredi 8 ao\u00fbt (Pau)\u00a0: France &#8211; Grande-Bretagne<br \/>Jeudi 14 ao\u00fbt (Badalone)\u00a0: Espagne-France<br \/>Samedi 16 ao\u00fbt (Paris)\u00a0: France-Espagne<br \/>Dimanche 24 ao\u00fbt (Ath\u00e8nes)\u00a0: Gr\u00e8ce-France<\/p>\n<p>\n        13:53\n            <\/p>\n<p class=\"fig-live-post__title\" role=\"heading\" aria-level=\"3\">France-Mont\u00e9n\u00e9gro en direct<\/p>\n<p class=\"fig-paragraph\">Bonsoir et bienvenue sur notre site pour suivre, en direct comment\u00e9, France-Mont\u00e9n\u00e9gro en pr\u00e9paration \u00e0 l\u2019EuroBasket. La rencontre se d\u00e9roulera sur les planches du Vend\u00e9space de Mouilleron-le-Captif. Coup d\u2019envoi \u00e0 21h.<\/p>\n<p>                Les publications appara\u00eetront ici<\/p>\n<p>        Fermer<\/p>\n","protected":false},"excerpt":{"rendered":"22:48 La r\u00e9ponse de Sarr (75-65, 4e QT) Sarr continue son festival aussi. 22:48 Vucevic prolonge le suspense&hellip;\n","protected":false},"author":2,"featured_media":296567,"comment_status":"","ping_status":"","sticky":false,"template":"","format":"standard","meta":{"footnotes":""},"categories":[4],"tags":[11,2190,1465,1791,1464,2180,2192,814,64,450,2183,1011,27,2191,2193,820,2181,2182,12,2189,2186,2184,2185,25,1980,2188,2187],"class_list":{"0":"post-296566","1":"post","2":"type-post","3":"status-publish","4":"format-standard","5":"has-post-thumbnail","7":"category-france","8":"tag-actualites","9":"tag-asvel","10":"tag-basket","11":"tag-basket-ball","12":"tag-basketball","13":"tag-championnats-deurope","14":"tag-cholet","15":"tag-direct","16":"tag-equipe-de-france","17":"tag-euro","18":"tag-euroligue","19":"tag-fr","20":"tag-france","21":"tag-le-mans","22":"tag-limoges","23":"tag-live","24":"tag-mondial","25":"tag-nba","26":"tag-news","27":"tag-photos","28":"tag-play-offs","29":"tag-pro-a","30":"tag-pro-b","31":"tag-republique-francaise","32":"tag-resultats","33":"tag-statistiques","34":"tag-stats"},"share_on_mastodon":{"url":"https:\/\/pubeurope.com\/@fr\/114972469739301098","error":""},"_links":{"self":[{"href":"https:\/\/www.europesays.com\/fr\/wp-json\/wp\/v2\/posts\/296566","targetHints":{"allow":["GET"]}}],"collection":[{"href":"https:\/\/www.europesays.com\/fr\/wp-json\/wp\/v2\/posts"}],"about":[{"href":"https:\/\/www.europesays.com\/fr\/wp-json\/wp\/v2\/types\/post"}],"author":[{"embeddable":true,"href":"https:\/\/www.europesays.com\/fr\/wp-json\/wp\/v2\/users\/2"}],"replies":[{"embeddable":true,"href":"https:\/\/www.europesays.com\/fr\/wp-json\/wp\/v2\/comments?post=296566"}],"version-history":[{"count":0,"href":"https:\/\/www.europesays.com\/fr\/wp-json\/wp\/v2\/posts\/296566\/revisions"}],"wp:featuredmedia":[{"embeddable":true,"href":"https:\/\/www.europesays.com\/fr\/wp-json\/wp\/v2\/media\/296567"}],"wp:attachment":[{"href":"https:\/\/www.europesays.com\/fr\/wp-json\/wp\/v2\/media?parent=296566"}],"wp:term":[{"taxonomy":"category","embeddable":true,"href":"https:\/\/www.europesays.com\/fr\/wp-json\/wp\/v2\/categories?post=296566"},{"taxonomy":"post_tag","embeddable":true,"href":"https:\/\/www.europesays.com\/fr\/wp-json\/wp\/v2\/tags?post=296566"}],"curies":[{"name":"wp","href":"https:\/\/api.w.org\/{rel}","templated":true}]}}