{"id":296568,"date":"2025-08-04T20:50:12","date_gmt":"2025-08-04T20:50:12","guid":{"rendered":"https:\/\/www.europesays.com\/fr\/296568\/"},"modified":"2025-08-04T20:50:12","modified_gmt":"2025-08-04T20:50:12","slug":"wyndham-championship-victor-perez-termine-38e","status":"publish","type":"post","link":"https:\/\/www.europesays.com\/fr\/296568\/","title":{"rendered":"Wyndham Championship\u00a0: Victor Perez termine 38e"},"content":{"rendered":"<p>Les trois tournois des play-offs de la <strong>FedEx Cup<\/strong>, ces trois prochaines semaines, se d\u00e9rouleront donc sans repr\u00e9sentants tricolores, contrairement \u00e0 l&rsquo;an pass\u00e9 o\u00f9 <strong>Victor Perez <\/strong>avait particip\u00e9 \u00e0 la premi\u00e8re \u00e9tape, et <strong>Matthieu Pavon <\/strong>\u00e0 l&rsquo;int\u00e9gralit\u00e9 de la s\u00e9rie.<\/p>\n<p>La saison des Fran\u00e7ais sur le <strong>PGA Tour <\/strong>n&rsquo;est pas termin\u00e9e pour autant. \u00c0 partir du <strong>Procore Championship<\/strong>, du 11 au 14 septembre, d\u00e9butera la <strong>FedEx Cup Fall<\/strong>. Cette s\u00e9rie de sept tournois, \u00e9tal\u00e9s de d\u00e9but septembre \u00e0 fin novembre, est \u00e0 destination des joueurs finissant au-del\u00e0 du top 50 de la <strong>FedEx Cup <\/strong>apr\u00e8s la premi\u00e8re \u00e9tape des play-offs (m\u00eame si ceux du top 50 ont le droit de participer). Les joueurs conservent leur nombre de points \u00e0 la <strong>FedEx Cup <\/strong>accumul\u00e9s jusque-l\u00e0, et peuvent en inscrire de nouveaux, et progresser dans le classement. Plusieurs objectifs sont offerts aux participants\u00a0:<\/p>\n<ul>\n<li>Monter (ou rester) dans le top 100 de la <strong>FedEx Cup<\/strong>, afin de s&rsquo;assurer une place dans tous les tournois \u00e0 champ complet du <strong>PGA Tour <\/strong>en 2026.<\/li>\n<li>Obtenir des invitations dans deux Signature Events (tournois \u00e0 champ r\u00e9duit et dotation augment\u00e9e) du d\u00e9but de saison 2026, soit en terminant entre les places 51 et 70, soit en terminant dans le top 10 du classement sp\u00e9cifique de la <strong>FedEx Cup Fall <\/strong>(Aon Next 10).<\/li>\n<li>Obtenir les m\u00eames avantages qu&rsquo;un vainqueur de tournoi r\u00e9gulier du <strong>PGA Tour <\/strong>en cas de victoire\u00a0: exemption de deux ans, invitation automatique \u00e0 <strong>The Sentry<\/strong>, premier Signature Event de la saison, au <strong>Players Championship<\/strong>, et possiblement dans les Majeurs donnant des invitations aux vainqueurs du <strong>PGA Tour<\/strong>.<\/li>\n<\/ul>\n<p>Les joueurs qui termineront la <strong>FedEx Cup Fall <\/strong>entre les places 101 et 125 auront quant \u00e0 eux un statut conditionnel en 2026. Par ailleurs, tous les joueurs au-del\u00e0 de la 100e place finale auront le droit de participer \u00e0 la <strong>PGA Tour Q-School<\/strong>, en fin de saison.<\/p>\n<p>Pour ce qui est des Fran\u00e7ais, <strong>Matthieu Pavon <\/strong>est s\u00fbr de jouer sur le <strong>PGA Tour <\/strong>en 2026, en tant que vainqueur de tournoi (le <strong>Farmers Insurance Open <\/strong>en 2024). Mais il peut profiter de ces tournois pour s&rsquo;assurer des participations en Signature Events. <strong>Victor Perez <\/strong>et <strong>Antoine Rozner<\/strong>, eux, respectivement 109e et 148e de la <strong>FedEx Cup<\/strong>, tenteront de mettre \u00e0 profit ces sept tournois pour remonter dans la hi\u00e9rarchie.<\/p>\n","protected":false},"excerpt":{"rendered":"Les trois tournois des play-offs de la FedEx Cup, ces trois prochaines semaines, se d\u00e9rouleront donc sans repr\u00e9sentants&hellip;\n","protected":false},"author":2,"featured_media":296569,"comment_status":"","ping_status":"","sticky":false,"template":"","format":"standard","meta":{"footnotes":""},"categories":[1418],"tags":[1011,27,1472,60],"class_list":{"0":"post-296568","1":"post","2":"type-post","3":"status-publish","4":"format-standard","5":"has-post-thumbnail","7":"category-golf","8":"tag-fr","9":"tag-france","10":"tag-golf","11":"tag-sports"},"share_on_mastodon":{"url":"https:\/\/pubeurope.com\/@fr\/114972473610858982","error":""},"_links":{"self":[{"href":"https:\/\/www.europesays.com\/fr\/wp-json\/wp\/v2\/posts\/296568","targetHints":{"allow":["GET"]}}],"collection":[{"href":"https:\/\/www.europesays.com\/fr\/wp-json\/wp\/v2\/posts"}],"about":[{"href":"https:\/\/www.europesays.com\/fr\/wp-json\/wp\/v2\/types\/post"}],"author":[{"embeddable":true,"href":"https:\/\/www.europesays.com\/fr\/wp-json\/wp\/v2\/users\/2"}],"replies":[{"embeddable":true,"href":"https:\/\/www.europesays.com\/fr\/wp-json\/wp\/v2\/comments?post=296568"}],"version-history":[{"count":0,"href":"https:\/\/www.europesays.com\/fr\/wp-json\/wp\/v2\/posts\/296568\/revisions"}],"wp:featuredmedia":[{"embeddable":true,"href":"https:\/\/www.europesays.com\/fr\/wp-json\/wp\/v2\/media\/296569"}],"wp:attachment":[{"href":"https:\/\/www.europesays.com\/fr\/wp-json\/wp\/v2\/media?parent=296568"}],"wp:term":[{"taxonomy":"category","embeddable":true,"href":"https:\/\/www.europesays.com\/fr\/wp-json\/wp\/v2\/categories?post=296568"},{"taxonomy":"post_tag","embeddable":true,"href":"https:\/\/www.europesays.com\/fr\/wp-json\/wp\/v2\/tags?post=296568"}],"curies":[{"name":"wp","href":"https:\/\/api.w.org\/{rel}","templated":true}]}}