{"id":296584,"date":"2025-08-04T21:00:19","date_gmt":"2025-08-04T21:00:19","guid":{"rendered":"https:\/\/www.europesays.com\/fr\/296584\/"},"modified":"2025-08-04T21:00:19","modified_gmt":"2025-08-04T21:00:19","slug":"un-jury-de-haut-vol-devoile-pour-le-concours-darchitecture","status":"publish","type":"post","link":"https:\/\/www.europesays.com\/fr\/296584\/","title":{"rendered":"un jury de haut vol d\u00e9voil\u00e9 pour le concours d&rsquo;architecture"},"content":{"rendered":"<p class=\"editor-content__paragraph\">Le projet <strong>\u00ab\u00a0Louvre Nouvelle Renaissance\u00a0\u00bb<\/strong> continue d\u2019avancer et de se pr\u00e9ciser. Jeudi 31\u00a0juillet, quelques jours apr\u00e8s le lancement par le mus\u00e9e parisien d\u2019une <a href=\"https:\/\/www.beauxarts.com\/grand-format\/nouveau-louvre-le-musee-lance-une-consultation-publique-pour-recueillir-des-avis-sur-son-chantier-de-transformation\/\" target=\"_blank\" rel=\"noopener\">consultation publique concernant ce grand chantier<\/a>, la ministre de la culture Rachida Dati a d\u00e9voil\u00e9 dans un communiqu\u00e9 de presse <strong>la composition du jury du fameux concours international d\u2019architecture<\/strong> <a href=\"https:\/\/www.beauxarts.com\/grand-format\/joconde-nouvelle-entree-tarifs-speciaux-emmanuel-macron-annonce-un-vaste-chantier-de-transformation-du-louvre\/\" target=\"_blank\" rel=\"noopener\">annonc\u00e9 en janvier par Emmanuel Macron<\/a>, ajoutant au passage quelques pr\u00e9cisions sur cette grande comp\u00e9tition \u2013 \u00ab\u00a0un tournant historique pour le premier mus\u00e9e du monde\u00a0! \u00bb, s\u2019est-elle r\u00e9jouie sur le r\u00e9seau social X.<\/p>\n<p class=\"editor-content__paragraph\">Avec \u00e0 sa t\u00eate <strong>Marc Guillaume<\/strong>, pr\u00e9fet de la r\u00e9gion \u00eele-de-France, et <strong>Laurence des Cars<\/strong>, pr\u00e9sidente-directrice du Louvre, ce jury r\u00e9unit <strong>plusieurs figures institutionnelles<\/strong>\u00a0: Jean\u2011Fran\u00e7ois H\u00e9bert (directeur g\u00e9n\u00e9ral des patrimoines et de l\u2019architecture au minist\u00e8re de la Culture), la maire de Paris <strong>Anne Hidalgo<\/strong>, Christian Mourougane (pr\u00e9sident de l\u2019Oppic \u2013 Op\u00e9rateur du patrimoine et des projets immobiliers de la culture), Francis Steinbock (administrateur g\u00e9n\u00e9ral adjoint du mus\u00e9e) et Arnaud Amelot (directeur de l\u2019architecture et des jardins au Louvre).<\/p>\n<p>        \u00c0 lire aussi :<br \/>\n        <a class=\"renvoi-explicite__link\" href=\"https:\/\/www.beauxarts.com\/grand-format\/nouveau-louvre-le-musee-lance-une-consultation-publique-pour-recueillir-des-avis-sur-son-chantier-de-transformation\/\" target=\"_blank\" rel=\"noopener\">\u00ab Nouveau Louvre \u00bb : le mus\u00e9e lance une consultation publique pour recueillir des avis sur son chantier de transformation<\/a><\/p>\n<p>Un rassemblement prestigieux d\u2019architectes et d\u2019experts<\/p>\n<p>    <img loading=\"lazy\" decoding=\"async\" class=\"image__img\" src=\"https:\/\/www.europesays.com\/fr\/wp-content\/uploads\/2025\/08\/bismarc-guillaume-sipa_01157811_000004-964x643.jpg\" alt=\"Marc Guillaume sur l\u2019\u00cele Saint Denis en mai 2024\" width=\"964\" height=\"643\"\/><\/p>\n<p>Marc Guillaume sur l\u2019\u00cele Saint Denis en mai 2024<\/p>\n<p>    i<\/p>\n<p class=\"legende__cartel\">\u00a9 Sylvain Cricq-Sarrailh \/ Sipa<\/p>\n<p class=\"editor-content__paragraph\">S\u2019y ajoute <strong>une liste d\u2019architectes<\/strong> dont les profils conjuguent patrimoine et innovation contemporaine\u00a0:<strong> Fran\u00e7ois Chatillon<\/strong>, architecte en chef des monuments historiques, garant de la coh\u00e9rence patrimoniale du projet\u00a0; <strong>Anne D\u00e9mians<\/strong>, membre des acad\u00e9mies des Beaux-Arts et d\u2019Architecture\u00a0; ainsi que <strong>Bernard Desmoulin <\/strong>(qui a r\u00e9alis\u00e9 notamment la r\u00e9novation et l\u2019extension du mus\u00e9e de Cluny, et l\u2019auditorium du mus\u00e9e des Arts d\u00e9coratifs), <strong> Roger Diener<\/strong> (concepteur du M\u00e9morial de la Shoah de Drancy), <strong> Lina Ghotmeh<\/strong> (qui a r\u00e9nov\u00e9 l\u2019aile ouest du British Museum de Londres), <strong>Hala Ward\u00e9<\/strong> (qui a collabor\u00e9 avec Jean Nouvel pour la cr\u00e9ation du Louvre Abu Dhabi) et <strong>Li Chung Pei<\/strong>, fils de Ieoh Ming Pei, c\u00e9l\u00e8bre cr\u00e9ateur de la pyramide du Louvre.<\/p>\n<p class=\"editor-content__paragraph\">\u00c0 ces architectes se joignent des <strong>personnalit\u00e9s qualifi\u00e9es du milieu de la culture<\/strong>\u00a0: <strong>Barry\u00a0Bergdoll<\/strong>, professeur \u00e0 l\u2019Universit\u00e9 de Columbia et juge du prix Pritzker\u00a0; <strong>Neil MacGregor<\/strong>, ancien directeur de la National Gallery de Londres et du British Museum\u00a0; <strong>Sam\u00a0Keller<\/strong>, directeur de la fondation Beyeler \u00e0 B\u00e2le, sp\u00e9cialis\u00e9 en mus\u00e9ographie contemporaine\u00a0; <strong>\u00c9milie\u00a0Girard<\/strong>, directrice des mus\u00e9es de Strasbourg\u00a0; <strong>Marie\u00a0Lavandier<\/strong>, pr\u00e9sidente du Centre des monuments nationaux et tr\u00e8s impliqu\u00e9e dans les questions de m\u00e9diation et d\u2019inclusion\u00a0;<strong> Sophie\u2011Justine\u00a0Lieber<\/strong>, directrice des Arts d\u00e9coratifs\u00a0; et <strong>Simon Texier<\/strong>, historien d\u2019art et secr\u00e9taire g\u00e9n\u00e9ral de la Commission du Vieux Paris. Un coll\u00e8ge consultatif sans voix d\u00e9cisionnelle vient enfin renforcer cette liste d\u2019experts.<\/p>\n<p>        \u00c0 lire aussi :<br \/>\n        <a class=\"renvoi-explicite__link\" href=\"https:\/\/www.beauxarts.com\/grand-format\/plus-de-details-devoiles-sur-le-nouveau-louvre-galerie-des-cinq-continents-salle-de-la-joconde-nouveau-cafe\/\" target=\"_blank\" rel=\"noopener\">Plus de d\u00e9tails d\u00e9voil\u00e9s sur le \u00ab nouveau Louvre \u00bb : galerie des Cinq Continents, salle de la Joconde, nouveau caf\u00e9&#8230;<\/a><\/p>\n<p>Le laur\u00e9at annonc\u00e9 d\u00e8s janvier 2026<\/p>\n<p class=\"editor-content__paragraph\">L\u2019enjeu est colossal\u00a0: l\u2019\u00e9quipe laur\u00e9ate du concours d\u2019architecture se verra confier la lourde et prestigieuse t\u00e2che de concevoir une <strong>entr\u00e9e suppl\u00e9mentaire au niveau de la Grande Colonnade<\/strong> cr\u00e9\u00e9e sous Louis XIV, de <strong>nouvelles salles d\u2019exposition<\/strong> creus\u00e9es sous la cour Carr\u00e9e (notamment <a href=\"https:\/\/www.beauxarts.com\/grand-format\/une-salle-et-un-billet-juste-pour-la-joconde-une-fausse-bonne-idee\/\" target=\"_blank\" rel=\"noopener\">un \u00e9crin de 2\u00a0000\u00a0m\u00b2 destin\u00e9 \u00e0<strong> la Joconde<\/strong><\/a>, dont l\u2019inauguration en 2031\u00a0constituera un \u00e9v\u00e9nement historique), ainsi qu\u2019un \u00ab\u00a0plan de r\u00e9novation du patrimoine et des infrastructures de l\u2019\u00e9tablissement\u00a0\u00bb, pr\u00e9cise le communiqu\u00e9 du minist\u00e8re. Un projet pharaonique <strong>d\u2019un co\u00fbt de 800\u00a0millions d\u2019euros<\/strong>, d\u00e9cid\u00e9 suite \u00e0 un<a href=\"https:\/\/www.beauxarts.com\/grand-format\/degradations-avaries-surfrequentation-la-situation-du-louvre-inquiete-sa-presidente\/\" target=\"_blank\" rel=\"noopener\"> rapport alarmant concernant la v\u00e9tust\u00e9 et les conditions de visite d\u00e9grad\u00e9es<\/a> du plus grand mus\u00e9e du monde, qui accueille neuf millions de visiteurs par an.<\/p>\n<p>    <img loading=\"lazy\" decoding=\"async\" class=\"image__img\" src=\"https:\/\/www.europesays.com\/fr\/wp-content\/uploads\/2025\/08\/bisrachida-dati-sipa_01221135_000039-964x643.jpg\" alt=\"Rachida Dati au S\u00e9nat lors de la proposition de loi relative \u00e0 la r\u00e9forme de l\u2019audiovisuel public\" width=\"964\" height=\"643\"\/><\/p>\n<p>Rachida Dati au S\u00e9nat lors de la proposition de loi relative \u00e0 la r\u00e9forme de l\u2019audiovisuel public, 10\u00a0juillet 2025<\/p>\n<p>    i<\/p>\n<p class=\"legende__cartel\">\u00a9 St\u00e9phane Lemouton \/ Sipa<\/p>\n<p class=\"editor-content__paragraph\">Rachida Dati a \u00e9galement rappel\u00e9 en d\u00e9tail le calendrier du concours\u00a0: apr\u00e8s la date limite de d\u00e9p\u00f4t des candidatures fix\u00e9e au 1er septembre prochain, le jury devra \u00e9laborer <strong>une s\u00e9lection de cinq offres<\/strong> qui sera d\u00e9voil\u00e9e en octobre. Puis <strong>en janvier 2026<\/strong>, le <strong>laur\u00e9at<\/strong> sera d\u00e9sign\u00e9. <strong>Un calendrier particuli\u00e8rement serr\u00e9<\/strong> au vu de l\u2019importance du projet. Qui gagnera\u00a0? Les hypoth\u00e8ses vont bon train, mais les options sont encore nombreuses parmi les centaines de candidatures attendues. Pour le verdict, il faudra patienter quelques mois\u00a0!<\/p>\n<p>        \u00c0 lire aussi :<br \/>\n        <a class=\"renvoi-explicite__link\" href=\"https:\/\/www.beauxarts.com\/grand-format\/une-salle-et-un-billet-juste-pour-la-joconde-une-fausse-bonne-idee\/\" target=\"_blank\" rel=\"noopener\">Une salle (et un billet) juste pour la Joconde : solution r\u00eav\u00e9e ou fausse bonne id\u00e9e ?<\/a><\/p>\n<p class=\"annexe-content__infos\">Rue de Rivoli \u2022 75001 Paris<br \/><a href=\"http:\/\/www.louvre.fr\/\" target=\"_blank\" rel=\"noopener\">www.louvre.fr<\/a><\/p>\n","protected":false},"excerpt":{"rendered":"Le projet \u00ab\u00a0Louvre Nouvelle Renaissance\u00a0\u00bb continue d\u2019avancer et de se pr\u00e9ciser. Jeudi 31\u00a0juillet, quelques jours apr\u00e8s le lancement&hellip;\n","protected":false},"author":2,"featured_media":296585,"comment_status":"","ping_status":"","sticky":false,"template":"","format":"standard","meta":{"footnotes":""},"categories":[1358],"tags":[1350,1348,1384,1385,1386,58,59,1011,27,3094],"class_list":{"0":"post-296584","1":"post","2":"type-post","3":"status-publish","4":"format-standard","5":"has-post-thumbnail","7":"category-arts-et-design","8":"tag-architecture","9":"tag-arts","10":"tag-arts-and-design","11":"tag-arts-et-design","12":"tag-design","13":"tag-divertissement","14":"tag-entertainment","15":"tag-fr","16":"tag-france","17":"tag-musee-du-louvre"},"share_on_mastodon":{"url":"https:\/\/pubeurope.com\/@fr\/114972513079224456","error":""},"_links":{"self":[{"href":"https:\/\/www.europesays.com\/fr\/wp-json\/wp\/v2\/posts\/296584","targetHints":{"allow":["GET"]}}],"collection":[{"href":"https:\/\/www.europesays.com\/fr\/wp-json\/wp\/v2\/posts"}],"about":[{"href":"https:\/\/www.europesays.com\/fr\/wp-json\/wp\/v2\/types\/post"}],"author":[{"embeddable":true,"href":"https:\/\/www.europesays.com\/fr\/wp-json\/wp\/v2\/users\/2"}],"replies":[{"embeddable":true,"href":"https:\/\/www.europesays.com\/fr\/wp-json\/wp\/v2\/comments?post=296584"}],"version-history":[{"count":0,"href":"https:\/\/www.europesays.com\/fr\/wp-json\/wp\/v2\/posts\/296584\/revisions"}],"wp:featuredmedia":[{"embeddable":true,"href":"https:\/\/www.europesays.com\/fr\/wp-json\/wp\/v2\/media\/296585"}],"wp:attachment":[{"href":"https:\/\/www.europesays.com\/fr\/wp-json\/wp\/v2\/media?parent=296584"}],"wp:term":[{"taxonomy":"category","embeddable":true,"href":"https:\/\/www.europesays.com\/fr\/wp-json\/wp\/v2\/categories?post=296584"},{"taxonomy":"post_tag","embeddable":true,"href":"https:\/\/www.europesays.com\/fr\/wp-json\/wp\/v2\/tags?post=296584"}],"curies":[{"name":"wp","href":"https:\/\/api.w.org\/{rel}","templated":true}]}}