{"id":296588,"date":"2025-08-04T21:02:21","date_gmt":"2025-08-04T21:02:21","guid":{"rendered":"https:\/\/www.europesays.com\/fr\/296588\/"},"modified":"2025-08-04T21:02:21","modified_gmt":"2025-08-04T21:02:21","slug":"claudine-va-quitter-le-cabinet-lactrice-catherine-wilkening-annonce-une-decision-radicale-pour-son-personnage","status":"publish","type":"post","link":"https:\/\/www.europesays.com\/fr\/296588\/","title":{"rendered":"\u00ab\u00a0Claudine va quitter le cabinet !\u00a0\u00bb\u2026 L\u2019actrice Catherine Wilkening annonce une d\u00e9cision radicale pour son personnage"},"content":{"rendered":"<p>Dans Un si grand soleil, face aux pressions de Johanna et Florent, qui ont d\u00e9couvert ses magouilles, Claudine va prendre une d\u00e9cision radicale, comme l\u2019annonce l\u2019actrice Catherine Wilkening \u00e0 T\u00e9l\u00e9-Loisirs. <\/p>\n<p>Si<a href=\"https:\/\/www.programme-tv.net\/news\/series-tv\/381925-un-si-grand-soleil-attention-changement-d-horaire-exceptionnel-ce-soir\/\" data-api-deeplink=\"teleloisirs:\/\/news\/381925\" target=\"_blank\" rel=\"noopener\"> la programmation d\u2019Un si grand soleil a \u00e9t\u00e9 quelque peu perturb\u00e9e<\/a> ces derni\u00e8res semaines, avec <a href=\"https:\/\/www.programme-tv.net\/news\/series-tv\/382120-un-si-grand-soleil-16-episodes-inedits-en-cinq-jours-diffuses-la-semaine-prochaine\/\" data-api-deeplink=\"teleloisirs:\/\/news\/382120\" target=\"_blank\" rel=\"noopener\">des soir\u00e9es sp\u00e9ciales pour diffuser plusieurs \u00e9pisodes d\u2019affil\u00e9e <\/a>(<a href=\"https:\/\/www.programme-tv.net\/news\/series-tv\/382228-un-si-grand-soleil-huit-episode-inedits-seront-diffuses-sur-france-3-ce-mardi-1er-juillet-2025-et-voici-ce-qui-vous-attend\/\" data-api-deeplink=\"teleloisirs:\/\/news\/382228\" target=\"_blank\" rel=\"noopener\">dont 8 dans la la soir\u00e9e du mardi 1er juillet<\/a>), les intrigues pleines de rebondissements continuent du c\u00f4t\u00e9 de Montpellier. C\u2019est notamment le cas pour Alix, dont la vie a \u00e9t\u00e9 compl\u00e8tement boulevers\u00e9e, d\u2019une part avec <a href=\"https:\/\/www.programme-tv.net\/news\/series-tv\/381532-un-si-grand-soleil-alix-ne-sait-pas-comment-sen-sortir-nadia-fossier-reagit-au-retour-de-bertrand-lex-mari-de-son-personnage-qui-ne-lui-veut-pas-que-du-bien\/\" data-api-deeplink=\"teleloisirs:\/\/news\/381532\" target=\"_blank\" rel=\"noopener\">le retour de son ex-mari Bertrand, <\/a>mais aussi par <a href=\"https:\/\/www.programme-tv.net\/news\/series-tv\/381570-un-si-grand-soleil-qui-est-vraiment-lucas-que-cache-ce-mysterieux-jeune-homme-alix-est-subjuguee-et-intriguee-confie-nadia-fossier\/\" data-api-deeplink=\"teleloisirs:\/\/news\/381570\" target=\"_blank\" rel=\"noopener\">l\u2019arriv\u00e9e d\u2019un jeune homme qui l\u2019a beaucoup troubl\u00e9e, Lucas<\/a>. Alix a fini par comprendre quel lien elle avait avec lui et, lorsque son pass\u00e9 a refait surface, la machine s\u2019est emball\u00e9e pour la responsable de la galerie jou\u00e9e par Nadia Fossier. Une intrigue qui a d\u2019ailleurs permis \u00e0 l\u2019actrice de tourner des s\u00e9quences tr\u00e8s sp\u00e9ciales, dans lesquelles on d\u00e9couvre son personnage \u00e0 20 ans. \u00ab\u00a0\u00c0 tourner, c\u2019\u00e9tait absolument g\u00e9nial, avec des flashbacks \u00e9normes. Les sc\u00e8nes sont sublimement bien \u00e9crites, <a href=\"https:\/\/www.programme-tv.net\/news\/series-tv\/381573-un-si-grand-soleil-que-sest-il-vraiment-passe-entre-alix-et-guillaume-nadia-fossier-nous-repond\/\" data-api-deeplink=\"teleloisirs:\/\/news\/381573\" target=\"_blank\" rel=\"noopener\">s\u2019est r\u00e9jouie Nadia Fossier dans une interview pour T\u00e9l\u00e9-Loisirs,<\/a> lors du <a href=\"https:\/\/www.programme-tv.net\/news\/series-tv\/381129-judith-light-ingrid-chauvin-agathe-auproux-enceinte-jaz-sinclair-les-stars-glamour-au-festival-de-television-de-monte-carlo\/\" data-api-deeplink=\"teleloisirs:\/\/news\/381129\" target=\"_blank\" rel=\"noopener\">Festival de t\u00e9l\u00e9vision de Monte-Carlo<\/a>. On d\u00e9couvre toute la gen\u00e8se d\u2019Alix \u00e0 30 ans et on va apprendre quel \u00e9norme traumatisme elle a v\u00e9cu, qui fait d\u2019elle ce qu\u2019elle est devenue et celle que l\u2019on conna\u00eet aujourd\u2019hui depuis 4 ans, pourquoi c\u2019est une femme libre, pourquoi elle se bat, pourquoi elle est en mode survie tout le temps, pourquoi elle est speed&#8230; On va tout comprendre.\u00a0\u00bb<\/p>\n<p>                        Un si grand soleil : \u00ab\u00a0Claudine n\u2019a pas de limites\u00a0\u00bb, estime Catherine Wilkening<\/p>\n<p>Heureusement, comme toujours, Alix a pu compter sur le soutien de sa meilleure amie, Claudine. \u00ab\u00a0Elle est pr\u00eate \u00e0 tout pour son amie, a comment\u00e9 de son c\u00f4t\u00e9 la com\u00e9dienne<a href=\"https:\/\/www.programme-tv.net\/news\/series-tv\/322082-exclu-un-si-grand-soleil-claudine-est-plus-intelligente-que-johanna-dans-la-manipulation-catherine-wilkening-evoque-son-personnage-diabolique\/\" data-api-deeplink=\"teleloisirs:\/\/news\/322082\" target=\"_blank\" rel=\"noopener\"> Catherine Wilkening<\/a>. Avec Claudine, c\u2019est tout ou rien.\u00a0\u00bb De son c\u00f4t\u00e9, Claudine est toujours emp\u00eatr\u00e9e dans diff\u00e9rentes affaires. Au cabinet, la tension va encore monter d\u2019un cran entre elle et Johanna. Mais jusqu\u2019o\u00f9 Claudine va-t-elle aller ? Une chose est s\u00fbre, \u00e0 en croire <b>Catherine Wilkening,<\/b> \u00ab\u00a0Claudine n\u2019a pas de limites.\u00a0\u00bb Et, au cours de cette nouvelle intrigue d\u2019<b>Un si grand soleil<\/b>, cette derni\u00e8re va d\u2019ailleurs prendre une d\u00e9cision radicale, comme nous l\u2019a r\u00e9v\u00e9l\u00e9 la com\u00e9dienne.<\/p>\n<p>Un si grand soleil : \u00ab\u00a0Claudine va monter un cabinet concurrent\u00a0\u00bb, annonce Catherine Wilkening<\/p>\n<p>\u00ab\u00a0\u00c7a fait longtemps que Claudine fait des petits trafics \u00e0 c\u00f4t\u00e9, avec des mafieux, pour r\u00e9cup\u00e9rer plus d\u2019argent qu\u2019elle ne devrait. <a href=\"https:\/\/www.programme-tv.net\/news\/series-tv\/363038-un-si-grand-soleil-johanna-va-t-elle-mourir-aurore-delplace-repond-spoiler\/\" data-api-deeplink=\"teleloisirs:\/\/news\/363038\" target=\"_blank\" rel=\"noopener\">Johanna<\/a> et <a href=\"https:\/\/www.programme-tv.net\/news\/series-tv\/381585-un-si-grand-soleil-ce-n-est-pas-facile-a-faire-fabrice-deville-revele-si-florent-et-cecile-vont-se-remettre-en-couple\/\" data-api-deeplink=\"teleloisirs:\/\/news\/381585\" target=\"_blank\" rel=\"noopener\">Florent<\/a> vont finir par s\u2019en apercevoir et vont lui faire du chantage : tu quittes le cabinet ou tu quittes le barreau. Elle va donc quitter le cabinet !\u00a0\u00bb, nous a d\u00e9voil\u00e9 <b>Catherine Wilkening<\/b>. \u00ab\u00a0Mais comme elle est tr\u00e8s maligne et qu\u2019elle s\u2019en sort toujours tr\u00e8s bien, elle va monter un autre cabinet concurrent ailleurs.\u00a0\u00bb<\/p>\n","protected":false},"excerpt":{"rendered":"Dans Un si grand soleil, face aux pressions de Johanna et Florent, qui ont d\u00e9couvert ses magouilles, Claudine&hellip;\n","protected":false},"author":2,"featured_media":296589,"comment_status":"","ping_status":"","sticky":false,"template":"","format":"standard","meta":{"footnotes":""},"categories":[1356],"tags":[2083,43696,244,58,59,31241,1011,27,594,2173,252,1364,9766,43698,43697],"class_list":{"0":"post-296588","1":"post","2":"type-post","3":"status-publish","4":"format-standard","5":"has-post-thumbnail","7":"category-television","8":"tag-bandes-annonces","9":"tag-catherine-wilkening","10":"tag-commentaire","11":"tag-divertissement","12":"tag-entertainment","13":"tag-festival-de-tu00e9lu00e9vision-de-monte-carlo","14":"tag-fr","15":"tag-france","16":"tag-france-2","17":"tag-interview","18":"tag-television","19":"tag-tv","20":"tag-un-si-grand-soleil","21":"tag-un-si-grand-soleil-1099434400","22":"tag-un-si-grand-soleil-136189445"},"share_on_mastodon":{"url":"https:\/\/pubeurope.com\/@fr\/114972520891970208","error":""},"_links":{"self":[{"href":"https:\/\/www.europesays.com\/fr\/wp-json\/wp\/v2\/posts\/296588","targetHints":{"allow":["GET"]}}],"collection":[{"href":"https:\/\/www.europesays.com\/fr\/wp-json\/wp\/v2\/posts"}],"about":[{"href":"https:\/\/www.europesays.com\/fr\/wp-json\/wp\/v2\/types\/post"}],"author":[{"embeddable":true,"href":"https:\/\/www.europesays.com\/fr\/wp-json\/wp\/v2\/users\/2"}],"replies":[{"embeddable":true,"href":"https:\/\/www.europesays.com\/fr\/wp-json\/wp\/v2\/comments?post=296588"}],"version-history":[{"count":0,"href":"https:\/\/www.europesays.com\/fr\/wp-json\/wp\/v2\/posts\/296588\/revisions"}],"wp:featuredmedia":[{"embeddable":true,"href":"https:\/\/www.europesays.com\/fr\/wp-json\/wp\/v2\/media\/296589"}],"wp:attachment":[{"href":"https:\/\/www.europesays.com\/fr\/wp-json\/wp\/v2\/media?parent=296588"}],"wp:term":[{"taxonomy":"category","embeddable":true,"href":"https:\/\/www.europesays.com\/fr\/wp-json\/wp\/v2\/categories?post=296588"},{"taxonomy":"post_tag","embeddable":true,"href":"https:\/\/www.europesays.com\/fr\/wp-json\/wp\/v2\/tags?post=296588"}],"curies":[{"name":"wp","href":"https:\/\/api.w.org\/{rel}","templated":true}]}}