{"id":296590,"date":"2025-08-04T21:03:11","date_gmt":"2025-08-04T21:03:11","guid":{"rendered":"https:\/\/www.europesays.com\/fr\/296590\/"},"modified":"2025-08-04T21:03:11","modified_gmt":"2025-08-04T21:03:11","slug":"que-cache-le-dernier-titre-du-rappeur-marseillais","status":"publish","type":"post","link":"https:\/\/www.europesays.com\/fr\/296590\/","title":{"rendered":"que cache le dernier titre du rappeur marseillais ?"},"content":{"rendered":"<p class=\"article-p mdl\">Que se passe-t-il autour de Jul ? Le vendredi 1er ao\u00fbt, le prolifique rappeur marseillais a publi\u00e9 son tout nouveau morceau intitul\u00e9 Toi et moi. Un titre intriguant sur fond de guitare qui conclut toutefois son dernier album en date,<strong> D&amp;P \u00e0 vie<\/strong>, sorti en avril dernier.<\/p>\n<p class=\"article-p mdl\">D\u00e8s la parution du premier teaser sur les r\u00e9seaux sociaux, les r\u00e9serves des internautes ont \u00e9merg\u00e9. Un certain nombre d&rsquo;entre eux soup\u00e7onnent l&rsquo;extrait, puis le morceau dans son int\u00e9gralit\u00e9<strong> d&rsquo;avoir \u00e9t\u00e9 g\u00e9n\u00e9r\u00e9 avec l&rsquo;aide de l&rsquo;intelligence artificielle.<\/strong><\/p>\n<p class=\"article-p mdl\">Comme l&rsquo;ont rep\u00e9r\u00e9\u00a0<a class=\"link\" href=\"https:\/\/www.bfmtv.com\/people\/musique\/des-internautes-accusent-jul-d-avoir-eu-recours-a-l-ia-pour-composer-son-morceau-toi-et-moi_AN-202508040260.html\" target=\"_blank\" rel=\"nofollow noopener\">nos confr\u00e8res de BFMTV,<\/a>\u00a0un beatmaker connu sous le pseudonyme\u00a0Lnkhey en est all\u00e9 de son fil sur X pour prouver que l&rsquo;intelligence artificielle Suno, qui permet de g\u00e9n\u00e9rer de la musique, a bien \u00e9t\u00e9 utilis\u00e9e pour la <strong>nouvelle chanson de Jul.\u00a0<\/strong><\/p>\n<p class=\"article-p mdl\">Hallucination collective, exp\u00e9rimentation os\u00e9e ou coup de communication, Jul ne s&rsquo;est pas pr\u00e9cis\u00e9ment exprim\u00e9 sur le sujet. Mais <a class=\"link\" href=\"https:\/\/www.instagram.com\/accounts\/login\/?next=https%3A%2F%2Fwww.instagram.com%2Fjuldetp%2F%3Futm_source%3Dig_embed&amp;is_from_rle\" target=\"_blank\" rel=\"nofollow noopener\">sur son compte Instagram<\/a>, le rappeur a d&rsquo;abord publi\u00e9 un message vocal<strong> g\u00e9n\u00e9r\u00e9 par IA<\/strong> avant de poster une photo de lui, utilisant une nouvelle fois l&rsquo;IA agr\u00e9ment\u00e9e d&rsquo;un #IASPORTS (jeu de mot avec EA Sports, l&rsquo;\u00e9diteur du plus c\u00e9l\u00e8bre des jeux vid\u00e9os de foot).<\/p>\n<p>    La r\u00e9daction vous recommande<\/p>\n<p class=\"s-newsletter__title\">\n                L\u2019actualit\u00e9 par la r\u00e9daction de RTL dans votre bo\u00eete mail.\n            <\/p>\n<p class=\"s-newsletter__subtitle\">\n                Gr\u00e2ce \u00e0 votre compte RTL abonnez-vous \u00e0 la newsletter RTL info pour suivre toute l&rsquo;actualit\u00e9 au quotidien\n            <\/p>\n<p>\n                                    Lire la suite\n                                <\/p>\n<p>                            <script async src=\"\/\/www.instagram.com\/embed.js\"><\/script><\/p>\n","protected":false},"excerpt":{"rendered":"Que se passe-t-il autour de Jul ? Le vendredi 1er ao\u00fbt, le prolifique rappeur marseillais a publi\u00e9 son&hellip;\n","protected":false},"author":2,"featured_media":296591,"comment_status":"","ping_status":"","sticky":false,"template":"","format":"standard","meta":{"footnotes":""},"categories":[1355],"tags":[58,59,2414,107,1011,27,2440,223,1279,1361,873],"class_list":{"0":"post-296590","1":"post","2":"type-post","3":"status-publish","4":"format-standard","5":"has-post-thumbnail","7":"category-musique","8":"tag-divertissement","9":"tag-entertainment","10":"tag-fil-culture","11":"tag-fil-info","12":"tag-fr","13":"tag-france","14":"tag-instagram","15":"tag-intelligence-artificielle","16":"tag-jul","17":"tag-music","18":"tag-musique"},"share_on_mastodon":{"url":"https:\/\/pubeurope.com\/@fr\/114972524825295462","error":""},"_links":{"self":[{"href":"https:\/\/www.europesays.com\/fr\/wp-json\/wp\/v2\/posts\/296590","targetHints":{"allow":["GET"]}}],"collection":[{"href":"https:\/\/www.europesays.com\/fr\/wp-json\/wp\/v2\/posts"}],"about":[{"href":"https:\/\/www.europesays.com\/fr\/wp-json\/wp\/v2\/types\/post"}],"author":[{"embeddable":true,"href":"https:\/\/www.europesays.com\/fr\/wp-json\/wp\/v2\/users\/2"}],"replies":[{"embeddable":true,"href":"https:\/\/www.europesays.com\/fr\/wp-json\/wp\/v2\/comments?post=296590"}],"version-history":[{"count":0,"href":"https:\/\/www.europesays.com\/fr\/wp-json\/wp\/v2\/posts\/296590\/revisions"}],"wp:featuredmedia":[{"embeddable":true,"href":"https:\/\/www.europesays.com\/fr\/wp-json\/wp\/v2\/media\/296591"}],"wp:attachment":[{"href":"https:\/\/www.europesays.com\/fr\/wp-json\/wp\/v2\/media?parent=296590"}],"wp:term":[{"taxonomy":"category","embeddable":true,"href":"https:\/\/www.europesays.com\/fr\/wp-json\/wp\/v2\/categories?post=296590"},{"taxonomy":"post_tag","embeddable":true,"href":"https:\/\/www.europesays.com\/fr\/wp-json\/wp\/v2\/tags?post=296590"}],"curies":[{"name":"wp","href":"https:\/\/api.w.org\/{rel}","templated":true}]}}