{"id":296598,"date":"2025-08-04T21:07:10","date_gmt":"2025-08-04T21:07:10","guid":{"rendered":"https:\/\/www.europesays.com\/fr\/296598\/"},"modified":"2025-08-04T21:07:10","modified_gmt":"2025-08-04T21:07:10","slug":"apres-la-polemique-de-la-fellation-le-concert-de-patrick-sebastien-est-annule-dans-les-alpes-de-haute-provence","status":"publish","type":"post","link":"https:\/\/www.europesays.com\/fr\/296598\/","title":{"rendered":"Apr\u00e8s la pol\u00e9mique de la \u00ab\u00a0fellation\u00a0\u00bb, le concert de Patrick S\u00e9bastien est annul\u00e9 dans les Alpes-de-Haute-Provence"},"content":{"rendered":"<p>La sc\u00e8ne a pris de l\u2019ampleur dans les derniers jours de juillet\u00a02025. On y d\u00e9couvre <a href=\"https:\/\/www.laprovence.com\/article\/france-monde\/203026733918414\/patrick-sebastien-accuse-dacte-sexuel-sur-une-scene-au-cap-dagde-le-chanteur-evoque-une-fellation-mimee\" target=\"_blank\" rel=\"noopener\">Patrick S\u00e9bastien semblant recevoir une fellation<\/a> de la part d\u2019une spectatrice lors d\u2019un concert dans un camping naturiste le 22 juillet 2025 au Cap d\u2019Agde (H\u00e9rault). Difficile, avec les images amateurs publi\u00e9es sur les r\u00e9seaux sociaux, de savoir s\u2019il s\u2019agit d\u2019un mime ou d\u2019un court acte sexuel.<\/p>\n<p>Contact\u00e9 par La Provence, l\u2019artiste n\u2019avait souhait\u00e9 faire \u00ab\u00a0aucun commentaire\u00a0\u00bb. Le public \u00e9tait en partie compos\u00e9 d\u2019enfants et la sc\u00e8ne a choqu\u00e9. Elle a aussi mis dans l\u2019embarras de nombreux organisateurs \u00e0 travers la France qui avaient mis\u00e9 sur la venue de l\u2019interpr\u00e8te de chansons festives \u00e0 succ\u00e8s comme Petit Bonhomme en mousse, ou encore\u00a0Les Sardines.<\/p>\n<p>\u00ab\u00a0On ne valide pas du tout ce qui s\u2019est pass\u00e9\u00a0\u00bb<\/p>\n<p>C\u2019est le cas notamment du comit\u00e9 des f\u00eates de La Motte-du-Caire (Alpes-de-Haute-Provence), <a href=\"https:\/\/www.laprovence.com\/article\/region\/13502648472066\/patrick-sebastien-a-la-motte-du-caire-jai-dit-a-patrick-que-mon-reve-serait-quil-vienne-chez-nous\" target=\"_blank\" rel=\"noopener\">qui avait pr\u00e9vu une prestation du chanteur sur le stade communal,<\/a> le 20\u00a0ao\u00fbt\u00a02025, dans le cadre d\u2019un \u00e9v\u00e9nement port\u00e9 par Gilbert Jourdan, un ami du chanteur de 71\u00a0ans et membre du comit\u00e9 des f\u00eates. \u00ab\u00a0Ce n\u2019est pas ce dont nous avions besoin et ce n\u2019est pas l\u2019image que l\u2019on souhaite donner de cet \u00e9v\u00e9nement festif tout public\u00a0\u00bb, <a href=\"https:\/\/www.laprovence.com\/article\/region\/3043548609060814\/fellation-sur-scene-polemique-patrick-sebastien-maintiendra-t-il-son-show-dans-les-alpes-de-haute-provence\" target=\"_blank\" rel=\"noopener\">expliquait, \u00e0 La Provence, le jeudi 31\u00a0juillet, le pr\u00e9sident du comit\u00e9 des f\u00eates<\/a>, Jean-Louis Recrosio.<\/p>\n<p>Le pr\u00e9sident du comit\u00e9 des f\u00eates a tenu, ce lundi 4\u00a0ao\u00fbt au soir, une r\u00e9union avec Gilbert Jourdan et J\u00e9r\u00f4me Francou, <a href=\"https:\/\/www.laprovence.com\/article\/region\/787879480088915\/la-motte-du-caire-les-galeres-d-un-maire-pour-faire-avancer-son-village-par-manque-de-moyens-humains\" target=\"_blank\" rel=\"noopener\">le maire de La Motte-du-Caire<\/a>, afin de d\u00e9cider de maintenir ou non cet \u00e9v\u00e9nement au budget d\u2019environ 48\u00a0000\u00a0euros. \u00ab\u00a0On a d\u00e9cid\u00e9 d\u2019annuler le concert, d\u2019un commun accord entre la Mairie et le comit\u00e9 des f\u00eates, annonce-t-il \u00e0 La Provence. On ne valide pas du tout ce qui s\u2019est pass\u00e9 et on ne souhaite pas s\u2019associer \u00e0 ces \u00e9v\u00e9nements et \u00e0 cette image sur sc\u00e8ne. On craignait aussi des histoires dans le village\u00a0\u00bb. Une information confirm\u00e9e par la Mairie.<\/p>\n<p>Plusieurs dates annul\u00e9es<\/p>\n<p>Les quelque 1\u00a0500 spectateurs qui avaient d\u00e9j\u00e0 achet\u00e9 leur place recevront automatiquement un remboursement. \u00ab\u00a0Le tr\u00e9sorier du comit\u00e9 des f\u00eates va se rapprocher d\u2019HelloAsso. L\u2019outil est bien fait\u00a0: le remboursement peut se faire en un clic\u00a0\u00bb. Quant aux sponsors, qui ont contribu\u00e9 au financement de l\u2019\u00e9v\u00e9nement, ils seront \u00e9galement contact\u00e9s par le comit\u00e9 des f\u00eates. \u00ab\u00a0Nous allons voir avec eux ce qu\u2019ils souhaitent faire de leurs dons\u00a0\u00bb, ajoute Jean-Louis Recrosio.<\/p>\n<p>Le concert qui \u00e9tait pr\u00e9vu \u00e0 La Motte-du-Caire n\u2019est pas la premi\u00e8re prestation de Patrick S\u00e9bastien annul\u00e9e depuis la pol\u00e9mique. L\u2019ancien animateur devait par exemple se produire au festival de th\u00e9\u00e2tre \u00ab\u00a0Humour et danse\u00a0\u00bb de Roquebrune-Cap-Martin (Alpes-Maritimes) ce vendredi 8\u00a0ao\u00fbt. Une prestation annul\u00e9e, comme l\u2019ont r\u00e9v\u00e9l\u00e9 <a href=\"https:\/\/www.bfmtv.com\/culture\/c-est-un-tres-gros-camion-un-festival-annule-la-venue-de-patrick-sebastien-pour-des-raisons-techniques-quelques-jours-apres-son-geste-choquant_AN-202508010393.html\" target=\"_blank\" rel=\"noopener\">nos confr\u00e8res de BFMTV<\/a>.<\/p>\n","protected":false},"excerpt":{"rendered":"La sc\u00e8ne a pris de l\u2019ampleur dans les derniers jours de juillet\u00a02025. On y d\u00e9couvre Patrick S\u00e9bastien semblant&hellip;\n","protected":false},"author":2,"featured_media":296599,"comment_status":"","ping_status":"","sticky":false,"template":"","format":"standard","meta":{"footnotes":""},"categories":[8],"tags":[17,150,1697,251,58,59,932,42881,1011,27,12012,1062,17417],"class_list":{"0":"post-296598","1":"post","2":"type-post","3":"status-publish","4":"format-standard","5":"has-post-thumbnail","7":"category-divertissement","8":"tag-17","9":"tag-apres","10":"tag-concert","11":"tag-culture","12":"tag-divertissement","13":"tag-entertainment","14":"tag-est","15":"tag-fellation","16":"tag-fr","17":"tag-france","18":"tag-patrick","19":"tag-polemique","20":"tag-sebastien"},"share_on_mastodon":{"url":"https:\/\/pubeurope.com\/@fr\/114972540963372596","error":""},"_links":{"self":[{"href":"https:\/\/www.europesays.com\/fr\/wp-json\/wp\/v2\/posts\/296598","targetHints":{"allow":["GET"]}}],"collection":[{"href":"https:\/\/www.europesays.com\/fr\/wp-json\/wp\/v2\/posts"}],"about":[{"href":"https:\/\/www.europesays.com\/fr\/wp-json\/wp\/v2\/types\/post"}],"author":[{"embeddable":true,"href":"https:\/\/www.europesays.com\/fr\/wp-json\/wp\/v2\/users\/2"}],"replies":[{"embeddable":true,"href":"https:\/\/www.europesays.com\/fr\/wp-json\/wp\/v2\/comments?post=296598"}],"version-history":[{"count":0,"href":"https:\/\/www.europesays.com\/fr\/wp-json\/wp\/v2\/posts\/296598\/revisions"}],"wp:featuredmedia":[{"embeddable":true,"href":"https:\/\/www.europesays.com\/fr\/wp-json\/wp\/v2\/media\/296599"}],"wp:attachment":[{"href":"https:\/\/www.europesays.com\/fr\/wp-json\/wp\/v2\/media?parent=296598"}],"wp:term":[{"taxonomy":"category","embeddable":true,"href":"https:\/\/www.europesays.com\/fr\/wp-json\/wp\/v2\/categories?post=296598"},{"taxonomy":"post_tag","embeddable":true,"href":"https:\/\/www.europesays.com\/fr\/wp-json\/wp\/v2\/tags?post=296598"}],"curies":[{"name":"wp","href":"https:\/\/api.w.org\/{rel}","templated":true}]}}