{"id":296619,"date":"2025-08-04T21:24:12","date_gmt":"2025-08-04T21:24:12","guid":{"rendered":"https:\/\/www.europesays.com\/fr\/296619\/"},"modified":"2025-08-04T21:24:12","modified_gmt":"2025-08-04T21:24:12","slug":"concert-lheritage-goldman-2-a-rouen-2025","status":"publish","type":"post","link":"https:\/\/www.europesays.com\/fr\/296619\/","title":{"rendered":"Concert L&rsquo;H\u00e9ritage Goldman 2 \u00e0 Rouen 2025"},"content":{"rendered":"<p class=\"fw-bold font-size-16 my-1\"> Le 09\/10\/2025<\/p>\n<p class=\"fw-bold font-size-16 my-1\"> <a class=\"mr-2\" href=\"https:\/\/www.jds.fr\/rouen\/le-grand-quevilly\/salle-de-concert\/zenith-de-rouen-15867_L\" rel=\"nofollow noopener\" target=\"_blank\">Z\u00e9nith de Rouen<\/a> | <a href=\"https:\/\/www.jds.fr\/rouen\/le-grand-quevilly-31127_V\" rel=\"nofollow noopener\" target=\"_blank\">Le Grand-Quevilly<\/a><\/p>\n<p class=\"fw-bold font-size-16 my-1\"> <a href=\"#artistes\" class=\"js-scrollTo\">Plusieurs artistes pr\u00e9sents<\/a><\/p>\n<p class=\"fw-bold font-size-16 my-1\"> 49 \u20ac &#8211; 79 \u20ac <\/p>\n<p class=\"intro\">L&rsquo;H\u00e9ritage Goldman 2 en concert \u00e0 Rouen (Z\u00e9nith de Rouen Le Grand-Quevilly), le 9 octobre 2025. Toutes les informations pratiques (tarifs, billetterie, plan de salle) pour ce concert sont \u00e0 retrouver sur cette page. R\u00e9servez d\u00e8s maintenant vos places pour assister \u00e0 ce <a href=\"https:\/\/www.jds.fr\/rouen\/agenda\/musique-et-concerts-96_B\" rel=\"nofollow noopener\" target=\"_blank\">concert \u00e0 Rouen<\/a>\u00a0!<\/p>\n<p><img decoding=\"async\" loading=\"lazy\" src=\"https:\/\/www.europesays.com\/fr\/wp-content\/uploads\/2025\/08\/h-ritage-goldman-2---vignette-tickets_279509_2460569_222x222.jpg\" alt=\"L'H\u00e9ritage Goldman 2\" class=\"border\"\/><\/p>\n<p><strong>L&rsquo;H\u00c9RITAGE GOLDMAN &#8211; \u00c9PISODE 2 J-JACQUES ET LES AUTRES<\/strong><br \/>Apr\u00e8s une tourn\u00e9e triomphale dans tous les Z\u00e9niths de France ayant attir\u00e9 plus de 400 000 spectateurs, la troupe de l&rsquo;H\u00e9ritage GOLDMAN posera son vaisseau pour la derni\u00e8re fois en automne dans sa formation actuelle et dans toutes les salles de France \u00e0 l&rsquo;occasion de la tourn\u00e9e d&rsquo;adieu de MICHAEL JONES. Mais que tous les fans de GOLDMAN se rassurent, cette magnifique aventure musicale ne s&rsquo;arr\u00eatera pas l\u00e0 pour autant puisque nous avons le plaisir de vous annoncer le tout nouveau chapitre de ce voyage musical\u00a0: L&rsquo;H\u00c9RITAGE GOLDMAN 2.<br \/>D\u00e9couvrez le nouveau spectacle d&rsquo;Erick BENZI qui vous fera chanter et danser sur les tubes de Jean-Jacques mais aussi sur les plus belles chansons qu&rsquo;il a \u00e9crites pour les grandes voix de la chanson fran\u00e7aise. De C\u00e9line DION \u00e0 Florent PAGNY, de Patricia KAAS \u00e0 Johnny HALLYDAY en passant par Patrick FIORI et KHALED\u2026 Vibrez au son de l&rsquo;\u0153uvre compl\u00e8te de Jean-Jacques qui a accompagn\u00e9 les moments forts de nos vies\u00a0: \u00ab Pour que tu m&rsquo;aimes encore\u00a0\u00bb, \u00ab Il me dit que je suis belle\u00a0\u00bb, \u00ab Bienvenue chez moi\u00a0\u00bb, \u00ab L\u2019Envie\u00a0\u00bb, \u00ab A\u00efcha\u00a0\u00bb et bien d&rsquo;autres encore\u00a0! Un moment unique de partage et de bonheur r\u00e9unissant des centaines de milliers de fans autour de l&rsquo;inoubliable musique de l&rsquo;un des plus grands artistes de la chanson fran\u00e7aise.<\/p>\n<p>Ne manquez pas cette exp\u00e9rience exceptionnelle\u00a0: 25 tubes incontournables, 2 heures de musique et de performances musicales dans une communion parfaite entre la musique de Jean-Jacques GOLDMAN et ses fans de la France enti\u00e8re.<\/p>\n<p>Vous avez aim\u00e9 \u00ab L&rsquo;H\u00e9ritage GOLDMAN\u00a0\u00bb, vous adorerez \u00ab L&rsquo;H\u00e9ritage GOLDMAN 2\u00a0\u00bb\u00a0!<br \/>Pr\u00e9sent\u00e9 par Richard Walter Productions<\/p>\n<p>Dans la m\u00eame rubrique<\/p>\n<ul class=\"mt-3 list-unstyled list-articles-v2\">\n<li class=\"col-12 pt-4\" data-view-id-type=\"1\" data-view-id=\"364044\" data-view-bc=\"0\"><a href=\"https:\/\/www.jds.fr\/rouen\/agenda\/chanson-francaise-136_B\" class=\"lh-sm\" rel=\"nofollow noopener\" target=\"_blank\">Chanson fran\u00e7aise \u00e0 Rouen<\/a><a class=\"d-block titre text-black mb-1 mb-md-2\" href=\"https:\/\/www.jds.fr\/rouen\/concerts\/chanson-francaise\/julien-dore-364044_A\" rel=\"nofollow noopener\" target=\"_blank\">Julien Dor\u00e9<\/a>Du 04\/10\/2025 au 21\/03\/2026<a href=\"https:\/\/www.jds.fr\/rouen\/le-grand-quevilly\/salle-de-concert\/zenith-de-rouen-15867_L\" class=\"lieu font-size-14 text-gray-700 d-block lh-sm my-1\" rel=\"nofollow noopener\" target=\"_blank\"> Z\u00e9nith de Rouen &#8211; Le Grand-Quevilly<\/a>Julien Dor\u00e9 en concert \u00e0 Rouen (Z\u00e9nith de Rouen Le Grand-Quevilly), les 4 octobre 2025 et 21 mars 2026. Toutes les informations pratiques (tarifs, billetterie, plan de salle) [\u2026]<a class=\"image\" href=\"https:\/\/www.jds.fr\/rouen\/concerts\/chanson-francaise\/julien-dore-364044_A\" rel=\"nofollow noopener\" target=\"_blank\"><img decoding=\"async\" loading=\"lazy\" src=\"https:\/\/www.europesays.com\/fr\/wp-content\/uploads\/2025\/08\/1754342645_440_\" width=\"180\" height=\"180\" alt=\"Julien Dor\u00e9\"\/><\/a><\/li>\n<li class=\"col-12 pt-4\" data-view-id-type=\"1\" data-view-id=\"395193\" data-view-bc=\"0\"><a href=\"https:\/\/www.jds.fr\/rouen\/agenda\/chanson-francaise-136_B\" class=\"lh-sm\" rel=\"nofollow noopener\" target=\"_blank\">Chanson fran\u00e7aise \u00e0 Rouen<\/a><a class=\"d-block titre text-black mb-1 mb-md-2\" href=\"https:\/\/www.jds.fr\/rouen\/concerts\/chanson-francaise\/lara-fabian-395193_A\" rel=\"nofollow noopener\" target=\"_blank\">Lara Fabian<\/a>Le 07\/10\/2025<a href=\"https:\/\/www.jds.fr\/rouen\/le-grand-quevilly\/salle-de-concert\/zenith-de-rouen-15867_L\" class=\"lieu font-size-14 text-gray-700 d-block lh-sm my-1\" rel=\"nofollow noopener\" target=\"_blank\"> Z\u00e9nith de Rouen &#8211; Le Grand-Quevilly<\/a>Lara Fabian en concert \u00e0 Rouen (Z\u00e9nith de Rouen Le Grand-Quevilly), le 7 octobre 2025. Toutes les informations pratiques (tarifs, billetterie, plan de salle) pour ce concert sont [\u2026]<a class=\"image\" href=\"https:\/\/www.jds.fr\/rouen\/concerts\/chanson-francaise\/lara-fabian-395193_A\" rel=\"nofollow noopener\" target=\"_blank\"><img decoding=\"async\" loading=\"lazy\" src=\"https:\/\/www.europesays.com\/fr\/wp-content\/uploads\/2025\/08\/1754342646_378_\" width=\"180\" height=\"180\" alt=\"Lara Fabian\"\/><\/a><\/li>\n<li class=\"li_gp_div\">\n<\/li>\n<li class=\"col-12 pt-4\" data-view-id-type=\"1\" data-view-id=\"686375\" data-view-bc=\"0\"><a href=\"https:\/\/www.jds.fr\/rouen\/agenda\/chanson-francaise-136_B\" class=\"lh-sm\" rel=\"nofollow noopener\" target=\"_blank\">Chanson fran\u00e7aise \u00e0 Rouen<\/a><a class=\"d-block titre text-black mb-1 mb-md-2\" href=\"https:\/\/www.jds.fr\/rouen\/concerts\/chanson-francaise\/helldebert-enfantillages-666-tournee-686375_A\" rel=\"nofollow noopener\" target=\"_blank\">Helldebert &#8211; Enfantillages 666 &#8211; Tourn\u00e9e<\/a>Le 10\/10\/2025<a href=\"https:\/\/www.jds.fr\/rouen\/le-grand-quevilly\/salle-de-concert\/zenith-de-rouen-15867_L\" class=\"lieu font-size-14 text-gray-700 d-block lh-sm my-1\" rel=\"nofollow noopener\" target=\"_blank\"> Z\u00e9nith de Rouen &#8211; Le Grand-Quevilly<\/a>Helldebert &#8211; Enfantillages 666 &#8211; Tourn\u00e9e en concert \u00e0 Rouen (Z\u00e9nith de Rouen Le Grand-Quevilly), le 10 octobre 2025. Toutes les informations pratiques (tarifs, billetterie, plan [\u2026]<a class=\"image\" href=\"https:\/\/www.jds.fr\/rouen\/concerts\/chanson-francaise\/helldebert-enfantillages-666-tournee-686375_A\" rel=\"nofollow noopener\" target=\"_blank\"><img decoding=\"async\" loading=\"lazy\" src=\"https:\/\/www.europesays.com\/fr\/wp-content\/uploads\/2025\/08\/1754342646_462_\" width=\"180\" height=\"180\" alt=\"Helldebert - Enfantillages 666 - Tourn\u00e9e\"\/><\/a><\/li>\n<li class=\"col-12 pt-4\" data-view-id-type=\"1\" data-view-id=\"633307\" data-view-bc=\"0\"><a href=\"https:\/\/www.jds.fr\/rouen\/agenda\/chanson-francaise-136_B\" class=\"lh-sm\" rel=\"nofollow noopener\" target=\"_blank\">Chanson fran\u00e7aise \u00e0 Rouen<\/a><a class=\"d-block titre text-black mb-1 mb-md-2\" href=\"https:\/\/www.jds.fr\/rouen\/concerts\/chanson-francaise\/amir-c-tour-tournee-633307_A\" rel=\"nofollow noopener\" target=\"_blank\">Amir &#8211; C Tour &#8211; Tourn\u00e9e<\/a>Le 23\/10\/2025<a href=\"https:\/\/www.jds.fr\/rouen\/le-grand-quevilly\/salle-de-concert\/zenith-de-rouen-15867_L\" class=\"lieu font-size-14 text-gray-700 d-block lh-sm my-1\" rel=\"nofollow noopener\" target=\"_blank\"> Z\u00e9nith de Rouen &#8211; Le Grand-Quevilly<\/a>Amir &#8211; C Tour &#8211; Tourn\u00e9e en concert \u00e0 Rouen (Z\u00e9nith de Rouen Le Grand-Quevilly), le 23 octobre 2025. Toutes les informations pratiques (tarifs, billetterie, plan de salle) pour [\u2026]<a class=\"image\" href=\"https:\/\/www.jds.fr\/rouen\/concerts\/chanson-francaise\/amir-c-tour-tournee-633307_A\" rel=\"nofollow noopener\" target=\"_blank\"><img decoding=\"async\" loading=\"lazy\" src=\"https:\/\/www.europesays.com\/fr\/wp-content\/uploads\/2025\/08\/1754342646_524_\" width=\"180\" height=\"180\" alt=\"Amir - C Tour - Tourn\u00e9e\"\/><\/a><\/li>\n<li class=\"col-12 pt-4\" data-view-id-type=\"1\" data-view-id=\"332532\" data-view-bc=\"0\"><a href=\"https:\/\/www.jds.fr\/rouen\/agenda\/chanson-francaise-136_B\" class=\"lh-sm\" rel=\"nofollow noopener\" target=\"_blank\">Chanson fran\u00e7aise \u00e0 Rouen<\/a><a class=\"d-block titre text-black mb-1 mb-md-2\" href=\"https:\/\/www.jds.fr\/rouen\/concerts\/chanson-francaise\/vitaa-charlotte-la-tournee-332532_A\" rel=\"nofollow noopener\" target=\"_blank\">Vitaa &#8211; Charlotte. la Tourn\u00e9e<\/a>Le 07\/11\/2025<a href=\"https:\/\/www.jds.fr\/rouen\/le-grand-quevilly\/salle-de-concert\/zenith-de-rouen-15867_L\" class=\"lieu font-size-14 text-gray-700 d-block lh-sm my-1\" rel=\"nofollow noopener\" target=\"_blank\"> Z\u00e9nith de Rouen &#8211; Le Grand-Quevilly<\/a>Vitaa &#8211; Charlotte. la Tourn\u00e9e en concert \u00e0 Rouen (Z\u00e9nith de Rouen Le Grand-Quevilly), le 7 novembre 2025. Toutes les informations pratiques (tarifs, billetterie, plan de salle) [\u2026]<a class=\"image\" href=\"https:\/\/www.jds.fr\/rouen\/concerts\/chanson-francaise\/vitaa-charlotte-la-tournee-332532_A\" rel=\"nofollow noopener\" target=\"_blank\"><img decoding=\"async\" loading=\"lazy\" src=\"https:\/\/www.europesays.com\/fr\/wp-content\/uploads\/2025\/08\/1754342646_144_\" width=\"180\" height=\"180\" alt=\"Vitaa - Charlotte. la Tourn\u00e9e\"\/><\/a><\/li>\n<li class=\"li_gp_div li_gp_div_infeed\"\/>\n<li class=\"col-12 pt-4\" data-view-id-type=\"1\" data-view-id=\"727244\" data-view-bc=\"0\"><a href=\"https:\/\/www.jds.fr\/rouen\/agenda\/chanson-francaise-136_B\" class=\"lh-sm\" rel=\"nofollow noopener\" target=\"_blank\">Chanson fran\u00e7aise \u00e0 Rouen<\/a><a class=\"d-block titre text-black mb-1 mb-md-2\" href=\"https:\/\/www.jds.fr\/rouen\/concerts\/chanson-francaise\/helena-tournee-727244_A\" rel=\"nofollow noopener\" target=\"_blank\">Helena &#8211; Tourn\u00e9e<\/a>Le 15\/11\/2025<a href=\"https:\/\/www.jds.fr\/rouen\/le-grand-quevilly\/salle-de-concert\/zenith-de-rouen-15867_L\" class=\"lieu font-size-14 text-gray-700 d-block lh-sm my-1\" rel=\"nofollow noopener\" target=\"_blank\"> Z\u00e9nith de Rouen &#8211; Le Grand-Quevilly<\/a>Helena &#8211; Tourn\u00e9e en concert \u00e0 Rouen (Z\u00e9nith de Rouen Le Grand-Quevilly), le 15 novembre 2025. Toutes les informations pratiques (tarifs, billetterie, plan de salle) pour ce [\u2026]<a class=\"image\" href=\"https:\/\/www.jds.fr\/rouen\/concerts\/chanson-francaise\/helena-tournee-727244_A\" rel=\"nofollow noopener\" target=\"_blank\"><img decoding=\"async\" loading=\"lazy\" src=\"https:\/\/www.europesays.com\/fr\/wp-content\/uploads\/2025\/08\/1754342647_357_\" width=\"180\" height=\"180\" alt=\"Helena - Tourn\u00e9e\"\/><\/a><\/li>\n<li class=\"col-12 pt-4\" data-view-id-type=\"1\" data-view-id=\"739992\" data-view-bc=\"0\"><a href=\"https:\/\/www.jds.fr\/rouen\/agenda\/chanson-francaise-136_B\" class=\"lh-sm\" rel=\"nofollow noopener\" target=\"_blank\">Chanson fran\u00e7aise \u00e0 Rouen<\/a><a class=\"d-block titre text-black mb-1 mb-md-2\" href=\"https:\/\/www.jds.fr\/rouen\/concerts\/chanson-francaise\/m-pokora-adrenaline-tour-739992_A\" rel=\"nofollow noopener\" target=\"_blank\">M.pokora &#8211; Adrenaline Tour<\/a>Le 16\/11\/2025<a href=\"https:\/\/www.jds.fr\/rouen\/le-grand-quevilly\/salle-de-concert\/zenith-de-rouen-15867_L\" class=\"lieu font-size-14 text-gray-700 d-block lh-sm my-1\" rel=\"nofollow noopener\" target=\"_blank\"> Z\u00e9nith de Rouen &#8211; Le Grand-Quevilly<\/a>M.pokora &#8211; Adrenaline Tour en concert \u00e0 Rouen (Z\u00e9nith de Rouen Le Grand-Quevilly), le 16 novembre 2025. Toutes les informations pratiques (tarifs, billetterie, plan de salle) [\u2026]<a class=\"image\" href=\"https:\/\/www.jds.fr\/rouen\/concerts\/chanson-francaise\/m-pokora-adrenaline-tour-739992_A\" rel=\"nofollow noopener\" target=\"_blank\"><img decoding=\"async\" loading=\"lazy\" src=\"https:\/\/www.europesays.com\/fr\/wp-content\/uploads\/2025\/08\/1754342647_753_\" width=\"180\" height=\"180\" alt=\"M.pokora - Adrenaline Tour\"\/><\/a><\/li>\n<li class=\"col-12 pt-4\" data-view-id-type=\"1\" data-view-id=\"695071\" data-view-bc=\"0\"><a href=\"https:\/\/www.jds.fr\/rouen\/agenda\/chanson-francaise-136_B\" class=\"lh-sm\" rel=\"nofollow noopener\" target=\"_blank\">Chanson fran\u00e7aise \u00e0 Rouen<\/a><a class=\"d-block titre text-black mb-1 mb-md-2\" href=\"https:\/\/www.jds.fr\/rouen\/concerts\/chanson-francaise\/louane-solo-tour-tournee-695071_A\" rel=\"nofollow noopener\" target=\"_blank\">Louane &#8211; Solo Tour &#8211; Tourn\u00e9e<\/a>Le 15\/01\/2026<a href=\"https:\/\/www.jds.fr\/rouen\/le-grand-quevilly\/salle-de-concert\/zenith-de-rouen-15867_L\" class=\"lieu font-size-14 text-gray-700 d-block lh-sm my-1\" rel=\"nofollow noopener\" target=\"_blank\"> Z\u00e9nith de Rouen &#8211; Le Grand-Quevilly<\/a>Louane &#8211; Solo Tour &#8211; Tourn\u00e9e en concert \u00e0 Rouen (Z\u00e9nith de Rouen Le Grand-Quevilly), le 15 janvier 2026. Toutes les informations pratiques (tarifs, billetterie, plan de salle) [\u2026]<a class=\"image\" href=\"https:\/\/www.jds.fr\/rouen\/concerts\/chanson-francaise\/louane-solo-tour-tournee-695071_A\" rel=\"nofollow noopener\" target=\"_blank\"><img decoding=\"async\" loading=\"lazy\" src=\"https:\/\/www.europesays.com\/fr\/wp-content\/uploads\/2025\/08\/1754342648_339_\" width=\"180\" height=\"180\" alt=\"Louane - Solo Tour - Tourn\u00e9e\"\/><\/a><\/li>\n<li class=\"col-12 pt-4\" data-view-id-type=\"1\" data-view-id=\"377875\" data-view-bc=\"0\"><a href=\"https:\/\/www.jds.fr\/rouen\/agenda\/chanson-francaise-136_B\" class=\"lh-sm\" rel=\"nofollow noopener\" target=\"_blank\">Chanson fran\u00e7aise \u00e0 Rouen<\/a><a class=\"d-block titre text-black mb-1 mb-md-2\" href=\"https:\/\/www.jds.fr\/rouen\/concerts\/chanson-francaise\/goldmen-tribute-100-goldman-de-goldman-a-fredericks-goldman-jones-tournee-2026-377875_A\" rel=\"nofollow noopener\" target=\"_blank\">Goldmen Tribute 100% Goldman &#8211; De Goldman \u00e0 Fr\u00e9d\u00e9ricks Goldman Jones &#8211; Tourn\u00e9e 2026<\/a>Le 17\/01\/2026<a href=\"https:\/\/www.jds.fr\/rouen\/le-grand-quevilly\/salle-de-concert\/zenith-de-rouen-15867_L\" class=\"lieu font-size-14 text-gray-700 d-block lh-sm my-1\" rel=\"nofollow noopener\" target=\"_blank\"> Z\u00e9nith de Rouen &#8211; Le Grand-Quevilly<\/a>Goldmen Tribute 100% Goldman &#8211; De Goldman \u00e0 Fr\u00e9d\u00e9ricks Goldman Jones &#8211; Tourn\u00e9e 2026 en concert \u00e0 Rouen (Z\u00e9nith de Rouen Le Grand-Quevilly), le 17 janvier 2026. Toutes les [\u2026]<a class=\"image\" href=\"https:\/\/www.jds.fr\/rouen\/concerts\/chanson-francaise\/goldmen-tribute-100-goldman-de-goldman-a-fredericks-goldman-jones-tournee-2026-377875_A\" rel=\"nofollow noopener\" target=\"_blank\"><img decoding=\"async\" loading=\"lazy\" src=\"https:\/\/www.europesays.com\/fr\/wp-content\/uploads\/2025\/08\/1754342648_202_\" width=\"180\" height=\"180\" alt=\"Goldmen Tribute 100% Goldman - De Goldman \u00e0 Fr\u00e9d\u00e9ricks Goldman Jones - Tourn\u00e9e 2026\"\/><\/a><\/li>\n<li class=\"li_gp_div li_gp_div_infeed\"\/>\n<li class=\"col-12 pt-4\" data-view-id-type=\"1\" data-view-id=\"418601\" data-view-bc=\"0\"><a href=\"https:\/\/www.jds.fr\/rouen\/agenda\/chanson-francaise-136_B\" class=\"lh-sm\" rel=\"nofollow noopener\" target=\"_blank\">Chanson fran\u00e7aise \u00e0 Rouen<\/a><a class=\"d-block titre text-black mb-1 mb-md-2\" href=\"https:\/\/www.jds.fr\/rouen\/concerts\/chanson-francaise\/clara-luciani-tournee-418601_A\" rel=\"nofollow noopener\" target=\"_blank\">Clara Luciani &#8211; Tourn\u00e9e<\/a>Le 29\/01\/2026<a href=\"https:\/\/www.jds.fr\/rouen\/le-grand-quevilly\/salle-de-concert\/zenith-de-rouen-15867_L\" class=\"lieu font-size-14 text-gray-700 d-block lh-sm my-1\" rel=\"nofollow noopener\" target=\"_blank\"> Z\u00e9nith de Rouen &#8211; Le Grand-Quevilly<\/a>Clara Luciani &#8211; Tourn\u00e9e en concert \u00e0 Rouen (Z\u00e9nith de Rouen Le Grand-Quevilly), le 29 janvier 2026. Toutes les informations pratiques (tarifs, billetterie, plan de salle) pour [\u2026]<a class=\"image\" href=\"https:\/\/www.jds.fr\/rouen\/concerts\/chanson-francaise\/clara-luciani-tournee-418601_A\" rel=\"nofollow noopener\" target=\"_blank\"><img decoding=\"async\" loading=\"lazy\" src=\"https:\/\/www.europesays.com\/fr\/wp-content\/uploads\/2025\/08\/1754342648_809_\" width=\"180\" height=\"180\" alt=\"Clara Luciani - Tourn\u00e9e\"\/><\/a><\/li>\n<li class=\"col-12 pt-4\" data-view-id-type=\"1\" data-view-id=\"541230\" data-view-bc=\"0\"><a href=\"https:\/\/www.jds.fr\/rouen\/agenda\/chanson-francaise-136_B\" class=\"lh-sm\" rel=\"nofollow noopener\" target=\"_blank\">Chanson fran\u00e7aise \u00e0 Rouen<\/a><a class=\"d-block titre text-black mb-1 mb-md-2\" href=\"https:\/\/www.jds.fr\/rouen\/concerts\/chanson-francaise\/generation-celine-t-aimer-encore-tournee-541230_A\" rel=\"nofollow noopener\" target=\"_blank\">G\u00e9n\u00e9ration C\u00e9line &#8211; T&rsquo;aimer encore &#8211; Tourn\u00e9e<\/a>Le 05\/02\/2026<a href=\"https:\/\/www.jds.fr\/rouen\/le-grand-quevilly\/salle-de-concert\/zenith-de-rouen-15867_L\" class=\"lieu font-size-14 text-gray-700 d-block lh-sm my-1\" rel=\"nofollow noopener\" target=\"_blank\"> Z\u00e9nith de Rouen &#8211; Le Grand-Quevilly<\/a>G\u00e9n\u00e9ration C\u00e9line &#8211; T&rsquo;aimer encore &#8211; Tourn\u00e9e en concert \u00e0 Rouen (Z\u00e9nith de Rouen Le Grand-Quevilly), le 5 f\u00e9vrier 2026. Toutes les informations pratiques (tarifs, [\u2026]<a class=\"image\" href=\"https:\/\/www.jds.fr\/rouen\/concerts\/chanson-francaise\/generation-celine-t-aimer-encore-tournee-541230_A\" rel=\"nofollow noopener\" target=\"_blank\"><img decoding=\"async\" loading=\"lazy\" src=\"https:\/\/www.europesays.com\/fr\/wp-content\/uploads\/2025\/08\/1754342649_27_\" width=\"180\" height=\"180\" alt=\"G\u00e9n\u00e9ration C\u00e9line - T'aimer encore - Tourn\u00e9e\"\/><\/a><\/li>\n<li class=\"col-12 pt-4\" data-view-id-type=\"1\" data-view-id=\"946379\" data-view-bc=\"0\"><a href=\"https:\/\/www.jds.fr\/rouen\/agenda\/chanson-francaise-136_B\" class=\"lh-sm\" rel=\"nofollow noopener\" target=\"_blank\">Chanson fran\u00e7aise \u00e0 Rouen<\/a><a class=\"d-block titre text-black mb-1 mb-md-2\" href=\"https:\/\/www.jds.fr\/rouen\/concerts\/chanson-francaise\/balavoine-ma-bataille-946379_A\" rel=\"nofollow noopener\" target=\"_blank\">Balavoine, Ma Bataille<\/a>Le 10\/02\/2026<a href=\"https:\/\/www.jds.fr\/rouen\/le-grand-quevilly\/salle-de-concert\/zenith-de-rouen-15867_L\" class=\"lieu font-size-14 text-gray-700 d-block lh-sm my-1\" rel=\"nofollow noopener\" target=\"_blank\"> Z\u00e9nith de Rouen &#8211; Le Grand-Quevilly<\/a>Balavoine, Ma Bataille en concert \u00e0 Rouen (Z\u00e9nith de Rouen Le Grand-Quevilly), le 10 f\u00e9vrier 2026. Toutes les informations pratiques (tarifs, billetterie, plan de salle) pour ce [\u2026]<a class=\"image\" href=\"https:\/\/www.jds.fr\/rouen\/concerts\/chanson-francaise\/balavoine-ma-bataille-946379_A\" rel=\"nofollow noopener\" target=\"_blank\"><img decoding=\"async\" loading=\"lazy\" src=\"https:\/\/www.europesays.com\/fr\/wp-content\/uploads\/2025\/08\/1754342649_140_\" width=\"180\" height=\"180\" alt=\"Balavoine, Ma Bataille\"\/><\/a><\/li>\n<li class=\"col-12 pt-4\" data-view-id-type=\"1\" data-view-id=\"662689\" data-view-bc=\"0\"><a href=\"https:\/\/www.jds.fr\/rouen\/agenda\/chanson-francaise-136_B\" class=\"lh-sm\" rel=\"nofollow noopener\" target=\"_blank\">Chanson fran\u00e7aise \u00e0 Rouen<\/a><a class=\"d-block titre text-black mb-1 mb-md-2\" href=\"https:\/\/www.jds.fr\/rouen\/concerts\/chanson-francaise\/kendji-girac-les-10-ans-tournee-662689_A\" rel=\"nofollow noopener\" target=\"_blank\">Kendji Girac &#8211; les 10 Ans &#8211; Tourn\u00e9e<\/a>Du 11\/02\/2026 au 31\/05\/2026<a href=\"https:\/\/www.jds.fr\/rouen\/le-grand-quevilly\/salle-de-concert\/zenith-de-rouen-15867_L\" class=\"lieu font-size-14 text-gray-700 d-block lh-sm my-1\" rel=\"nofollow noopener\" target=\"_blank\"> Z\u00e9nith de Rouen &#8211; Le Grand-Quevilly<\/a>Kendji Girac &#8211; les 10 Ans &#8211; Tourn\u00e9e en concert \u00e0 Rouen (Z\u00e9nith de Rouen Le Grand-Quevilly), les 11 f\u00e9vrier 2026 et 31 mai 2026. Toutes les informations pratiques (tarifs, [\u2026]<a class=\"image\" href=\"https:\/\/www.jds.fr\/rouen\/concerts\/chanson-francaise\/kendji-girac-les-10-ans-tournee-662689_A\" rel=\"nofollow noopener\" target=\"_blank\"><img decoding=\"async\" loading=\"lazy\" src=\"https:\/\/www.europesays.com\/fr\/wp-content\/uploads\/2025\/08\/1754342650_999_\" width=\"180\" height=\"180\" alt=\"Kendji Girac - les 10 Ans - Tourn\u00e9e\"\/><\/a><\/li>\n<li class=\"li_gp_div li_gp_div_infeed\"\/>\n<li class=\"col-12 pt-4\" data-view-id-type=\"1\" data-view-id=\"752805\" data-view-bc=\"0\"><a href=\"https:\/\/www.jds.fr\/rouen\/agenda\/chanson-francaise-136_B\" class=\"lh-sm\" rel=\"nofollow noopener\" target=\"_blank\">Chanson fran\u00e7aise \u00e0 Rouen<\/a><a class=\"d-block titre text-black mb-1 mb-md-2\" href=\"https:\/\/www.jds.fr\/rouen\/concerts\/chanson-francaise\/florent-pagny-le-retour-tournee-752805_A\" rel=\"nofollow noopener\" target=\"_blank\">Florent Pagny &#8211; Le Retour &#8211; Tourn\u00e9e<\/a>Du 16\/02\/2026 au 22\/02\/2026<a href=\"https:\/\/www.jds.fr\/rouen\/le-grand-quevilly\/salle-de-concert\/zenith-de-rouen-15867_L\" class=\"lieu font-size-14 text-gray-700 d-block lh-sm my-1\" rel=\"nofollow noopener\" target=\"_blank\"> Z\u00e9nith de Rouen &#8211; Le Grand-Quevilly<\/a>Florent Pagny &#8211; Le Retour &#8211; Tourn\u00e9e en concert \u00e0 Rouen (Z\u00e9nith de Rouen Le Grand-Quevilly), du 16 f\u00e9vrier 2026 au 22 f\u00e9vrier 2026. Toutes les informations pratiques (tarifs, [\u2026]<a class=\"image\" href=\"https:\/\/www.jds.fr\/rouen\/concerts\/chanson-francaise\/florent-pagny-le-retour-tournee-752805_A\" rel=\"nofollow noopener\" target=\"_blank\"><img decoding=\"async\" loading=\"lazy\" src=\"https:\/\/www.europesays.com\/fr\/wp-content\/uploads\/2025\/08\/1754342650_977_\" width=\"180\" height=\"180\" alt=\"Florent Pagny - Le Retour - Tourn\u00e9e\"\/><\/a><\/li>\n<li class=\"col-12 pt-4\" data-view-id-type=\"1\" data-view-id=\"691810\" data-view-bc=\"0\"><a href=\"https:\/\/www.jds.fr\/rouen\/agenda\/chanson-francaise-136_B\" class=\"lh-sm\" rel=\"nofollow noopener\" target=\"_blank\">Chanson fran\u00e7aise \u00e0 Rouen<\/a><a class=\"d-block titre text-black mb-1 mb-md-2\" href=\"https:\/\/www.jds.fr\/rouen\/concerts\/chanson-francaise\/i-gotta-feeling-la-tournee-des-annees-2000-691810_A\" rel=\"nofollow noopener\" target=\"_blank\">I Gotta Feeling &#8211; La tourn\u00e9e des ann\u00e9es 2000<\/a>Le 27\/02\/2026<a href=\"https:\/\/www.jds.fr\/rouen\/le-grand-quevilly\/salle-de-concert\/zenith-de-rouen-15867_L\" class=\"lieu font-size-14 text-gray-700 d-block lh-sm my-1\" rel=\"nofollow noopener\" target=\"_blank\"> Z\u00e9nith de Rouen &#8211; Le Grand-Quevilly<\/a>I Gotta Feeling &#8211; La tourn\u00e9e des ann\u00e9es 2000 en concert \u00e0 Rouen (Z\u00e9nith de Rouen Le Grand-Quevilly), le 27 f\u00e9vrier 2026. Toutes les informations pratiques (tarifs, [\u2026]<a class=\"image\" href=\"https:\/\/www.jds.fr\/rouen\/concerts\/chanson-francaise\/i-gotta-feeling-la-tournee-des-annees-2000-691810_A\" rel=\"nofollow noopener\" target=\"_blank\"><img decoding=\"async\" loading=\"lazy\" src=\"https:\/\/www.europesays.com\/fr\/wp-content\/uploads\/2025\/08\/1754342651_59_\" width=\"180\" height=\"180\" alt=\"I Gotta Feeling - La tourn\u00e9e des ann\u00e9es 2000\"\/><\/a><\/li>\n<li class=\"col-12 pt-4\" data-view-id-type=\"1\" data-view-id=\"897248\" data-view-bc=\"0\"><a href=\"https:\/\/www.jds.fr\/rouen\/agenda\/chanson-francaise-136_B\" class=\"lh-sm\" rel=\"nofollow noopener\" target=\"_blank\">Chanson fran\u00e7aise \u00e0 Rouen<\/a><a class=\"d-block titre text-black mb-1 mb-md-2\" href=\"https:\/\/www.jds.fr\/rouen\/concerts\/chanson-francaise\/jean-baptiste-guegan-johnny-le-show-d-une-vie-tournee-897248_A\" rel=\"nofollow noopener\" target=\"_blank\">Jean-Baptiste Gu\u00e9gan &#8211;  Johnny, le Show d&rsquo;Une Vie &#8211; Tourn\u00e9e<\/a>Le 13\/03\/2026<a href=\"https:\/\/www.jds.fr\/rouen\/le-grand-quevilly\/salle-de-concert\/zenith-de-rouen-15867_L\" class=\"lieu font-size-14 text-gray-700 d-block lh-sm my-1\" rel=\"nofollow noopener\" target=\"_blank\"> Z\u00e9nith de Rouen &#8211; Le Grand-Quevilly<\/a>Jean-Baptiste Gu\u00e9gan &#8211;  Johnny, le Show d&rsquo;Une Vie &#8211; Tourn\u00e9e en concert \u00e0 Rouen (Z\u00e9nith de Rouen Le Grand-Quevilly), le 13 mars 2026. Toutes les informations pratiques (tarifs, [\u2026]<a class=\"image\" href=\"https:\/\/www.jds.fr\/rouen\/concerts\/chanson-francaise\/jean-baptiste-guegan-johnny-le-show-d-une-vie-tournee-897248_A\" rel=\"nofollow noopener\" target=\"_blank\"><img decoding=\"async\" loading=\"lazy\" src=\"https:\/\/www.europesays.com\/fr\/wp-content\/uploads\/2025\/08\/1754342651_79_\" width=\"180\" height=\"180\" alt=\"Jean-Baptiste Gu\u00e9gan -  Johnny, le Show d'Une Vie - Tourn\u00e9e\"\/><\/a><\/li>\n<li class=\"col-12 pt-4\" data-view-id-type=\"1\" data-view-id=\"544043\" data-view-bc=\"0\"><a href=\"https:\/\/www.jds.fr\/rouen\/agenda\/chanson-francaise-136_B\" class=\"lh-sm\" rel=\"nofollow noopener\" target=\"_blank\">Chanson fran\u00e7aise \u00e0 Rouen<\/a><a class=\"d-block titre text-black mb-1 mb-md-2\" href=\"https:\/\/www.jds.fr\/rouen\/concerts\/chanson-francaise\/santa-tournee-544043_A\" rel=\"nofollow noopener\" target=\"_blank\">Santa &#8211; Tourn\u00e9e<\/a>Le 24\/03\/2026<a href=\"https:\/\/www.jds.fr\/rouen\/le-grand-quevilly\/salle-de-concert\/zenith-de-rouen-15867_L\" class=\"lieu font-size-14 text-gray-700 d-block lh-sm my-1\" rel=\"nofollow noopener\" target=\"_blank\"> Z\u00e9nith de Rouen &#8211; Le Grand-Quevilly<\/a>Santa &#8211; Tourn\u00e9e en concert \u00e0 Rouen (Z\u00e9nith de Rouen Le Grand-Quevilly), le 24 mars 2026. Toutes les informations pratiques (tarifs, billetterie, plan de salle) pour ce concert [\u2026]<a class=\"image\" href=\"https:\/\/www.jds.fr\/rouen\/concerts\/chanson-francaise\/santa-tournee-544043_A\" rel=\"nofollow noopener\" target=\"_blank\"><img decoding=\"async\" loading=\"lazy\" src=\"https:\/\/www.europesays.com\/fr\/wp-content\/uploads\/2025\/08\/1754342651_984_\" width=\"180\" height=\"180\" alt=\"Santa - Tourn\u00e9e\"\/><\/a><\/li>\n<li class=\"li_gp_div li_gp_div_infeed\"\/>\n<li class=\"col-12 pt-4\" data-view-id-type=\"1\" data-view-id=\"1014076\" data-view-bc=\"0\"><a href=\"https:\/\/www.jds.fr\/rouen\/agenda\/chanson-francaise-136_B\" class=\"lh-sm\" rel=\"nofollow noopener\" target=\"_blank\">Chanson fran\u00e7aise \u00e0 Rouen<\/a><a class=\"d-block titre text-black mb-1 mb-md-2\" href=\"https:\/\/www.jds.fr\/rouen\/concerts\/chanson-francaise\/stars-80-forever-1014076_A\" rel=\"nofollow noopener\" target=\"_blank\">Stars 80 &#8211; Forever<\/a>Le 25\/03\/2026<a href=\"https:\/\/www.jds.fr\/rouen\/le-grand-quevilly\/salle-de-concert\/zenith-de-rouen-15867_L\" class=\"lieu font-size-14 text-gray-700 d-block lh-sm my-1\" rel=\"nofollow noopener\" target=\"_blank\"> Z\u00e9nith de Rouen &#8211; Le Grand-Quevilly<\/a>Stars 80 &#8211; Forever en concert \u00e0 Rouen (Z\u00e9nith de Rouen Le Grand-Quevilly), le 25 mars 2026. Toutes les informations pratiques (tarifs, billetterie, plan de salle) pour ce concert [\u2026]<a class=\"image\" href=\"https:\/\/www.jds.fr\/rouen\/concerts\/chanson-francaise\/stars-80-forever-1014076_A\" rel=\"nofollow noopener\" target=\"_blank\"><img decoding=\"async\" loading=\"lazy\" src=\"https:\/\/www.europesays.com\/fr\/wp-content\/uploads\/2025\/08\/1754342652_50_\" width=\"180\" height=\"180\" alt=\"Stars 80 - Forever\"\/><\/a><\/li>\n<\/ul>\n<p class=\"font-size-30 fw-bold lh-1 mt-0 mb-4\">Je trouve les meilleures sorties dans ma ville<\/p>\n<p class=\"mt-0 mb-3 h2\">Newsletter JDS Rouen<\/p>\n<p class=\"font-size-18 fw-normal lh-sm\">Pr\u00eat pour un week-end de folie\u00a0? Chaque jeudi tous les bons plans sorties<\/p>\n","protected":false},"excerpt":{"rendered":"Le 09\/10\/2025 Z\u00e9nith de Rouen | Le Grand-Quevilly Plusieurs artistes pr\u00e9sents 49 \u20ac &#8211; 79 \u20ac L&rsquo;H\u00e9ritage Goldman&hellip;\n","protected":false},"author":2,"featured_media":296620,"comment_status":"","ping_status":"","sticky":false,"template":"","format":"standard","meta":{"footnotes":""},"categories":[9587],"tags":[1111,11,1777,674,1011,27,12,5161,25,9590],"class_list":{"0":"post-296619","1":"post","2":"type-post","3":"status-publish","4":"format-standard","5":"has-post-thumbnail","7":"category-rouen","8":"tag-actu","9":"tag-actualites","10":"tag-eu","11":"tag-europe","12":"tag-fr","13":"tag-france","14":"tag-news","15":"tag-normandie","16":"tag-republique-francaise","17":"tag-rouen"},"share_on_mastodon":{"url":"https:\/\/pubeurope.com\/@fr\/114972607882781166","error":""},"_links":{"self":[{"href":"https:\/\/www.europesays.com\/fr\/wp-json\/wp\/v2\/posts\/296619","targetHints":{"allow":["GET"]}}],"collection":[{"href":"https:\/\/www.europesays.com\/fr\/wp-json\/wp\/v2\/posts"}],"about":[{"href":"https:\/\/www.europesays.com\/fr\/wp-json\/wp\/v2\/types\/post"}],"author":[{"embeddable":true,"href":"https:\/\/www.europesays.com\/fr\/wp-json\/wp\/v2\/users\/2"}],"replies":[{"embeddable":true,"href":"https:\/\/www.europesays.com\/fr\/wp-json\/wp\/v2\/comments?post=296619"}],"version-history":[{"count":0,"href":"https:\/\/www.europesays.com\/fr\/wp-json\/wp\/v2\/posts\/296619\/revisions"}],"wp:featuredmedia":[{"embeddable":true,"href":"https:\/\/www.europesays.com\/fr\/wp-json\/wp\/v2\/media\/296620"}],"wp:attachment":[{"href":"https:\/\/www.europesays.com\/fr\/wp-json\/wp\/v2\/media?parent=296619"}],"wp:term":[{"taxonomy":"category","embeddable":true,"href":"https:\/\/www.europesays.com\/fr\/wp-json\/wp\/v2\/categories?post=296619"},{"taxonomy":"post_tag","embeddable":true,"href":"https:\/\/www.europesays.com\/fr\/wp-json\/wp\/v2\/tags?post=296619"}],"curies":[{"name":"wp","href":"https:\/\/api.w.org\/{rel}","templated":true}]}}