{"id":296621,"date":"2025-08-04T21:27:19","date_gmt":"2025-08-04T21:27:19","guid":{"rendered":"https:\/\/www.europesays.com\/fr\/296621\/"},"modified":"2025-08-04T21:27:19","modified_gmt":"2025-08-04T21:27:19","slug":"le-tribunal-administratif-de-grenoble-la-juge-illegale","status":"publish","type":"post","link":"https:\/\/www.europesays.com\/fr\/296621\/","title":{"rendered":"le tribunal administratif de Grenoble la juge ill\u00e9gale"},"content":{"rendered":"<p>Par une d\u00e9cision du 23 juillet 2025, le tribunal administratif de Grenoble a annul\u00e9 l&rsquo;arr\u00eat\u00e9 du 20 septembre 2022 du pr\u00e9fet de la Haute-Savoie portant autorisation de l&rsquo;am\u00e9nagement de la retenue de la Colombi\u00e8re, du pr\u00e9l\u00e8vement d&rsquo;eau de la Goni\u00e8re et du renforcement du r\u00e9seau neige sur la commune de La Clusaz (Haute-Savoie).  <\/p>\n<p>Plusieurs associations\u00a0(1)  et une f\u00e9d\u00e9ration de p\u00eache avaient demand\u00e9 au tribunal administratif d&rsquo;annuler cet arr\u00eat\u00e9. Les requ\u00e9rantes estimaient que le&#8230;<\/p>\n<p>Article publi\u00e9 le 04 ao\u00fbt 2025<\/p>\n","protected":false},"excerpt":{"rendered":"Par une d\u00e9cision du 23 juillet 2025, le tribunal administratif de Grenoble a annul\u00e9 l&rsquo;arr\u00eat\u00e9 du 20 septembre&hellip;\n","protected":false},"author":2,"featured_media":296622,"comment_status":"","ping_status":"","sticky":false,"template":"","format":"standard","meta":{"footnotes":""},"categories":[9566],"tags":[21806,14427,21809,21810,1111,21805,47,11,4763,2965,2813,2430,21811,21807,21804,21808,21818,4858,51,893,436,18315,1777,674,1011,27,2731,21813,21815,6417,12,6334,21812,1800,4048,21816,21814,3887,25,4510,17429,895,21817],"class_list":{"0":"post-296621","1":"post","2":"type-post","3":"status-publish","4":"format-standard","5":"has-post-thumbnail","7":"category-grenoble","8":"tag-cologie","9":"tag-nergie","10":"tag-nergies-renouvelables","11":"tag-olien","12":"tag-actu","13":"tag-actualit","14":"tag-actualite","15":"tag-actualites","16":"tag-agenda","17":"tag-air","18":"tag-article","19":"tag-auvergne-rhone-alpes","20":"tag-biomasse","21":"tag-dchet","22":"tag-dveloppement-durable","23":"tag-dechet","24":"tag-e-zine","25":"tag-eau","26":"tag-ecologie","27":"tag-energie","28":"tag-environnement","29":"tag-eolien","30":"tag-eu","31":"tag-europe","32":"tag-fr","33":"tag-france","34":"tag-grenoble","35":"tag-hse","36":"tag-hygine","37":"tag-information","38":"tag-news","39":"tag-newsletter","40":"tag-photovoltaique","41":"tag-pollution","42":"tag-presse","43":"tag-propret","44":"tag-qse","45":"tag-recyclage","46":"tag-republique-francaise","47":"tag-risque","48":"tag-sol","49":"tag-solaire","50":"tag-webzine"},"share_on_mastodon":{"url":"","error":"Validation failed: Text character limit of 500 exceeded"},"_links":{"self":[{"href":"https:\/\/www.europesays.com\/fr\/wp-json\/wp\/v2\/posts\/296621","targetHints":{"allow":["GET"]}}],"collection":[{"href":"https:\/\/www.europesays.com\/fr\/wp-json\/wp\/v2\/posts"}],"about":[{"href":"https:\/\/www.europesays.com\/fr\/wp-json\/wp\/v2\/types\/post"}],"author":[{"embeddable":true,"href":"https:\/\/www.europesays.com\/fr\/wp-json\/wp\/v2\/users\/2"}],"replies":[{"embeddable":true,"href":"https:\/\/www.europesays.com\/fr\/wp-json\/wp\/v2\/comments?post=296621"}],"version-history":[{"count":0,"href":"https:\/\/www.europesays.com\/fr\/wp-json\/wp\/v2\/posts\/296621\/revisions"}],"wp:featuredmedia":[{"embeddable":true,"href":"https:\/\/www.europesays.com\/fr\/wp-json\/wp\/v2\/media\/296622"}],"wp:attachment":[{"href":"https:\/\/www.europesays.com\/fr\/wp-json\/wp\/v2\/media?parent=296621"}],"wp:term":[{"taxonomy":"category","embeddable":true,"href":"https:\/\/www.europesays.com\/fr\/wp-json\/wp\/v2\/categories?post=296621"},{"taxonomy":"post_tag","embeddable":true,"href":"https:\/\/www.europesays.com\/fr\/wp-json\/wp\/v2\/tags?post=296621"}],"curies":[{"name":"wp","href":"https:\/\/api.w.org\/{rel}","templated":true}]}}