{"id":296627,"date":"2025-08-04T21:31:12","date_gmt":"2025-08-04T21:31:12","guid":{"rendered":"https:\/\/www.europesays.com\/fr\/296627\/"},"modified":"2025-08-04T21:31:12","modified_gmt":"2025-08-04T21:31:12","slug":"rc-strasbourg-le-budget-du-rcsa-cette-saison-2025-2026","status":"publish","type":"post","link":"https:\/\/www.europesays.com\/fr\/296627\/","title":{"rendered":"RC Strasbourg. Le budget du RCSA cette saison 2025-2026"},"content":{"rendered":"<p><img fetchpriority=\"high\" decoding=\"async\" width=\"600\" height=\"400\" src=\"https:\/\/www.europesays.com\/fr\/wp-content\/uploads\/2025\/07\/RC-Strasbourg-Alsace-RCSAillustration.jpg\" alt=\"RC Strasbourg. Le budget du RCSA cette saison 2025-2026\" class=\"wp-image-217721\"  \/>Malgr\u00e9 les al\u00e9as qui frappent la Ligue 1, le RC Strasbourg avance sans regarder dans le r\u00e9tro.<\/p>\n<p>C\u2019est un club \u00e0 contre-courant de son championnat o\u00f9 la majorit\u00e9 des \u00e9quipes se restreint, par la crainte, a minima l\u2019incertitude, qui p\u00e8se sur les retomb\u00e9es des droits de la TV, avec la nouvelle plateforme Ligue1+. Le <a href=\"https:\/\/sportune.20minutes.fr\/rc-strasbourg-rcsa\" target=\"_blank\" rel=\"noopener\">RC Strasbourg<\/a>, soutenu par les moyens de son actionnariat et la strat\u00e9gie calqu\u00e9e sur celle des voisins anglais de <a href=\"https:\/\/sportune.20minutes.fr\/chelsea-fc\" target=\"_blank\" rel=\"noopener\">Chelsea FC<\/a>, avance sans faillir ni montrer de faiblesses pour se renforcer.<\/p>\n<p>Cet \u00e9t\u00e9 encore, <a href=\"https:\/\/sportune.20minutes.fr\/rc-strasbourg-le-rcsa-anticipe-une-perte-record-de-112-me-cette-saison-362091\" target=\"_blank\" rel=\"noopener\">et malgr\u00e9 des pertes financi\u00e8res records envisag\u00e9es en 2025<\/a>, tel que nous le r\u00e9v\u00e9lions en exclusivit\u00e9 sur Sportune, le <a href=\"https:\/\/sportune.20minutes.fr\/rc-strasbourg-rcsa\" target=\"_blank\" rel=\"noopener\">RCSA<\/a> a recrut\u00e9 tous azimuts sur le march\u00e9 des transferts, fid\u00e8le au carnet de route de viser des jeunes \u00e0 tr\u00e8s forts potentiels, sportif et \u00e9conomique, au service du m\u00eame entra\u00eeneur Liam Rosenior, \u00e0 qui confiance a \u00e9t\u00e9 renouvel\u00e9e au printemps dernier.<\/p>\n<p>Un budget qui augmente en m\u00eame temps que l\u2019ambition sportive<\/p>\n<p>Cette mont\u00e9e en puissance du club s\u2019accompagne d\u2019une progression r\u00e9guli\u00e8re du budget. D\u2019un peu plus de 60 millions \u00e0 la centaine, il est pour cette saison 2025-2026 estim\u00e9 proche de 130 millions d\u2019euros. En 2024, au dernier bilan publi\u00e9 par la Direction nationale de contr\u00f4le de gestion, le <a href=\"https:\/\/sportune.20minutes.fr\/rc-strasbourg-rcsa\" target=\"_blank\" rel=\"noopener\">RC Strasbourg<\/a> avait des charges de l\u2019exploitation \u00e0 plus de 100 millions d\u2019euros (106 M\u20ac) et une masse salariale (de 51 M\u20ac) qui pesait tr\u00e8s lourd \u00e0 elle seule, sur le chiffre d\u2019affaires (CA), \u00e0 65 M\u20ac.<\/p>\n<p>Au bilan du 30 juin 2025, sur la saison qui vient de se terminer, ce CA est attendu \u00e0 la baisse, principalement en raison de la baisse des droits TV et de la fin de l\u2019apport de CVC. Une bonne nouvelle n\u00e9anmoins dans l\u2019exercice qui d\u00e9bute, le <a href=\"https:\/\/sportune.20minutes.fr\/rc-strasbourg-rcsa\" target=\"_blank\" rel=\"noopener\">RCSA<\/a> va peut-\u00eatre renouer avec la grande histoire europ\u00e9enne, \u00e0 condition qu\u2019il franchisse le barrage de qualification \u00e0 la Ligue Europa Conf\u00e9rence. Cela offrirait alors de substantiels revenus en plus au club alsacien.<\/p>\n","protected":false},"excerpt":{"rendered":"Malgr\u00e9 les al\u00e9as qui frappent la Ligue 1, le RC Strasbourg avance sans regarder dans le r\u00e9tro. C\u2019est&hellip;\n","protected":false},"author":2,"featured_media":249918,"comment_status":"","ping_status":"","sticky":false,"template":"","format":"standard","meta":{"footnotes":""},"categories":[2820],"tags":[1111,11,1777,674,1011,27,775,12,4448,25,640],"class_list":{"0":"post-296627","1":"post","2":"type-post","3":"status-publish","4":"format-standard","5":"has-post-thumbnail","7":"category-strasbourg","8":"tag-actu","9":"tag-actualites","10":"tag-eu","11":"tag-europe","12":"tag-fr","13":"tag-france","14":"tag-grand-est","15":"tag-news","16":"tag-rc-strasbourg","17":"tag-republique-francaise","18":"tag-strasbourg"},"share_on_mastodon":{"url":"https:\/\/pubeurope.com\/@fr\/114972634880049523","error":""},"_links":{"self":[{"href":"https:\/\/www.europesays.com\/fr\/wp-json\/wp\/v2\/posts\/296627","targetHints":{"allow":["GET"]}}],"collection":[{"href":"https:\/\/www.europesays.com\/fr\/wp-json\/wp\/v2\/posts"}],"about":[{"href":"https:\/\/www.europesays.com\/fr\/wp-json\/wp\/v2\/types\/post"}],"author":[{"embeddable":true,"href":"https:\/\/www.europesays.com\/fr\/wp-json\/wp\/v2\/users\/2"}],"replies":[{"embeddable":true,"href":"https:\/\/www.europesays.com\/fr\/wp-json\/wp\/v2\/comments?post=296627"}],"version-history":[{"count":0,"href":"https:\/\/www.europesays.com\/fr\/wp-json\/wp\/v2\/posts\/296627\/revisions"}],"wp:featuredmedia":[{"embeddable":true,"href":"https:\/\/www.europesays.com\/fr\/wp-json\/wp\/v2\/media\/249918"}],"wp:attachment":[{"href":"https:\/\/www.europesays.com\/fr\/wp-json\/wp\/v2\/media?parent=296627"}],"wp:term":[{"taxonomy":"category","embeddable":true,"href":"https:\/\/www.europesays.com\/fr\/wp-json\/wp\/v2\/categories?post=296627"},{"taxonomy":"post_tag","embeddable":true,"href":"https:\/\/www.europesays.com\/fr\/wp-json\/wp\/v2\/tags?post=296627"}],"curies":[{"name":"wp","href":"https:\/\/api.w.org\/{rel}","templated":true}]}}