{"id":296628,"date":"2025-08-04T21:32:17","date_gmt":"2025-08-04T21:32:17","guid":{"rendered":"https:\/\/www.europesays.com\/fr\/296628\/"},"modified":"2025-08-04T21:32:17","modified_gmt":"2025-08-04T21:32:17","slug":"municipales-2026-le-maire-daspremont-defend-son-bilan-et-ses-projets-puis-annonce-sa-candidature","status":"publish","type":"post","link":"https:\/\/www.europesays.com\/fr\/296628\/","title":{"rendered":"Municipales 2026: le maire d\u2019Aspremont d\u00e9fend son bilan et ses projets puis annonce sa candidature"},"content":{"rendered":"<p>\u00c0 huit mois des \u00e9lections municipales, Pascal Bonsignore se positionne. Le maire d\u2019Aspremont a profit\u00e9 du festin de la f\u00eate patronale de la Saint-Jacques, qui a r\u00e9uni plus de 300 personnes dimanche dernier au c\u0153ur du vieux village, pour multiplier les annonces et prendre date.<\/p>\n<p>Il a d\u2019ailleurs termin\u00e9 son discours en officialisant, pour \u00ab\u00a0terminer les projets structurants engag\u00e9s\u00a0\u00bb et \u00ab\u00a0assurer la continuit\u00e9 en pr\u00e9parant [sa] succession\u00a0\u00bb, sa candidature \u00e0 un deuxi\u00e8me mandat, qu\u2019il promet \u00eatre le dernier, selon une r\u00e8gle personnelle inspir\u00e9e du mod\u00e8le italien. Avant cette annonce, il avait longuement d\u00e9fendu son bilan et pr\u00e9sent\u00e9 ses perspectives.<\/p>\n<p>Ce qui a \u00e9t\u00e9 fait<\/p>\n<p>Le maire a list\u00e9 les op\u00e9rations finalis\u00e9es ces derni\u00e8res semaines: r\u00e9fection du terrain multisport, s\u00e9curisation pi\u00e9tonne et routi\u00e8re de la place Saint-Claude, s\u00e9curisation du quartier du Trier contre les risques d\u2019incendie ou encore installation de la climatisation dans toutes les salles du groupe scolaire.<\/p>\n<p>Il a \u00e9galement vant\u00e9 sa gestion des deniers publics: \u00ab\u00a0haut niveau d\u2019investissement\u00a0\u00bb (9,2 millions d\u2019euros pour 28 op\u00e9rations, financ\u00e9es \u00e0 hauteur de 5,1 millions par des subventions), \u00ab\u00a0stabilit\u00e9\u00a0\u00bb des taux de fiscalit\u00e9, \u00ab\u00a0absence de nouveaux emprunts\u00a0\u00bb et r\u00e9duction \u00ab\u00a0de 50%\u00a0\u00bb de l\u2019encours de la dette.<\/p>\n<p>Ce qui est en cours<\/p>\n<p>Pascal Bonsignore a \u00e9galement \u00e9gren\u00e9 la liste des chantiers en cours. P\u00eale-m\u00eale: am\u00e9nagement du square Saint-Claude, \u00e9largissement du chemin Eug\u00e8ne-Grec, projet de restauration de la b\u00e2tisse du domaine agricole de la Prairie avec cr\u00e9ation d\u2019une salle p\u00e9dagogique, installation de 24 ruches par un apiculteur b\u00e9lv\u00e9derois et fourniture de produits agricoles \u00e0 la cr\u00e8che (le groupe scolaire devrait suivre) ou encore introduction, au 1er septembre, d\u2019un pain sp\u00e9cial au levain pour les enfants du groupe scolaire.<\/p>\n<p>Il a \u00e9voqu\u00e9 \u00e9galement les travaux de renforcement des r\u00e9seaux d\u2019eau potable et de d\u00e9fense incendie dans les quartiers des Cabanes-Bl\u00e9tonni\u00e8res, de Saint-Simon et des Ginestes, l\u2019acquisition par la commune d\u2019un b\u00e2timent situ\u00e9 au 143, route de Colomars, \u00ab\u00a0verrue\u00a0\u00bb qui sera d\u00e9truite en octobre.<\/p>\n<p>Ce qui est pr\u00e9vu<\/p>\n<p>Enfin, le maire a \u00e9voqu\u00e9 les projets encore dans les cartons: la r\u00e9fection des terrains de tennis, le r\u00e9am\u00e9nagement attendu du jardin d\u2019enfants apr\u00e8s concertation avec les usagers et l\u2019association d\u2019assistantes maternelles, ainsi que l\u2019extension du cimeti\u00e8re sud.<\/p>\n<p>              <img ci-src=\"https:\/\/www.nicematin.com\/vie-locale\/protec\/DATA_ART_16023079-56s842kO.jpg?vh=08eac3&amp;ci_seal=fbc123c71d\" alt=\"\"\/><br \/>\n         <strong>Photo A. M.-B..<\/strong> <\/p>\n<p>Deux projets structurants ont \u00e9galement \u00e9t\u00e9 pr\u00e9sent\u00e9s comme vot\u00e9s et financ\u00e9s: l\u2019extension et la mise aux normes de la mairie, avec cr\u00e9ation d\u2019une m\u00e9diath\u00e8que de 170m\u00b2, et la sur\u00e9l\u00e9vation du parking de la Valli\u00e8re, projet plus modeste que celui inscrit au plan m\u00e9tropolitain, avec livraison pr\u00e9vue fin 2026.<\/p>\n<p>Il a \u00e9galement mentionn\u00e9 trois temps forts de la rentr\u00e9e: le lancement d\u2019un cin\u00e9ma itin\u00e9rant, la cr\u00e9ation d\u2019une balade musicale et la pr\u00e9sence hebdomadaire d\u2019un \u00e9ducateur sportif dans les classes.<\/p>\n<p>Un garde champ\u00eatre recrut\u00e9<\/p>\n<p>Le maire d\u2019Aspremont a profit\u00e9 de son discours pour introniser Marc Gastaud, agent communal recrut\u00e9 au 1er ao\u00fbt.<\/p>\n<p>Ancien militaire dans les chasseurs alpins, il a effectu\u00e9 plusieurs op\u00e9rations ext\u00e9rieures avant de devenir sapeur forestier au sein de FORCE 06. Fonctionnaire territorial au conseil d\u00e9partemental et sapeur-pompier volontaire \u00e0 Castagniers, Marc Gastaud est missionn\u00e9 pour \u00ab\u00a0lancer la police locale\u00a0\u00bb d\u00e8s son entr\u00e9e en fonction, puis \u00ab\u00a0finaliser la police rurale\u00a0\u00bb.<\/p>\n<p>Il portera le titre d\u2019agent de s\u00e9curit\u00e9 de la voirie publique.<\/p>\n<p>Ses domaines d\u2019intervention: surveillance de la voie publique, des parcs et jardins, et des abords du groupe scolaire; application des arr\u00eat\u00e9s municipaux et de la r\u00e9glementation du stationnement; \u00e9tablissement de proc\u00e8s-verbaux d\u2019infraction; relations de proximit\u00e9 avec les administr\u00e9s; supervision de la vid\u00e9oprotection, en lien avec la gendarmerie nationale; coordination de la r\u00e9serve communale de s\u00e9curit\u00e9 civile (en cours de cr\u00e9ation).<\/p>\n<p>Il exercera in fine les fonctions de garde champ\u00eatre, avec, selon les mots du maire, \u00ab\u00a0des pouvoirs tr\u00e8s \u00e9tendus, au-del\u00e0 de ceux d\u2019un policier municipal\u00a0\u00bb.<\/p>\n","protected":false},"excerpt":{"rendered":"\u00c0 huit mois des \u00e9lections municipales, Pascal Bonsignore se positionne. Le maire d\u2019Aspremont a profit\u00e9 du festin de&hellip;\n","protected":false},"author":2,"featured_media":296629,"comment_status":"","ping_status":"","sticky":false,"template":"","format":"standard","meta":{"footnotes":""},"categories":[2819],"tags":[1111,11,1777,674,1011,27,12,2401,882,25,3366],"class_list":{"0":"post-296628","1":"post","2":"type-post","3":"status-publish","4":"format-standard","5":"has-post-thumbnail","7":"category-nice","8":"tag-actu","9":"tag-actualites","10":"tag-eu","11":"tag-europe","12":"tag-fr","13":"tag-france","14":"tag-news","15":"tag-nice","16":"tag-provence-alpes-cote-dazur","17":"tag-republique-francaise","18":"tag-vie-locale"},"share_on_mastodon":{"url":"https:\/\/pubeurope.com\/@fr\/114972638842720347","error":""},"_links":{"self":[{"href":"https:\/\/www.europesays.com\/fr\/wp-json\/wp\/v2\/posts\/296628","targetHints":{"allow":["GET"]}}],"collection":[{"href":"https:\/\/www.europesays.com\/fr\/wp-json\/wp\/v2\/posts"}],"about":[{"href":"https:\/\/www.europesays.com\/fr\/wp-json\/wp\/v2\/types\/post"}],"author":[{"embeddable":true,"href":"https:\/\/www.europesays.com\/fr\/wp-json\/wp\/v2\/users\/2"}],"replies":[{"embeddable":true,"href":"https:\/\/www.europesays.com\/fr\/wp-json\/wp\/v2\/comments?post=296628"}],"version-history":[{"count":0,"href":"https:\/\/www.europesays.com\/fr\/wp-json\/wp\/v2\/posts\/296628\/revisions"}],"wp:featuredmedia":[{"embeddable":true,"href":"https:\/\/www.europesays.com\/fr\/wp-json\/wp\/v2\/media\/296629"}],"wp:attachment":[{"href":"https:\/\/www.europesays.com\/fr\/wp-json\/wp\/v2\/media?parent=296628"}],"wp:term":[{"taxonomy":"category","embeddable":true,"href":"https:\/\/www.europesays.com\/fr\/wp-json\/wp\/v2\/categories?post=296628"},{"taxonomy":"post_tag","embeddable":true,"href":"https:\/\/www.europesays.com\/fr\/wp-json\/wp\/v2\/tags?post=296628"}],"curies":[{"name":"wp","href":"https:\/\/api.w.org\/{rel}","templated":true}]}}