{"id":296630,"date":"2025-08-04T21:33:14","date_gmt":"2025-08-04T21:33:14","guid":{"rendered":"https:\/\/www.europesays.com\/fr\/296630\/"},"modified":"2025-08-04T21:33:14","modified_gmt":"2025-08-04T21:33:14","slug":"un-attaquant-recale-a-la-visite-medicale-par-logc-nice-france-ogc-nice","status":"publish","type":"post","link":"https:\/\/www.europesays.com\/fr\/296630\/","title":{"rendered":"Un attaquant recal\u00e9 \u00e0 la visite m\u00e9dicale par l&rsquo;OGC Nice &#8211; France &#8211; OGC Nice"},"content":{"rendered":"<p>Probl\u00e8me \u00e0 la visite m\u00e9dicale\u2026 ou pour enregistrer son nom aupr\u00e8s de la Ligue ?<\/p>\n<p><strong>L\u2019avant-centre Ransford-Yeboah K\u00f6nigsd\u00f6rffer, propri\u00e9t\u00e9 d\u2019Hambourg<\/strong> (D2 allemande), <strong>devait signer \u00e0 Nice<\/strong> en ce d\u00e9but de semaine. Mais <a target=\"_blank\" href=\"https:\/\/rmcsport.bfmtv.com\/football\/clubs\/ogc-nice\/mercato-nice-annule-le-transfert-de-konigsdorffer-a-cause-d-un-probleme-a-la-visite-medicale_AV-202508040458.html\" rel=\"noopener nofollow\">selon plusieurs m\u00e9dias<\/a>, <strong>la visite m\u00e9dicale ne s\u2019est pas r\u00e9v\u00e9l\u00e9e satisfaisante<\/strong> \u2013 apr\u00e8s des examens compl\u00e9mentaires \u2013 et tout a \u00e9t\u00e9 annul\u00e9, le club azur\u00e9en pr\u00e9f\u00e9rant ne prendre aucun risque. Il s\u2019agirait d\u2019un probl\u00e8me au m\u00e9nisque, <a target=\"_blank\" href=\"https:\/\/www.lequipe.fr\/Football\/Actualites\/L-attaquant-ransford-yeboah-konigsdorffer-rejoindra-finalement-pas-l-ogc-nice\/1583132\" rel=\"noopener nofollow\">rapporte L\u2019\u00c9quipe<\/a>. \u00c0 23 ans, K\u00f6nigsd\u00f6rffer sort d\u2019un exercice \u00e0 14 buts en 32 matchs de 2. Bundesliga, et compte 6 s\u00e9lections avec l\u2019\u00e9quipe du Ghana (aucun but).<\/p>\n<p>L\u2019attaquant devait \u00eatre dans le groupe pour affronter Benfica, jeudi, au troisi\u00e8me tour pr\u00e9liminaire de C1\u2026<\/p>\n<p>\t\t\t\t\t\t\t\t\t\t<a class=\"lien-connexe\" href=\"https:\/\/www.sofoot.com\/breves\/mercato-goncalo-guedes-quitte-wolverhampton-pour-la-real-sociedad\" rel=\"nofollow noopener\" target=\"_blank\">Gon\u00e7alo Guedes revient en Espagne<\/a>\t\t\t\t\t<\/p>\n","protected":false},"excerpt":{"rendered":"Probl\u00e8me \u00e0 la visite m\u00e9dicale\u2026 ou pour enregistrer son nom aupr\u00e8s de la Ligue ? L\u2019avant-centre Ransford-Yeboah K\u00f6nigsd\u00f6rffer,&hellip;\n","protected":false},"author":2,"featured_media":296631,"comment_status":"","ping_status":"","sticky":false,"template":"","format":"standard","meta":{"footnotes":""},"categories":[2819],"tags":[1111,47,11,61,69,65,64,1777,674,63,1011,27,68,66,12,62,2401,70,882,25,67],"class_list":{"0":"post-296630","1":"post","2":"type-post","3":"status-publish","4":"format-standard","5":"has-post-thumbnail","7":"category-nice","8":"tag-actu","9":"tag-actualite","10":"tag-actualites","11":"tag-actus-football","12":"tag-bundesliga","13":"tag-championnats-europeens","14":"tag-equipe-de-france","15":"tag-eu","16":"tag-europe","17":"tag-football","18":"tag-fr","19":"tag-france","20":"tag-ligua","21":"tag-ligue-1","22":"tag-news","23":"tag-news-foot","24":"tag-nice","25":"tag-premier-league","26":"tag-provence-alpes-cote-dazur","27":"tag-republique-francaise","28":"tag-serie-a"},"share_on_mastodon":{"url":"https:\/\/pubeurope.com\/@fr\/114972642790546777","error":""},"_links":{"self":[{"href":"https:\/\/www.europesays.com\/fr\/wp-json\/wp\/v2\/posts\/296630","targetHints":{"allow":["GET"]}}],"collection":[{"href":"https:\/\/www.europesays.com\/fr\/wp-json\/wp\/v2\/posts"}],"about":[{"href":"https:\/\/www.europesays.com\/fr\/wp-json\/wp\/v2\/types\/post"}],"author":[{"embeddable":true,"href":"https:\/\/www.europesays.com\/fr\/wp-json\/wp\/v2\/users\/2"}],"replies":[{"embeddable":true,"href":"https:\/\/www.europesays.com\/fr\/wp-json\/wp\/v2\/comments?post=296630"}],"version-history":[{"count":0,"href":"https:\/\/www.europesays.com\/fr\/wp-json\/wp\/v2\/posts\/296630\/revisions"}],"wp:featuredmedia":[{"embeddable":true,"href":"https:\/\/www.europesays.com\/fr\/wp-json\/wp\/v2\/media\/296631"}],"wp:attachment":[{"href":"https:\/\/www.europesays.com\/fr\/wp-json\/wp\/v2\/media?parent=296630"}],"wp:term":[{"taxonomy":"category","embeddable":true,"href":"https:\/\/www.europesays.com\/fr\/wp-json\/wp\/v2\/categories?post=296630"},{"taxonomy":"post_tag","embeddable":true,"href":"https:\/\/www.europesays.com\/fr\/wp-json\/wp\/v2\/tags?post=296630"}],"curies":[{"name":"wp","href":"https:\/\/api.w.org\/{rel}","templated":true}]}}