{"id":296632,"date":"2025-08-04T21:34:15","date_gmt":"2025-08-04T21:34:15","guid":{"rendered":"https:\/\/www.europesays.com\/fr\/296632\/"},"modified":"2025-08-04T21:34:15","modified_gmt":"2025-08-04T21:34:15","slug":"chateau-de-bougon-au-sud-de-nantes-cest-le-quatrieme-incendie-dans-cette-zone-2","status":"publish","type":"post","link":"https:\/\/www.europesays.com\/fr\/296632\/","title":{"rendered":"Ch\u00e2teau de Bougon au sud de Nantes : \u00ab C\u2019est le quatri\u00e8me incendie dans cette zone \u00bb"},"content":{"rendered":"<p><a href=\"https:\/\/nantes.maville.com\/actu\/actudet_-le-vieux-chateau-de-bougon-en-proie-aux-flammes-ce-dimanche-soir-au-sud-de-nantes-_8-6923385_actu.Htm\" target=\"_blank\" rel=\"noopener\">L\u2019incendie qui a ravag\u00e9 la toiture et les planchers du ch\u00e2teau de Bougon dans la soir\u00e9e du dimanche 3\u00a0ao\u00fbt 2025<\/a>, soul\u00e8ve de nombreuses questions\u00a0: \u00ab\u00a0C\u2019est le quatri\u00e8me incendie dans cette zone, souligne Jean-Fran\u00e7ois Le Clerc pr\u00e9sident de l\u2019association A\u00e9roscope Atlantique. Alors que ce terrain est s\u00e9curis\u00e9 et situ\u00e9 sur l\u2019emprise de l\u2019a\u00e9roport de Nantes Atlantique. En 2007, d\u00e9j\u00e0 un incendie avait touch\u00e9 le ch\u00e2teau.<\/p>\n<p>\u00ab Ce nouvel incendie relance la question \u00bb<\/p>\n<p>Deux hangars ont aussi \u00e9t\u00e9 incendi\u00e9s dans la zone dont l\u2019un en 2019 a entra\u00een\u00e9 des pertes inestimables pour l\u2019association les A\u00e9roplanes 44.\u00a0\u00bb L\u2019association a notamment perdu un Pou du ciel datant de 1935 et le moteur d\u2019avion d\u2019Alexis Maneyrol (1891-1923), le c\u00e9l\u00e8bre aviateur originaire de Frossay. \u00c0 l\u2019\u00e9poque, l\u2019incendie avait \u00e9t\u00e9 class\u00e9 comme volontaire puisque le hangar qui servait de lieu de stockage ne contenait ni essence ni gaz ni solvant. \u00ab\u00a0C\u2019est \u00e9tonnant que les enqu\u00eates n\u2019aient rien donn\u00e9 \u00e0 l\u2019\u00e9poque. Ce nouvel incendie relance la question.\u00a0\u00bb<\/p>\n<p>\u00a0<\/p>\n","protected":false},"excerpt":{"rendered":"L\u2019incendie qui a ravag\u00e9 la toiture et les planchers du ch\u00e2teau de Bougon dans la soir\u00e9e du dimanche&hellip;\n","protected":false},"author":2,"featured_media":296405,"comment_status":"","ping_status":"","sticky":false,"template":"","format":"standard","meta":{"footnotes":""},"categories":[2818],"tags":[1111,11,43561,4811,1777,674,1011,27,1310,766,12,2636,25,7053,8436],"class_list":{"0":"post-296632","1":"post","2":"type-post","3":"status-publish","4":"format-standard","5":"has-post-thumbnail","7":"category-nantes","8":"tag-actu","9":"tag-actualites","10":"tag-bougon","11":"tag-chateau","12":"tag-eu","13":"tag-europe","14":"tag-fr","15":"tag-france","16":"tag-incendie","17":"tag-nantes","18":"tag-news","19":"tag-pays-de-la-loire","20":"tag-republique-francaise","21":"tag-sud","22":"tag-zone"},"share_on_mastodon":{"url":"https:\/\/pubeurope.com\/@fr\/114972646666909617","error":""},"_links":{"self":[{"href":"https:\/\/www.europesays.com\/fr\/wp-json\/wp\/v2\/posts\/296632","targetHints":{"allow":["GET"]}}],"collection":[{"href":"https:\/\/www.europesays.com\/fr\/wp-json\/wp\/v2\/posts"}],"about":[{"href":"https:\/\/www.europesays.com\/fr\/wp-json\/wp\/v2\/types\/post"}],"author":[{"embeddable":true,"href":"https:\/\/www.europesays.com\/fr\/wp-json\/wp\/v2\/users\/2"}],"replies":[{"embeddable":true,"href":"https:\/\/www.europesays.com\/fr\/wp-json\/wp\/v2\/comments?post=296632"}],"version-history":[{"count":0,"href":"https:\/\/www.europesays.com\/fr\/wp-json\/wp\/v2\/posts\/296632\/revisions"}],"wp:featuredmedia":[{"embeddable":true,"href":"https:\/\/www.europesays.com\/fr\/wp-json\/wp\/v2\/media\/296405"}],"wp:attachment":[{"href":"https:\/\/www.europesays.com\/fr\/wp-json\/wp\/v2\/media?parent=296632"}],"wp:term":[{"taxonomy":"category","embeddable":true,"href":"https:\/\/www.europesays.com\/fr\/wp-json\/wp\/v2\/categories?post=296632"},{"taxonomy":"post_tag","embeddable":true,"href":"https:\/\/www.europesays.com\/fr\/wp-json\/wp\/v2\/tags?post=296632"}],"curies":[{"name":"wp","href":"https:\/\/api.w.org\/{rel}","templated":true}]}}